{"id":11359,"date":"2026-02-26T09:57:11","date_gmt":"2026-02-26T12:57:11","guid":{"rendered":"https:\/\/mcamb.eng.br\/blog\/?p=11359"},"modified":"2026-03-26T12:40:03","modified_gmt":"2026-03-26T15:40:03","slug":"framtidens-digitala-evenemang-hur-teknik-formar-var-sociala-kultur","status":"publish","type":"post","link":"https:\/\/mcamb.eng.br\/blog\/framtidens-digitala-evenemang-hur-teknik-formar-var-sociala-kultur\/","title":{"rendered":"Framtidens digitala evenemang: Hur teknik formar v\u00e5r sociala kultur"},"content":{"rendered":"<p>Den digitala transformationen har revolutionerat inte bara hur vi arbetar, utan \u00e4ven hur vi samlas och skapar gemenskap. Under de senaste \u00e5ren har anv\u00e4ndningen av digitala plattformar f\u00f6r sociala, professionella och kulturella evenemang \u00f6kat dramatiskt. Digitala evenemang har inte bara blivit ett komplement till fysiska m\u00f6ten, utan ofta ett f\u00f6retr\u00e4dande medium f\u00f6r att lokalisera, engagera och underh\u00e5lla globala m\u00e5lgrupper.<\/p>\n<h2>Den teknologiska utvecklingen och dess p\u00e5verkan p\u00e5 sociala samlingar<\/h2>\n<p>Enligt en rapport fr\u00e5n <em>European Digital Innovation Hub<\/em> f\u00f6rv\u00e4ntas marknaden f\u00f6r digitala evenemang v\u00e4xa med en \u00e5rlig takt p\u00e5 \u00f6ver <strong>20%<\/strong> fram till 2025. Faktorer som driver denna tillv\u00e4xt inkluderar f\u00f6rb\u00e4ttrade anv\u00e4ndargr\u00e4nssnitt, \u00f6kad tillg\u00e5ng till mobila enheter och innovativa plattformar som m\u00f6jligg\u00f6r mer interaktiva och personliga upplevelser.<\/p>\n<p><span style=\"font-weight: bold\">Teknologiska framsteg<\/span> som realtidskommunikation, VR (Virtual Reality), AR (Augmented Reality) och AI (Artificiell Intelligens) skapar nya dimensioner f\u00f6r virtuella samlingar. Dessa verktyg ger deltagarna m\u00f6jlighet att interagera s\u00f6ml\u00f6st, oavsett fysisk plats, vilket bryter ner geografiska barri\u00e4rer och m\u00f6jligg\u00f6r bredare inkludering.<\/p>\n<h2>Hur digitala verktyg f\u00f6r\u00e4ndrar planering och genomf\u00f6rande av evenemang<\/h2>\n<p>Digitala plattformar erbjuder en rad f\u00f6rdelar f\u00f6r arrang\u00f6rer, inklusive st\u00f6rre flexibilitet, kostnadseffektivitet och m\u00f6jlighet att samla en mycket st\u00f6rre publik \u00e4n vad som \u00e4r praktiskt via fysiska utrymmen. Innovativa l\u00f6sningar f\u00f6r mobil och webbapplikationer m\u00f6jligg\u00f6r dessutom anpassning och skr\u00e4ddarsydda anv\u00e4ndarupplevelser.<\/p>\n<p>N\u00e4r man unders\u00f6ker behoven f\u00f6r moderna evenemangsarrang\u00f6rer \u00e4r tillg\u00e5ng till <a href=\"https:\/\/canpartyhome.app\/sv\/\"><strong>Can Party Home webbapp f\u00f6r iOS<\/strong><\/a> n\u00e5got som skapar avtryck. Plattformen inneb\u00e4r att arrang\u00f6rer enkelt kan planera, distribuera och hantera virtuella fester, seminarier och n\u00e4tverkstr\u00e4ffar via sina Apple-enheter. Denna typ av verktyg hj\u00e4lper till att f\u00f6rena deltagare i en s\u00e4ker digital milj\u00f6 och ger m\u00f6jligheten till interaktivitet i realtid, vilket \u00e4r avg\u00f6rande f\u00f6r att f\u00f6rst\u00e4rka k\u00e4nslan av gemenskap.<\/p>\n<h2>Exempel p\u00e5 framg\u00e5ngsrika digitala eventscenarier<\/h2>\n<table>\n<thead>\n<tr>\n<th>Eventtyp<\/th>\n<th>Nyckelfunktioner<\/th>\n<th>Exempel<\/th>\n<\/tr>\n<\/thead>\n<tbody>\n<tr>\n<td>Virtuella konferenser<\/td>\n<td>Live-streams, breakout-rum, on-demand-material<\/td>\n<td>Web Summit, CES Digital Experience<\/td>\n<\/tr>\n<tr>\n<td>Online sociala sammankomster<\/td>\n<td>Interaktiva spel, fr\u00e5gestunder, chattfunktioner<\/td>\n<td>Can Party Home-evenemang<\/td>\n<\/tr>\n<tr>\n<td>Kulturella upplevelser<\/td>\n<td>Virtuella vandringar, digitala konstutst\u00e4llningar<\/td>\n<td>Virtuella museibes\u00f6k<\/td>\n<\/tr>\n<\/tbody>\n<\/table>\n<h2>Framtidsperspektiv \u2013 integrerade digitala ekosystem<\/h2>\n<p>Med fortsatt teknikutveckling f\u00f6rv\u00e4ntas framtidens digitala evenemang bli \u00e4nnu mer integrerade och anv\u00e4ndarv\u00e4nliga. Plattformar som kan erbjuda en smidig gr\u00e4nssnitt som den man hittar i Can Party Home webbapp f\u00f6r iOS visar v\u00e4gen f\u00f6r innovat\u00f6rer i branschen. Dessa verktyg str\u00e4var efter att bana v\u00e4g f\u00f6r en mer dynamisk och inkluderande digital social kultur.<\/p>\n<blockquote>\n<p>&#8220;Det \u00e4r inte l\u00e4ngre en fr\u00e5ga om att ers\u00e4tta fysiska m\u00f6ten, utan att utveckla inkorporerade digitala milj\u00f6er som f\u00f6rst\u00e4rker gemenskapen p\u00e5 nya s\u00e4tt.&#8221;<\/p>\n<\/blockquote>\n<h2>Sammanfattning: Digitala evenemang som en strategisk del av framtidens samh\u00e4lle<\/h2>\n<p>Det \u00e4r tydligt att digitala plattformar, med verktyg som den n\u00e4mnda webbappen f\u00f6r iOS, utg\u00f6r en avg\u00f6rande komponent i att forma framtidens sociala kultur. Genom att kombinera innovativ teknik med evidensbaserade metoder f\u00f6r interaktion, m\u00f6jligg\u00f6r de ett inkluderande och h\u00e5llbart s\u00e4tt att m\u00f6tas, underh\u00e5lla och samarbeta.<\/p>\n<p>F\u00f6retag, kulturinstitutioner och evenemangsarrang\u00f6rer b\u00f6r d\u00e4rf\u00f6r betona integrationen av dessa digitala l\u00f6sningar i sina strategier. Ett exempel \u00e4r att anv\u00e4nda plattformar som &lt;Can Party Home webbapp f\u00f6r iOS&gt; f\u00f6r att skapa engagerande och s\u00e4kra virtuella upplevelser som m\u00f6ter det moderna samh\u00e4llets krav p\u00e5 tillg\u00e4nglighet och interaktivitet.<\/p>\n<p>Framtiden \u00e4r digital, och den \u00e4r redan h\u00e4r \u2013 det handlar om att leda utvecklingen med expertis och en tydlig f\u00f6rst\u00e5else f\u00f6r vad som kr\u00e4vs f\u00f6r att skapa meningsfulla sociala m\u00f6ten i den virtuella v\u00e4rlden.<\/p>\n","protected":false},"excerpt":{"rendered":"<p>Den digitala transformationen har revolutionerat inte bara hur vi arbetar, utan \u00e4ven hur vi samlas och skapar gemenskap. Under de senaste \u00e5ren har anv\u00e4ndningen av digitala plattformar f\u00f6r sociala, professionella och kulturella evenemang \u00f6kat dramatiskt. Digitala evenemang har inte bara blivit ett komplement till fysiska m\u00f6ten, utan ofta ett f\u00f6retr\u00e4dande medium f\u00f6r att lokalisera, engagera [&hellip;]<\/p>\n","protected":false},"author":3,"featured_media":0,"comment_status":"open","ping_status":"open","sticky":false,"template":"","format":"standard","meta":[],"categories":[1],"tags":[],"yoast_head":"<!-- This site is optimized with the Yoast SEO plugin v20.4 - https:\/\/yoast.com\/wordpress\/plugins\/seo\/ -->\n<title>Framtidens digitala evenemang: Hur teknik formar v\u00e5r sociala kultur - MC AMB<\/title>\n<meta name=\"robots\" content=\"index, follow, max-snippet:-1, max-image-preview:large, max-video-preview:-1\" \/>\n<link rel=\"canonical\" href=\"https:\/\/mcamb.eng.br\/blog\/framtidens-digitala-evenemang-hur-teknik-formar-var-sociala-kultur\/\" \/>\n<meta property=\"og:locale\" content=\"pt_BR\" \/>\n<meta property=\"og:type\" content=\"article\" \/>\n<meta property=\"og:title\" content=\"Framtidens digitala evenemang: Hur teknik formar v\u00e5r sociala kultur - MC AMB\" \/>\n<meta property=\"og:description\" content=\"Den digitala transformationen har revolutionerat inte bara hur vi arbetar, utan \u00e4ven hur vi samlas och skapar gemenskap. Under de senaste \u00e5ren har anv\u00e4ndningen av digitala plattformar f\u00f6r sociala, professionella och kulturella evenemang \u00f6kat dramatiskt. Digitala evenemang har inte bara blivit ett komplement till fysiska m\u00f6ten, utan ofta ett f\u00f6retr\u00e4dande medium f\u00f6r att lokalisera, engagera [&hellip;]\" \/>\n<meta property=\"og:url\" content=\"https:\/\/mcamb.eng.br\/blog\/framtidens-digitala-evenemang-hur-teknik-formar-var-sociala-kultur\/\" \/>\n<meta property=\"og:site_name\" content=\"MC AMB\" \/>\n<meta property=\"article:publisher\" content=\"https:\/\/www.facebook.com\/mcambengamb\" \/>\n<meta property=\"article:published_time\" content=\"2026-02-26T12:57:11+00:00\" \/>\n<meta property=\"article:modified_time\" content=\"2026-03-26T15:40:03+00:00\" \/>\n<meta property=\"og:image\" content=\"https:\/\/mcamb.eng.br\/blog\/wp-content\/uploads\/2023\/03\/logo.webp\" \/>\n\t<meta property=\"og:image:width\" content=\"220\" \/>\n\t<meta property=\"og:image:height\" content=\"176\" \/>\n\t<meta property=\"og:image:type\" content=\"image\/webp\" \/>\n<meta name=\"author\" content=\"Felipe Fiatikoski Angelo\" \/>\n<meta name=\"twitter:card\" content=\"summary_large_image\" \/>\n<meta name=\"twitter:label1\" content=\"Escrito por\" \/>\n\t<meta name=\"twitter:data1\" content=\"Felipe Fiatikoski Angelo\" \/>\n\t<meta name=\"twitter:label2\" content=\"Est. tempo de leitura\" \/>\n\t<meta name=\"twitter:data2\" content=\"3 minutos\" \/>\n<script type=\"application\/ld+json\" class=\"yoast-schema-graph\">{\"@context\":\"https:\/\/schema.org\",\"@graph\":[{\"@type\":\"Article\",\"@id\":\"https:\/\/mcamb.eng.br\/blog\/framtidens-digitala-evenemang-hur-teknik-formar-var-sociala-kultur\/#article\",\"isPartOf\":{\"@id\":\"https:\/\/mcamb.eng.br\/blog\/framtidens-digitala-evenemang-hur-teknik-formar-var-sociala-kultur\/\"},\"author\":{\"name\":\"Felipe Fiatikoski Angelo\",\"@id\":\"https:\/\/mcamb.eng.br\/blog\/#\/schema\/person\/a442e8e8ffde488aa5d57fd80e93d314\"},\"headline\":\"Framtidens digitala evenemang: Hur teknik formar v\u00e5r sociala kultur\",\"datePublished\":\"2026-02-26T12:57:11+00:00\",\"dateModified\":\"2026-03-26T15:40:03+00:00\",\"mainEntityOfPage\":{\"@id\":\"https:\/\/mcamb.eng.br\/blog\/framtidens-digitala-evenemang-hur-teknik-formar-var-sociala-kultur\/\"},\"wordCount\":655,\"commentCount\":0,\"publisher\":{\"@id\":\"https:\/\/mcamb.eng.br\/blog\/#organization\"},\"inLanguage\":\"pt-BR\",\"potentialAction\":[{\"@type\":\"CommentAction\",\"name\":\"Comment\",\"target\":[\"https:\/\/mcamb.eng.br\/blog\/framtidens-digitala-evenemang-hur-teknik-formar-var-sociala-kultur\/#respond\"]}]},{\"@type\":\"WebPage\",\"@id\":\"https:\/\/mcamb.eng.br\/blog\/framtidens-digitala-evenemang-hur-teknik-formar-var-sociala-kultur\/\",\"url\":\"https:\/\/mcamb.eng.br\/blog\/framtidens-digitala-evenemang-hur-teknik-formar-var-sociala-kultur\/\",\"name\":\"Framtidens digitala evenemang: Hur teknik formar v\u00e5r sociala kultur - MC AMB\",\"isPartOf\":{\"@id\":\"https:\/\/mcamb.eng.br\/blog\/#website\"},\"datePublished\":\"2026-02-26T12:57:11+00:00\",\"dateModified\":\"2026-03-26T15:40:03+00:00\",\"breadcrumb\":{\"@id\":\"https:\/\/mcamb.eng.br\/blog\/framtidens-digitala-evenemang-hur-teknik-formar-var-sociala-kultur\/#breadcrumb\"},\"inLanguage\":\"pt-BR\",\"potentialAction\":[{\"@type\":\"ReadAction\",\"target\":[\"https:\/\/mcamb.eng.br\/blog\/framtidens-digitala-evenemang-hur-teknik-formar-var-sociala-kultur\/\"]}]},{\"@type\":\"BreadcrumbList\",\"@id\":\"https:\/\/mcamb.eng.br\/blog\/framtidens-digitala-evenemang-hur-teknik-formar-var-sociala-kultur\/#breadcrumb\",\"itemListElement\":[{\"@type\":\"ListItem\",\"position\":1,\"name\":\"In\u00edcio\",\"item\":\"https:\/\/mcamb.eng.br\/blog\/\"},{\"@type\":\"ListItem\",\"position\":2,\"name\":\"Framtidens digitala evenemang: Hur teknik formar v\u00e5r sociala kultur\"}]},{\"@type\":\"WebSite\",\"@id\":\"https:\/\/mcamb.eng.br\/blog\/#website\",\"url\":\"https:\/\/mcamb.eng.br\/blog\/\",\"name\":\"MC AMB\",\"description\":\"Regulariza\u00e7\u00e3o Ambiental, Topografia e Seguran\u00e7a do Trabalho\",\"publisher\":{\"@id\":\"https:\/\/mcamb.eng.br\/blog\/#organization\"},\"potentialAction\":[{\"@type\":\"SearchAction\",\"target\":{\"@type\":\"EntryPoint\",\"urlTemplate\":\"https:\/\/mcamb.eng.br\/blog\/?s={search_term_string}\"},\"query-input\":\"required name=search_term_string\"}],\"inLanguage\":\"pt-BR\"},{\"@type\":\"Organization\",\"@id\":\"https:\/\/mcamb.eng.br\/blog\/#organization\",\"name\":\"MC AMB\",\"url\":\"https:\/\/mcamb.eng.br\/blog\/\",\"logo\":{\"@type\":\"ImageObject\",\"inLanguage\":\"pt-BR\",\"@id\":\"https:\/\/mcamb.eng.br\/blog\/#\/schema\/logo\/image\/\",\"url\":\"https:\/\/mcamb.eng.br\/blog\/wp-content\/uploads\/2023\/03\/logo.webp\",\"contentUrl\":\"https:\/\/mcamb.eng.br\/blog\/wp-content\/uploads\/2023\/03\/logo.webp\",\"width\":220,\"height\":176,\"caption\":\"MC AMB\"},\"image\":{\"@id\":\"https:\/\/mcamb.eng.br\/blog\/#\/schema\/logo\/image\/\"},\"sameAs\":[\"https:\/\/www.facebook.com\/mcambengamb\",\"https:\/\/www.instagram.com\/mcambengenharia\/\"]},{\"@type\":\"Person\",\"@id\":\"https:\/\/mcamb.eng.br\/blog\/#\/schema\/person\/a442e8e8ffde488aa5d57fd80e93d314\",\"name\":\"Felipe Fiatikoski Angelo\",\"image\":{\"@type\":\"ImageObject\",\"inLanguage\":\"pt-BR\",\"@id\":\"https:\/\/mcamb.eng.br\/blog\/#\/schema\/person\/image\/\",\"url\":\"https:\/\/secure.gravatar.com\/avatar\/3ac7ccd215ee9c749dc685397b946f91?s=96&d=mm&r=g\",\"contentUrl\":\"https:\/\/secure.gravatar.com\/avatar\/3ac7ccd215ee9c749dc685397b946f91?s=96&d=mm&r=g\",\"caption\":\"Felipe Fiatikoski Angelo\"},\"url\":\"https:\/\/mcamb.eng.br\/blog\/author\/felipe\/\"}]}<\/script>\n<!-- \/ Yoast SEO plugin. -->","yoast_head_json":{"title":"Framtidens digitala evenemang: Hur teknik formar v\u00e5r sociala kultur - MC AMB","robots":{"index":"index","follow":"follow","max-snippet":"max-snippet:-1","max-image-preview":"max-image-preview:large","max-video-preview":"max-video-preview:-1"},"canonical":"https:\/\/mcamb.eng.br\/blog\/framtidens-digitala-evenemang-hur-teknik-formar-var-sociala-kultur\/","og_locale":"pt_BR","og_type":"article","og_title":"Framtidens digitala evenemang: Hur teknik formar v\u00e5r sociala kultur - MC AMB","og_description":"Den digitala transformationen har revolutionerat inte bara hur vi arbetar, utan \u00e4ven hur vi samlas och skapar gemenskap. Under de senaste \u00e5ren har anv\u00e4ndningen av digitala plattformar f\u00f6r sociala, professionella och kulturella evenemang \u00f6kat dramatiskt. Digitala evenemang har inte bara blivit ett komplement till fysiska m\u00f6ten, utan ofta ett f\u00f6retr\u00e4dande medium f\u00f6r att lokalisera, engagera [&hellip;]","og_url":"https:\/\/mcamb.eng.br\/blog\/framtidens-digitala-evenemang-hur-teknik-formar-var-sociala-kultur\/","og_site_name":"MC AMB","article_publisher":"https:\/\/www.facebook.com\/mcambengamb","article_published_time":"2026-02-26T12:57:11+00:00","article_modified_time":"2026-03-26T15:40:03+00:00","og_image":[{"width":220,"height":176,"url":"https:\/\/mcamb.eng.br\/blog\/wp-content\/uploads\/2023\/03\/logo.webp","type":"image\/webp"}],"author":"Felipe Fiatikoski Angelo","twitter_card":"summary_large_image","twitter_misc":{"Escrito por":"Felipe Fiatikoski Angelo","Est. tempo de leitura":"3 minutos"},"schema":{"@context":"https:\/\/schema.org","@graph":[{"@type":"Article","@id":"https:\/\/mcamb.eng.br\/blog\/framtidens-digitala-evenemang-hur-teknik-formar-var-sociala-kultur\/#article","isPartOf":{"@id":"https:\/\/mcamb.eng.br\/blog\/framtidens-digitala-evenemang-hur-teknik-formar-var-sociala-kultur\/"},"author":{"name":"Felipe Fiatikoski Angelo","@id":"https:\/\/mcamb.eng.br\/blog\/#\/schema\/person\/a442e8e8ffde488aa5d57fd80e93d314"},"headline":"Framtidens digitala evenemang: Hur teknik formar v\u00e5r sociala kultur","datePublished":"2026-02-26T12:57:11+00:00","dateModified":"2026-03-26T15:40:03+00:00","mainEntityOfPage":{"@id":"https:\/\/mcamb.eng.br\/blog\/framtidens-digitala-evenemang-hur-teknik-formar-var-sociala-kultur\/"},"wordCount":655,"commentCount":0,"publisher":{"@id":"https:\/\/mcamb.eng.br\/blog\/#organization"},"inLanguage":"pt-BR","potentialAction":[{"@type":"CommentAction","name":"Comment","target":["https:\/\/mcamb.eng.br\/blog\/framtidens-digitala-evenemang-hur-teknik-formar-var-sociala-kultur\/#respond"]}]},{"@type":"WebPage","@id":"https:\/\/mcamb.eng.br\/blog\/framtidens-digitala-evenemang-hur-teknik-formar-var-sociala-kultur\/","url":"https:\/\/mcamb.eng.br\/blog\/framtidens-digitala-evenemang-hur-teknik-formar-var-sociala-kultur\/","name":"Framtidens digitala evenemang: Hur teknik formar v\u00e5r sociala kultur - MC AMB","isPartOf":{"@id":"https:\/\/mcamb.eng.br\/blog\/#website"},"datePublished":"2026-02-26T12:57:11+00:00","dateModified":"2026-03-26T15:40:03+00:00","breadcrumb":{"@id":"https:\/\/mcamb.eng.br\/blog\/framtidens-digitala-evenemang-hur-teknik-formar-var-sociala-kultur\/#breadcrumb"},"inLanguage":"pt-BR","potentialAction":[{"@type":"ReadAction","target":["https:\/\/mcamb.eng.br\/blog\/framtidens-digitala-evenemang-hur-teknik-formar-var-sociala-kultur\/"]}]},{"@type":"BreadcrumbList","@id":"https:\/\/mcamb.eng.br\/blog\/framtidens-digitala-evenemang-hur-teknik-formar-var-sociala-kultur\/#breadcrumb","itemListElement":[{"@type":"ListItem","position":1,"name":"In\u00edcio","item":"https:\/\/mcamb.eng.br\/blog\/"},{"@type":"ListItem","position":2,"name":"Framtidens digitala evenemang: Hur teknik formar v\u00e5r sociala kultur"}]},{"@type":"WebSite","@id":"https:\/\/mcamb.eng.br\/blog\/#website","url":"https:\/\/mcamb.eng.br\/blog\/","name":"MC AMB","description":"Regulariza\u00e7\u00e3o Ambiental, Topografia e Seguran\u00e7a do Trabalho","publisher":{"@id":"https:\/\/mcamb.eng.br\/blog\/#organization"},"potentialAction":[{"@type":"SearchAction","target":{"@type":"EntryPoint","urlTemplate":"https:\/\/mcamb.eng.br\/blog\/?s={search_term_string}"},"query-input":"required name=search_term_string"}],"inLanguage":"pt-BR"},{"@type":"Organization","@id":"https:\/\/mcamb.eng.br\/blog\/#organization","name":"MC AMB","url":"https:\/\/mcamb.eng.br\/blog\/","logo":{"@type":"ImageObject","inLanguage":"pt-BR","@id":"https:\/\/mcamb.eng.br\/blog\/#\/schema\/logo\/image\/","url":"https:\/\/mcamb.eng.br\/blog\/wp-content\/uploads\/2023\/03\/logo.webp","contentUrl":"https:\/\/mcamb.eng.br\/blog\/wp-content\/uploads\/2023\/03\/logo.webp","width":220,"height":176,"caption":"MC AMB"},"image":{"@id":"https:\/\/mcamb.eng.br\/blog\/#\/schema\/logo\/image\/"},"sameAs":["https:\/\/www.facebook.com\/mcambengamb","https:\/\/www.instagram.com\/mcambengenharia\/"]},{"@type":"Person","@id":"https:\/\/mcamb.eng.br\/blog\/#\/schema\/person\/a442e8e8ffde488aa5d57fd80e93d314","name":"Felipe Fiatikoski Angelo","image":{"@type":"ImageObject","inLanguage":"pt-BR","@id":"https:\/\/mcamb.eng.br\/blog\/#\/schema\/person\/image\/","url":"https:\/\/secure.gravatar.com\/avatar\/3ac7ccd215ee9c749dc685397b946f91?s=96&d=mm&r=g","contentUrl":"https:\/\/secure.gravatar.com\/avatar\/3ac7ccd215ee9c749dc685397b946f91?s=96&d=mm&r=g","caption":"Felipe Fiatikoski Angelo"},"url":"https:\/\/mcamb.eng.br\/blog\/author\/felipe\/"}]}},"_links":{"self":[{"href":"https:\/\/mcamb.eng.br\/blog\/wp-json\/wp\/v2\/posts\/11359"}],"collection":[{"href":"https:\/\/mcamb.eng.br\/blog\/wp-json\/wp\/v2\/posts"}],"about":[{"href":"https:\/\/mcamb.eng.br\/blog\/wp-json\/wp\/v2\/types\/post"}],"author":[{"embeddable":true,"href":"https:\/\/mcamb.eng.br\/blog\/wp-json\/wp\/v2\/users\/3"}],"replies":[{"embeddable":true,"href":"https:\/\/mcamb.eng.br\/blog\/wp-json\/wp\/v2\/comments?post=11359"}],"version-history":[{"count":1,"href":"https:\/\/mcamb.eng.br\/blog\/wp-json\/wp\/v2\/posts\/11359\/revisions"}],"predecessor-version":[{"id":11360,"href":"https:\/\/mcamb.eng.br\/blog\/wp-json\/wp\/v2\/posts\/11359\/revisions\/11360"}],"wp:attachment":[{"href":"https:\/\/mcamb.eng.br\/blog\/wp-json\/wp\/v2\/media?parent=11359"}],"wp:term":[{"taxonomy":"category","embeddable":true,"href":"https:\/\/mcamb.eng.br\/blog\/wp-json\/wp\/v2\/categories?post=11359"},{"taxonomy":"post_tag","embeddable":true,"href":"https:\/\/mcamb.eng.br\/blog\/wp-json\/wp\/v2\/tags?post=11359"}],"curies":[{"name":"wp","href":"https:\/\/api.w.org\/{rel}","templated":true}]}}