{"id":11487,"date":"2026-03-07T13:43:41","date_gmt":"2026-03-07T16:43:41","guid":{"rendered":"https:\/\/mcamb.eng.br\/blog\/?p=11487"},"modified":"2026-03-27T02:38:59","modified_gmt":"2026-03-27T05:38:59","slug":"reinventer-la-gestion-de-la-mobilite-urbaine-a-l-ere-numerique","status":"publish","type":"post","link":"https:\/\/mcamb.eng.br\/blog\/reinventer-la-gestion-de-la-mobilite-urbaine-a-l-ere-numerique\/","title":{"rendered":"R\u00e9inventer la gestion de la mobilit\u00e9 urbaine \u00e0 l&#8217;\u00e8re num\u00e9rique"},"content":{"rendered":"<p>La mobilit\u00e9 urbaine est en pleine transformation, port\u00e9e par l&#8217;\u00e9volution technologique et les d\u00e9fis environnementaux. Alors que de nombreuses villes cherchent des solutions pour r\u00e9duire leur empreinte carbone et am\u00e9liorer la qualit\u00e9 de vie de leurs habitants, la digitalisation joue un r\u00f4le d\u00e9terminant dans cette r\u00e9volution. Parmi les innovations \u00e9mergentes, les plateformes de gestion de la mobilit\u00e9, facilitant la coordination entre diff\u00e9rents modes de transport, deviennent cruciales. <\/p>\n<div class=\"section\" id=\"contexte-mondial\">\n<h2>Un contexte mondial en mutation<\/h2>\n<p>Selon un rapport de l\u2019<em>International Transport Forum<\/em>, la demande mondiale en mobilit\u00e9 a augment\u00e9 de +60 % entre 2000 et 2019, avec une croissance particuli\u00e8rement soutenue dans les m\u00e9tropoles en d\u00e9veloppement. Or, cette croissance s&#8217;accompagne d&#8217;une congestion accrue, de pollution de l&#8217;air et de risques accrus pour la s\u00e9curit\u00e9 routi\u00e8re \u00e0 l\u2019\u00e9chelle mondiale. Face \u00e0 ces enjeux, les acteurs publics et priv\u00e9s innovent en adoptant des solutions num\u00e9riques pour optimiser l\u2019utilisation des ressources existantes.<\/p>\n<\/div>\n<div class=\"section\" id=\"digitalisation-mobilite\">\n<h2>La digitalisation comme levier strat\u00e9gique<\/h2>\n<p>La mise en \u0153uvre de gestion intelligente des flux de d\u00e9placement repose sur des plateformes num\u00e9riques int\u00e9gr\u00e9es. Ces plateformes permettent la collecte, l\u2019analyse en temps r\u00e9el, et la coordination efficace de diff\u00e9rents modes de transport : v\u00e9los en libre-service, v\u00e9hicules \u00e9lectriques, transports publics, covoiturage, et autres solutions \u00e9mergentes. Avec le d\u00e9veloppement d\u2019outils mobiles, les usagers peuvent d\u00e9sormais planifier leur itin\u00e9raire, r\u00e9server un service ou encore suivre en direct la disponibilit\u00e9 de v\u00e9hicules, contribuant \u00e0 une exp\u00e9rience utilisateur fluide et intuitive.<\/p>\n<\/div>\n<div class=\"section\" id=\"exemple-plateforme\">\n<h2>\u00c9tude de cas : une plateforme innovante au service de la mobilit\u00e9<\/h2>\n<p>Un exemple majeur de cette int\u00e9gration est illustr\u00e9 par des solutions telles que <a href=\"https:\/\/golisimo.app\/fr\/\"><strong>golisimo connexion<\/strong><\/a>. En adoptant ce type de plateforme, les gestionnaires urbains peuvent centraliser la gestion de plusieurs modes de transport, renforcer la s\u00e9curit\u00e9 par la v\u00e9rification des moyens et favoriser une utilisation plus durable et responsable des infrastructures. La simplicit\u00e9 de la connexion utilisateur, notamment via une interface native et fiable, est essentielle pour maximiser l\u2019engagement et l\u2019efficacit\u00e9 du syst\u00e8me.<\/p>\n<p>Les avantages sont multiples :<\/p>\n<ul>\n<li>Optimisation des flux en temps r\u00e9el<\/li>\n<li>R\u00e9duction des temps d\u2019attente<\/li>\n<li>Am\u00e9lioration de la s\u00e9curit\u00e9<\/li>\n<li>Encouragement \u00e0 des modes de d\u00e9placement durables<\/li>\n<\/ul>\n<\/div>\n<div class=\"section\" id=\"enjeux-epistemologiques\">\n<h2>Impacts sur l\u2019organisation urbaine et strat\u00e9gique<\/h2>\n<p>\u00c0 une \u00e9chelle plus large, la digitalisation favorise aussi une meilleure planification urbaine. Les donn\u00e9es agr\u00e9g\u00e9es permettent aux autorit\u00e9s de mod\u00e9liser les flux, d\u2019anticiper les pics de congestion, et d\u2019ajuster les politiques de mobilit\u00e9 en cons\u00e9quence. Un syst\u00e8me int\u00e9gr\u00e9, fiable et s\u00e9curis\u00e9, repr\u00e9sent\u00e9 notamment par des solutions telles que golisimo connexion, devient alors un catalyseur pour une gestion adaptative et proactive des mobilit\u00e9s.<\/p>\n<\/div>\n<div class=\"section\" id=\"avenir-mobilite\">\n<h2>Les perspectives pour un avenir dynamique<\/h2>\n<p>Alors que la transformation num\u00e9rique s\u2019acc\u00e9l\u00e8re, plusieurs d\u00e9fis persistent, notamment la protection des donn\u00e9es personnelles, l\u2019interop\u00e9rabilit\u00e9 des syst\u00e8mes, et l\u2019accessibilit\u00e9 pour tous. Cependant, il ne fait aucun doute que ces innovations fa\u00e7onnent une nouvelle g\u00e9n\u00e9ration de villes intelligentes, o\u00f9 la mobilit\u00e9 n\u2019est plus un enjeu isol\u00e9 mais une composante int\u00e9gr\u00e9e de l\u2019exp\u00e9rience urbaine quotidienne.<\/p>\n<p><em>Investir dans ces solutions technologiques, notamment en consolidant les plateformes telles que golisimo connexion, repr\u00e9sente une \u00e9tape essentielle vers une mobilit\u00e9 plus durable, plus s\u00fbre et plus inclusive.<\/em><\/p>\n<\/div>\n<div class=\"call-out\">\n<h2>\u00c0 retenir<\/h2>\n<p>La gestion moderne de la mobilit\u00e9 urbaine repose d\u00e9sormais sur des plateformes num\u00e9riques qui facilitent la coordination, renforcent la s\u00e9curit\u00e9 et encouragent la durabilit\u00e9. Avec des solutions comme golisimo connexion, les villes peuvent op\u00e9rer une transformation strat\u00e9gique dans leur approche de la mobilit\u00e9, r\u00e9glant ainsi un enjeu majeur de nos soci\u00e9t\u00e9s modernes.<\/p>\n<\/div>\n","protected":false},"excerpt":{"rendered":"<p>La mobilit\u00e9 urbaine est en pleine transformation, port\u00e9e par l&#8217;\u00e9volution technologique et les d\u00e9fis environnementaux. Alors que de nombreuses villes cherchent des solutions pour r\u00e9duire leur empreinte carbone et am\u00e9liorer la qualit\u00e9 de vie de leurs habitants, la digitalisation joue un r\u00f4le d\u00e9terminant dans cette r\u00e9volution. Parmi les innovations \u00e9mergentes, les plateformes de gestion de [&hellip;]<\/p>\n","protected":false},"author":3,"featured_media":0,"comment_status":"open","ping_status":"open","sticky":false,"template":"","format":"standard","meta":[],"categories":[1],"tags":[],"yoast_head":"<!-- This site is optimized with the Yoast SEO plugin v20.4 - https:\/\/yoast.com\/wordpress\/plugins\/seo\/ -->\n<title>R\u00e9inventer la gestion de la mobilit\u00e9 urbaine \u00e0 l&#039;\u00e8re num\u00e9rique - MC AMB<\/title>\n<meta name=\"robots\" content=\"index, follow, max-snippet:-1, max-image-preview:large, max-video-preview:-1\" \/>\n<link rel=\"canonical\" href=\"https:\/\/mcamb.eng.br\/blog\/reinventer-la-gestion-de-la-mobilite-urbaine-a-l-ere-numerique\/\" \/>\n<meta property=\"og:locale\" content=\"pt_BR\" \/>\n<meta property=\"og:type\" content=\"article\" \/>\n<meta property=\"og:title\" content=\"R\u00e9inventer la gestion de la mobilit\u00e9 urbaine \u00e0 l&#039;\u00e8re num\u00e9rique - MC AMB\" \/>\n<meta property=\"og:description\" content=\"La mobilit\u00e9 urbaine est en pleine transformation, port\u00e9e par l&#8217;\u00e9volution technologique et les d\u00e9fis environnementaux. Alors que de nombreuses villes cherchent des solutions pour r\u00e9duire leur empreinte carbone et am\u00e9liorer la qualit\u00e9 de vie de leurs habitants, la digitalisation joue un r\u00f4le d\u00e9terminant dans cette r\u00e9volution. Parmi les innovations \u00e9mergentes, les plateformes de gestion de [&hellip;]\" \/>\n<meta property=\"og:url\" content=\"https:\/\/mcamb.eng.br\/blog\/reinventer-la-gestion-de-la-mobilite-urbaine-a-l-ere-numerique\/\" \/>\n<meta property=\"og:site_name\" content=\"MC AMB\" \/>\n<meta property=\"article:publisher\" content=\"https:\/\/www.facebook.com\/mcambengamb\" \/>\n<meta property=\"article:published_time\" content=\"2026-03-07T16:43:41+00:00\" \/>\n<meta property=\"article:modified_time\" content=\"2026-03-27T05:38:59+00:00\" \/>\n<meta property=\"og:image\" content=\"https:\/\/mcamb.eng.br\/blog\/wp-content\/uploads\/2023\/03\/logo.webp\" \/>\n\t<meta property=\"og:image:width\" content=\"220\" \/>\n\t<meta property=\"og:image:height\" content=\"176\" \/>\n\t<meta property=\"og:image:type\" content=\"image\/webp\" \/>\n<meta name=\"author\" content=\"Felipe Fiatikoski Angelo\" \/>\n<meta name=\"twitter:card\" content=\"summary_large_image\" \/>\n<meta name=\"twitter:label1\" content=\"Escrito por\" \/>\n\t<meta name=\"twitter:data1\" content=\"Felipe Fiatikoski Angelo\" \/>\n\t<meta name=\"twitter:label2\" content=\"Est. tempo de leitura\" \/>\n\t<meta name=\"twitter:data2\" content=\"3 minutos\" \/>\n<script type=\"application\/ld+json\" class=\"yoast-schema-graph\">{\"@context\":\"https:\/\/schema.org\",\"@graph\":[{\"@type\":\"Article\",\"@id\":\"https:\/\/mcamb.eng.br\/blog\/reinventer-la-gestion-de-la-mobilite-urbaine-a-l-ere-numerique\/#article\",\"isPartOf\":{\"@id\":\"https:\/\/mcamb.eng.br\/blog\/reinventer-la-gestion-de-la-mobilite-urbaine-a-l-ere-numerique\/\"},\"author\":{\"name\":\"Felipe Fiatikoski Angelo\",\"@id\":\"https:\/\/mcamb.eng.br\/blog\/#\/schema\/person\/a442e8e8ffde488aa5d57fd80e93d314\"},\"headline\":\"R\u00e9inventer la gestion de la mobilit\u00e9 urbaine \u00e0 l&#8217;\u00e8re num\u00e9rique\",\"datePublished\":\"2026-03-07T16:43:41+00:00\",\"dateModified\":\"2026-03-27T05:38:59+00:00\",\"mainEntityOfPage\":{\"@id\":\"https:\/\/mcamb.eng.br\/blog\/reinventer-la-gestion-de-la-mobilite-urbaine-a-l-ere-numerique\/\"},\"wordCount\":646,\"commentCount\":0,\"publisher\":{\"@id\":\"https:\/\/mcamb.eng.br\/blog\/#organization\"},\"inLanguage\":\"pt-BR\",\"potentialAction\":[{\"@type\":\"CommentAction\",\"name\":\"Comment\",\"target\":[\"https:\/\/mcamb.eng.br\/blog\/reinventer-la-gestion-de-la-mobilite-urbaine-a-l-ere-numerique\/#respond\"]}]},{\"@type\":\"WebPage\",\"@id\":\"https:\/\/mcamb.eng.br\/blog\/reinventer-la-gestion-de-la-mobilite-urbaine-a-l-ere-numerique\/\",\"url\":\"https:\/\/mcamb.eng.br\/blog\/reinventer-la-gestion-de-la-mobilite-urbaine-a-l-ere-numerique\/\",\"name\":\"R\u00e9inventer la gestion de la mobilit\u00e9 urbaine \u00e0 l'\u00e8re num\u00e9rique - MC AMB\",\"isPartOf\":{\"@id\":\"https:\/\/mcamb.eng.br\/blog\/#website\"},\"datePublished\":\"2026-03-07T16:43:41+00:00\",\"dateModified\":\"2026-03-27T05:38:59+00:00\",\"breadcrumb\":{\"@id\":\"https:\/\/mcamb.eng.br\/blog\/reinventer-la-gestion-de-la-mobilite-urbaine-a-l-ere-numerique\/#breadcrumb\"},\"inLanguage\":\"pt-BR\",\"potentialAction\":[{\"@type\":\"ReadAction\",\"target\":[\"https:\/\/mcamb.eng.br\/blog\/reinventer-la-gestion-de-la-mobilite-urbaine-a-l-ere-numerique\/\"]}]},{\"@type\":\"BreadcrumbList\",\"@id\":\"https:\/\/mcamb.eng.br\/blog\/reinventer-la-gestion-de-la-mobilite-urbaine-a-l-ere-numerique\/#breadcrumb\",\"itemListElement\":[{\"@type\":\"ListItem\",\"position\":1,\"name\":\"In\u00edcio\",\"item\":\"https:\/\/mcamb.eng.br\/blog\/\"},{\"@type\":\"ListItem\",\"position\":2,\"name\":\"R\u00e9inventer la gestion de la mobilit\u00e9 urbaine \u00e0 l&#8217;\u00e8re num\u00e9rique\"}]},{\"@type\":\"WebSite\",\"@id\":\"https:\/\/mcamb.eng.br\/blog\/#website\",\"url\":\"https:\/\/mcamb.eng.br\/blog\/\",\"name\":\"MC AMB\",\"description\":\"Regulariza\u00e7\u00e3o Ambiental, Topografia e Seguran\u00e7a do Trabalho\",\"publisher\":{\"@id\":\"https:\/\/mcamb.eng.br\/blog\/#organization\"},\"potentialAction\":[{\"@type\":\"SearchAction\",\"target\":{\"@type\":\"EntryPoint\",\"urlTemplate\":\"https:\/\/mcamb.eng.br\/blog\/?s={search_term_string}\"},\"query-input\":\"required name=search_term_string\"}],\"inLanguage\":\"pt-BR\"},{\"@type\":\"Organization\",\"@id\":\"https:\/\/mcamb.eng.br\/blog\/#organization\",\"name\":\"MC AMB\",\"url\":\"https:\/\/mcamb.eng.br\/blog\/\",\"logo\":{\"@type\":\"ImageObject\",\"inLanguage\":\"pt-BR\",\"@id\":\"https:\/\/mcamb.eng.br\/blog\/#\/schema\/logo\/image\/\",\"url\":\"https:\/\/mcamb.eng.br\/blog\/wp-content\/uploads\/2023\/03\/logo.webp\",\"contentUrl\":\"https:\/\/mcamb.eng.br\/blog\/wp-content\/uploads\/2023\/03\/logo.webp\",\"width\":220,\"height\":176,\"caption\":\"MC AMB\"},\"image\":{\"@id\":\"https:\/\/mcamb.eng.br\/blog\/#\/schema\/logo\/image\/\"},\"sameAs\":[\"https:\/\/www.facebook.com\/mcambengamb\",\"https:\/\/www.instagram.com\/mcambengenharia\/\"]},{\"@type\":\"Person\",\"@id\":\"https:\/\/mcamb.eng.br\/blog\/#\/schema\/person\/a442e8e8ffde488aa5d57fd80e93d314\",\"name\":\"Felipe Fiatikoski Angelo\",\"image\":{\"@type\":\"ImageObject\",\"inLanguage\":\"pt-BR\",\"@id\":\"https:\/\/mcamb.eng.br\/blog\/#\/schema\/person\/image\/\",\"url\":\"https:\/\/secure.gravatar.com\/avatar\/3ac7ccd215ee9c749dc685397b946f91?s=96&d=mm&r=g\",\"contentUrl\":\"https:\/\/secure.gravatar.com\/avatar\/3ac7ccd215ee9c749dc685397b946f91?s=96&d=mm&r=g\",\"caption\":\"Felipe Fiatikoski Angelo\"},\"url\":\"https:\/\/mcamb.eng.br\/blog\/author\/felipe\/\"}]}<\/script>\n<!-- \/ Yoast SEO plugin. -->","yoast_head_json":{"title":"R\u00e9inventer la gestion de la mobilit\u00e9 urbaine \u00e0 l'\u00e8re num\u00e9rique - MC AMB","robots":{"index":"index","follow":"follow","max-snippet":"max-snippet:-1","max-image-preview":"max-image-preview:large","max-video-preview":"max-video-preview:-1"},"canonical":"https:\/\/mcamb.eng.br\/blog\/reinventer-la-gestion-de-la-mobilite-urbaine-a-l-ere-numerique\/","og_locale":"pt_BR","og_type":"article","og_title":"R\u00e9inventer la gestion de la mobilit\u00e9 urbaine \u00e0 l'\u00e8re num\u00e9rique - MC AMB","og_description":"La mobilit\u00e9 urbaine est en pleine transformation, port\u00e9e par l&#8217;\u00e9volution technologique et les d\u00e9fis environnementaux. Alors que de nombreuses villes cherchent des solutions pour r\u00e9duire leur empreinte carbone et am\u00e9liorer la qualit\u00e9 de vie de leurs habitants, la digitalisation joue un r\u00f4le d\u00e9terminant dans cette r\u00e9volution. Parmi les innovations \u00e9mergentes, les plateformes de gestion de [&hellip;]","og_url":"https:\/\/mcamb.eng.br\/blog\/reinventer-la-gestion-de-la-mobilite-urbaine-a-l-ere-numerique\/","og_site_name":"MC AMB","article_publisher":"https:\/\/www.facebook.com\/mcambengamb","article_published_time":"2026-03-07T16:43:41+00:00","article_modified_time":"2026-03-27T05:38:59+00:00","og_image":[{"width":220,"height":176,"url":"https:\/\/mcamb.eng.br\/blog\/wp-content\/uploads\/2023\/03\/logo.webp","type":"image\/webp"}],"author":"Felipe Fiatikoski Angelo","twitter_card":"summary_large_image","twitter_misc":{"Escrito por":"Felipe Fiatikoski Angelo","Est. tempo de leitura":"3 minutos"},"schema":{"@context":"https:\/\/schema.org","@graph":[{"@type":"Article","@id":"https:\/\/mcamb.eng.br\/blog\/reinventer-la-gestion-de-la-mobilite-urbaine-a-l-ere-numerique\/#article","isPartOf":{"@id":"https:\/\/mcamb.eng.br\/blog\/reinventer-la-gestion-de-la-mobilite-urbaine-a-l-ere-numerique\/"},"author":{"name":"Felipe Fiatikoski Angelo","@id":"https:\/\/mcamb.eng.br\/blog\/#\/schema\/person\/a442e8e8ffde488aa5d57fd80e93d314"},"headline":"R\u00e9inventer la gestion de la mobilit\u00e9 urbaine \u00e0 l&#8217;\u00e8re num\u00e9rique","datePublished":"2026-03-07T16:43:41+00:00","dateModified":"2026-03-27T05:38:59+00:00","mainEntityOfPage":{"@id":"https:\/\/mcamb.eng.br\/blog\/reinventer-la-gestion-de-la-mobilite-urbaine-a-l-ere-numerique\/"},"wordCount":646,"commentCount":0,"publisher":{"@id":"https:\/\/mcamb.eng.br\/blog\/#organization"},"inLanguage":"pt-BR","potentialAction":[{"@type":"CommentAction","name":"Comment","target":["https:\/\/mcamb.eng.br\/blog\/reinventer-la-gestion-de-la-mobilite-urbaine-a-l-ere-numerique\/#respond"]}]},{"@type":"WebPage","@id":"https:\/\/mcamb.eng.br\/blog\/reinventer-la-gestion-de-la-mobilite-urbaine-a-l-ere-numerique\/","url":"https:\/\/mcamb.eng.br\/blog\/reinventer-la-gestion-de-la-mobilite-urbaine-a-l-ere-numerique\/","name":"R\u00e9inventer la gestion de la mobilit\u00e9 urbaine \u00e0 l'\u00e8re num\u00e9rique - MC AMB","isPartOf":{"@id":"https:\/\/mcamb.eng.br\/blog\/#website"},"datePublished":"2026-03-07T16:43:41+00:00","dateModified":"2026-03-27T05:38:59+00:00","breadcrumb":{"@id":"https:\/\/mcamb.eng.br\/blog\/reinventer-la-gestion-de-la-mobilite-urbaine-a-l-ere-numerique\/#breadcrumb"},"inLanguage":"pt-BR","potentialAction":[{"@type":"ReadAction","target":["https:\/\/mcamb.eng.br\/blog\/reinventer-la-gestion-de-la-mobilite-urbaine-a-l-ere-numerique\/"]}]},{"@type":"BreadcrumbList","@id":"https:\/\/mcamb.eng.br\/blog\/reinventer-la-gestion-de-la-mobilite-urbaine-a-l-ere-numerique\/#breadcrumb","itemListElement":[{"@type":"ListItem","position":1,"name":"In\u00edcio","item":"https:\/\/mcamb.eng.br\/blog\/"},{"@type":"ListItem","position":2,"name":"R\u00e9inventer la gestion de la mobilit\u00e9 urbaine \u00e0 l&#8217;\u00e8re num\u00e9rique"}]},{"@type":"WebSite","@id":"https:\/\/mcamb.eng.br\/blog\/#website","url":"https:\/\/mcamb.eng.br\/blog\/","name":"MC AMB","description":"Regulariza\u00e7\u00e3o Ambiental, Topografia e Seguran\u00e7a do Trabalho","publisher":{"@id":"https:\/\/mcamb.eng.br\/blog\/#organization"},"potentialAction":[{"@type":"SearchAction","target":{"@type":"EntryPoint","urlTemplate":"https:\/\/mcamb.eng.br\/blog\/?s={search_term_string}"},"query-input":"required name=search_term_string"}],"inLanguage":"pt-BR"},{"@type":"Organization","@id":"https:\/\/mcamb.eng.br\/blog\/#organization","name":"MC AMB","url":"https:\/\/mcamb.eng.br\/blog\/","logo":{"@type":"ImageObject","inLanguage":"pt-BR","@id":"https:\/\/mcamb.eng.br\/blog\/#\/schema\/logo\/image\/","url":"https:\/\/mcamb.eng.br\/blog\/wp-content\/uploads\/2023\/03\/logo.webp","contentUrl":"https:\/\/mcamb.eng.br\/blog\/wp-content\/uploads\/2023\/03\/logo.webp","width":220,"height":176,"caption":"MC AMB"},"image":{"@id":"https:\/\/mcamb.eng.br\/blog\/#\/schema\/logo\/image\/"},"sameAs":["https:\/\/www.facebook.com\/mcambengamb","https:\/\/www.instagram.com\/mcambengenharia\/"]},{"@type":"Person","@id":"https:\/\/mcamb.eng.br\/blog\/#\/schema\/person\/a442e8e8ffde488aa5d57fd80e93d314","name":"Felipe Fiatikoski Angelo","image":{"@type":"ImageObject","inLanguage":"pt-BR","@id":"https:\/\/mcamb.eng.br\/blog\/#\/schema\/person\/image\/","url":"https:\/\/secure.gravatar.com\/avatar\/3ac7ccd215ee9c749dc685397b946f91?s=96&d=mm&r=g","contentUrl":"https:\/\/secure.gravatar.com\/avatar\/3ac7ccd215ee9c749dc685397b946f91?s=96&d=mm&r=g","caption":"Felipe Fiatikoski Angelo"},"url":"https:\/\/mcamb.eng.br\/blog\/author\/felipe\/"}]}},"_links":{"self":[{"href":"https:\/\/mcamb.eng.br\/blog\/wp-json\/wp\/v2\/posts\/11487"}],"collection":[{"href":"https:\/\/mcamb.eng.br\/blog\/wp-json\/wp\/v2\/posts"}],"about":[{"href":"https:\/\/mcamb.eng.br\/blog\/wp-json\/wp\/v2\/types\/post"}],"author":[{"embeddable":true,"href":"https:\/\/mcamb.eng.br\/blog\/wp-json\/wp\/v2\/users\/3"}],"replies":[{"embeddable":true,"href":"https:\/\/mcamb.eng.br\/blog\/wp-json\/wp\/v2\/comments?post=11487"}],"version-history":[{"count":1,"href":"https:\/\/mcamb.eng.br\/blog\/wp-json\/wp\/v2\/posts\/11487\/revisions"}],"predecessor-version":[{"id":11488,"href":"https:\/\/mcamb.eng.br\/blog\/wp-json\/wp\/v2\/posts\/11487\/revisions\/11488"}],"wp:attachment":[{"href":"https:\/\/mcamb.eng.br\/blog\/wp-json\/wp\/v2\/media?parent=11487"}],"wp:term":[{"taxonomy":"category","embeddable":true,"href":"https:\/\/mcamb.eng.br\/blog\/wp-json\/wp\/v2\/categories?post=11487"},{"taxonomy":"post_tag","embeddable":true,"href":"https:\/\/mcamb.eng.br\/blog\/wp-json\/wp\/v2\/tags?post=11487"}],"curies":[{"name":"wp","href":"https:\/\/api.w.org\/{rel}","templated":true}]}}