{"id":206,"date":"2023-05-11T14:07:29","date_gmt":"2023-05-11T17:07:29","guid":{"rendered":"https:\/\/mcamb.eng.br\/blog\/?p=206"},"modified":"2023-05-11T14:14:02","modified_gmt":"2023-05-11T17:14:02","slug":"qual-a-reserva-legal-para-imoveis-com-ate-4-modulos-fiscais","status":"publish","type":"post","link":"https:\/\/mcamb.eng.br\/blog\/qual-a-reserva-legal-para-imoveis-com-ate-4-modulos-fiscais\/","title":{"rendered":"Qual a Reserva Legal para im\u00f3veis com at\u00e9 4 m\u00f3dulos fiscais?"},"content":{"rendered":"\n<figure class=\"wp-block-image size-full is-resized\"><img decoding=\"async\" src=\"https:\/\/mcamb.eng.br\/blog\/wp-content\/uploads\/2023\/05\/imagem-para-publicidade-3092573.webp\" alt=\"\" class=\"wp-image-213\" width=\"455\" height=\"455\" srcset=\"https:\/\/mcamb.eng.br\/blog\/wp-content\/uploads\/2023\/05\/imagem-para-publicidade-3092573.webp 400w, https:\/\/mcamb.eng.br\/blog\/wp-content\/uploads\/2023\/05\/imagem-para-publicidade-3092573-300x300.webp 300w, https:\/\/mcamb.eng.br\/blog\/wp-content\/uploads\/2023\/05\/imagem-para-publicidade-3092573-150x150.webp 150w\" sizes=\"(max-width: 455px) 100vw, 455px\" \/><\/figure>\n\n\n\n<p>A Reserva Legal ser\u00e1 considerada a \u00e1rea constitu\u00edda com vegeta\u00e7\u00e3o nativa at\u00e9 22\/07\/2008. Nesse caso, o percentual ent\u00e3o existente com vegeta\u00e7\u00e3o nativa naquela data ser\u00e1 considerado a situa\u00e7\u00e3o legal.<\/p>\n\n\n\n<p>Como posso regularizar a Reserva Legal?<\/p>\n\n\n\n<p>A regulariza\u00e7\u00e3o da RL pode se dar pelas seguintes a\u00e7\u00f5es, isoladas ou conjuntamente: (I) recompor a Reserva Legal; (II) permitir a regenera\u00e7\u00e3o natural da vegeta\u00e7\u00e3o; (III) compensar a Reserva Legal.<\/p>\n\n\n\n<p>Como posso recompor a Reserva Legal?<\/p>\n\n\n\n<p>A recomposi\u00e7\u00e3o das \u00e1reas de reserva legal poder\u00e1 ser realizada mediante o plantio intercalado de esp\u00e9cies nativas e ex\u00f3ticas, em sistema agroflorestal , observados os seguintes par\u00e2metros: (I) o plantio de esp\u00e9cies ex\u00f3ticas combinado com as esp\u00e9cies nativas de ocorr\u00eancia regional; e (II) a \u00e1rea recomposta com esp\u00e9cies ex\u00f3ticas n\u00e3o poder\u00e1 exceder a cinquenta por cento da \u00e1rea total a ser recuperada. A regulariza\u00e7\u00e3o ambiental da RL tamb\u00e9m poder\u00e1 contemplar o manejo da regenera\u00e7\u00e3o natural, quando&nbsp;vi\u00e1vel.<\/p>\n\n\n\n<p>Como posso compensar a Reserva Legal?<\/p>\n\n\n\n<p>A compensa\u00e7\u00e3o da RL pode se dar por meio dos seguintes meios: (1) aquisi\u00e7\u00e3o de cotas de reserva ambiental (CRA); (2) arrendamento de \u00e1rea sob regime de servid\u00e3o ambiental ou Reserva Legal; (3) doa\u00e7\u00e3o ao poder p\u00fablico de \u00e1rea localizada no interior de Unidade de Conserva\u00e7\u00e3o de dom\u00ednio p\u00fablico pendente de regulariza\u00e7\u00e3o fundi\u00e1ria; (4) cadastramento de outra \u00e1rea equivalente e excedente \u00e0 Reserva Legal, em im\u00f3vel de mesma titularidade ou adquirida em im\u00f3vel de terceiro, com vegeta\u00e7\u00e3o nativa estabelecida, em regenera\u00e7\u00e3o ou recomposi\u00e7\u00e3o, desde que localizada no mesmo bioma.<\/p>\n\n\n\n<figure class=\"wp-block-image\"><img alt=\"\" \/><\/figure>\n\n\n\n<figure class=\"wp-block-image\"><img alt=\"\" \/><\/figure>\n\n\n\n<figure class=\"wp-block-image\"><img alt=\"\" \/><\/figure>\n\n\n\n<figure class=\"wp-block-image\"><img alt=\"\" \/><\/figure>\n","protected":false},"excerpt":{"rendered":"<p>A Reserva Legal ser\u00e1 considerada a \u00e1rea constitu\u00edda com vegeta\u00e7\u00e3o nativa at\u00e9 22\/07\/2008. Nesse caso, o percentual ent\u00e3o existente com vegeta\u00e7\u00e3o nativa naquela data ser\u00e1 considerado a situa\u00e7\u00e3o legal. Como posso regularizar a Reserva Legal? A regulariza\u00e7\u00e3o da RL pode se dar pelas seguintes a\u00e7\u00f5es, isoladas ou conjuntamente: (I) recompor a Reserva Legal; (II) permitir [&hellip;]<\/p>\n","protected":false},"author":3,"featured_media":0,"comment_status":"open","ping_status":"open","sticky":false,"template":"","format":"standard","meta":[],"categories":[1],"tags":[],"yoast_head":"<!-- This site is optimized with the Yoast SEO plugin v20.4 - https:\/\/yoast.com\/wordpress\/plugins\/seo\/ -->\n<title>Qual a Reserva Legal para im\u00f3veis com at\u00e9 4 m\u00f3dulos fiscais? - MC AMB<\/title>\n<meta name=\"robots\" content=\"index, follow, max-snippet:-1, max-image-preview:large, max-video-preview:-1\" \/>\n<link rel=\"canonical\" href=\"https:\/\/mcamb.eng.br\/blog\/qual-a-reserva-legal-para-imoveis-com-ate-4-modulos-fiscais\/\" \/>\n<meta property=\"og:locale\" content=\"pt_BR\" \/>\n<meta property=\"og:type\" content=\"article\" \/>\n<meta property=\"og:title\" content=\"Qual a Reserva Legal para im\u00f3veis com at\u00e9 4 m\u00f3dulos fiscais? - MC AMB\" \/>\n<meta property=\"og:description\" content=\"A Reserva Legal ser\u00e1 considerada a \u00e1rea constitu\u00edda com vegeta\u00e7\u00e3o nativa at\u00e9 22\/07\/2008. Nesse caso, o percentual ent\u00e3o existente com vegeta\u00e7\u00e3o nativa naquela data ser\u00e1 considerado a situa\u00e7\u00e3o legal. Como posso regularizar a Reserva Legal? A regulariza\u00e7\u00e3o da RL pode se dar pelas seguintes a\u00e7\u00f5es, isoladas ou conjuntamente: (I) recompor a Reserva Legal; (II) permitir [&hellip;]\" \/>\n<meta property=\"og:url\" content=\"https:\/\/mcamb.eng.br\/blog\/qual-a-reserva-legal-para-imoveis-com-ate-4-modulos-fiscais\/\" \/>\n<meta property=\"og:site_name\" content=\"MC AMB\" \/>\n<meta property=\"article:publisher\" content=\"https:\/\/www.facebook.com\/mcambengamb\" \/>\n<meta property=\"article:published_time\" content=\"2023-05-11T17:07:29+00:00\" \/>\n<meta property=\"article:modified_time\" content=\"2023-05-11T17:14:02+00:00\" \/>\n<meta property=\"og:image\" content=\"https:\/\/mcamb.eng.br\/blog\/wp-content\/uploads\/2023\/05\/imagem-para-publicidade-3092573.webp\" \/>\n<meta name=\"author\" content=\"Felipe Fiatikoski Angelo\" \/>\n<meta name=\"twitter:card\" content=\"summary_large_image\" \/>\n<meta name=\"twitter:label1\" content=\"Escrito por\" \/>\n\t<meta name=\"twitter:data1\" content=\"Felipe Fiatikoski Angelo\" \/>\n\t<meta name=\"twitter:label2\" content=\"Est. tempo de leitura\" \/>\n\t<meta name=\"twitter:data2\" content=\"1 minuto\" \/>\n<script type=\"application\/ld+json\" class=\"yoast-schema-graph\">{\"@context\":\"https:\/\/schema.org\",\"@graph\":[{\"@type\":\"Article\",\"@id\":\"https:\/\/mcamb.eng.br\/blog\/qual-a-reserva-legal-para-imoveis-com-ate-4-modulos-fiscais\/#article\",\"isPartOf\":{\"@id\":\"https:\/\/mcamb.eng.br\/blog\/qual-a-reserva-legal-para-imoveis-com-ate-4-modulos-fiscais\/\"},\"author\":{\"name\":\"Felipe Fiatikoski Angelo\",\"@id\":\"https:\/\/mcamb.eng.br\/blog\/#\/schema\/person\/a442e8e8ffde488aa5d57fd80e93d314\"},\"headline\":\"Qual a Reserva Legal para im\u00f3veis com at\u00e9 4 m\u00f3dulos fiscais?\",\"datePublished\":\"2023-05-11T17:07:29+00:00\",\"dateModified\":\"2023-05-11T17:14:02+00:00\",\"mainEntityOfPage\":{\"@id\":\"https:\/\/mcamb.eng.br\/blog\/qual-a-reserva-legal-para-imoveis-com-ate-4-modulos-fiscais\/\"},\"wordCount\":288,\"commentCount\":0,\"publisher\":{\"@id\":\"https:\/\/mcamb.eng.br\/blog\/#organization\"},\"inLanguage\":\"pt-BR\",\"potentialAction\":[{\"@type\":\"CommentAction\",\"name\":\"Comment\",\"target\":[\"https:\/\/mcamb.eng.br\/blog\/qual-a-reserva-legal-para-imoveis-com-ate-4-modulos-fiscais\/#respond\"]}]},{\"@type\":\"WebPage\",\"@id\":\"https:\/\/mcamb.eng.br\/blog\/qual-a-reserva-legal-para-imoveis-com-ate-4-modulos-fiscais\/\",\"url\":\"https:\/\/mcamb.eng.br\/blog\/qual-a-reserva-legal-para-imoveis-com-ate-4-modulos-fiscais\/\",\"name\":\"Qual a Reserva Legal para im\u00f3veis com at\u00e9 4 m\u00f3dulos fiscais? - MC AMB\",\"isPartOf\":{\"@id\":\"https:\/\/mcamb.eng.br\/blog\/#website\"},\"datePublished\":\"2023-05-11T17:07:29+00:00\",\"dateModified\":\"2023-05-11T17:14:02+00:00\",\"breadcrumb\":{\"@id\":\"https:\/\/mcamb.eng.br\/blog\/qual-a-reserva-legal-para-imoveis-com-ate-4-modulos-fiscais\/#breadcrumb\"},\"inLanguage\":\"pt-BR\",\"potentialAction\":[{\"@type\":\"ReadAction\",\"target\":[\"https:\/\/mcamb.eng.br\/blog\/qual-a-reserva-legal-para-imoveis-com-ate-4-modulos-fiscais\/\"]}]},{\"@type\":\"BreadcrumbList\",\"@id\":\"https:\/\/mcamb.eng.br\/blog\/qual-a-reserva-legal-para-imoveis-com-ate-4-modulos-fiscais\/#breadcrumb\",\"itemListElement\":[{\"@type\":\"ListItem\",\"position\":1,\"name\":\"In\u00edcio\",\"item\":\"https:\/\/mcamb.eng.br\/blog\/\"},{\"@type\":\"ListItem\",\"position\":2,\"name\":\"Qual a Reserva Legal para im\u00f3veis com at\u00e9 4 m\u00f3dulos fiscais?\"}]},{\"@type\":\"WebSite\",\"@id\":\"https:\/\/mcamb.eng.br\/blog\/#website\",\"url\":\"https:\/\/mcamb.eng.br\/blog\/\",\"name\":\"MC AMB\",\"description\":\"Regulariza\u00e7\u00e3o Ambiental, Topografia e Seguran\u00e7a do Trabalho\",\"publisher\":{\"@id\":\"https:\/\/mcamb.eng.br\/blog\/#organization\"},\"potentialAction\":[{\"@type\":\"SearchAction\",\"target\":{\"@type\":\"EntryPoint\",\"urlTemplate\":\"https:\/\/mcamb.eng.br\/blog\/?s={search_term_string}\"},\"query-input\":\"required name=search_term_string\"}],\"inLanguage\":\"pt-BR\"},{\"@type\":\"Organization\",\"@id\":\"https:\/\/mcamb.eng.br\/blog\/#organization\",\"name\":\"MC AMB\",\"url\":\"https:\/\/mcamb.eng.br\/blog\/\",\"logo\":{\"@type\":\"ImageObject\",\"inLanguage\":\"pt-BR\",\"@id\":\"https:\/\/mcamb.eng.br\/blog\/#\/schema\/logo\/image\/\",\"url\":\"https:\/\/mcamb.eng.br\/blog\/wp-content\/uploads\/2023\/03\/logo.webp\",\"contentUrl\":\"https:\/\/mcamb.eng.br\/blog\/wp-content\/uploads\/2023\/03\/logo.webp\",\"width\":220,\"height\":176,\"caption\":\"MC AMB\"},\"image\":{\"@id\":\"https:\/\/mcamb.eng.br\/blog\/#\/schema\/logo\/image\/\"},\"sameAs\":[\"https:\/\/www.facebook.com\/mcambengamb\",\"https:\/\/www.instagram.com\/mcambengenharia\/\"]},{\"@type\":\"Person\",\"@id\":\"https:\/\/mcamb.eng.br\/blog\/#\/schema\/person\/a442e8e8ffde488aa5d57fd80e93d314\",\"name\":\"Felipe Fiatikoski Angelo\",\"image\":{\"@type\":\"ImageObject\",\"inLanguage\":\"pt-BR\",\"@id\":\"https:\/\/mcamb.eng.br\/blog\/#\/schema\/person\/image\/\",\"url\":\"https:\/\/secure.gravatar.com\/avatar\/3ac7ccd215ee9c749dc685397b946f91?s=96&d=mm&r=g\",\"contentUrl\":\"https:\/\/secure.gravatar.com\/avatar\/3ac7ccd215ee9c749dc685397b946f91?s=96&d=mm&r=g\",\"caption\":\"Felipe Fiatikoski Angelo\"},\"url\":\"https:\/\/mcamb.eng.br\/blog\/author\/felipe\/\"}]}<\/script>\n<!-- \/ Yoast SEO plugin. -->","yoast_head_json":{"title":"Qual a Reserva Legal para im\u00f3veis com at\u00e9 4 m\u00f3dulos fiscais? - MC AMB","robots":{"index":"index","follow":"follow","max-snippet":"max-snippet:-1","max-image-preview":"max-image-preview:large","max-video-preview":"max-video-preview:-1"},"canonical":"https:\/\/mcamb.eng.br\/blog\/qual-a-reserva-legal-para-imoveis-com-ate-4-modulos-fiscais\/","og_locale":"pt_BR","og_type":"article","og_title":"Qual a Reserva Legal para im\u00f3veis com at\u00e9 4 m\u00f3dulos fiscais? - MC AMB","og_description":"A Reserva Legal ser\u00e1 considerada a \u00e1rea constitu\u00edda com vegeta\u00e7\u00e3o nativa at\u00e9 22\/07\/2008. Nesse caso, o percentual ent\u00e3o existente com vegeta\u00e7\u00e3o nativa naquela data ser\u00e1 considerado a situa\u00e7\u00e3o legal. Como posso regularizar a Reserva Legal? A regulariza\u00e7\u00e3o da RL pode se dar pelas seguintes a\u00e7\u00f5es, isoladas ou conjuntamente: (I) recompor a Reserva Legal; (II) permitir [&hellip;]","og_url":"https:\/\/mcamb.eng.br\/blog\/qual-a-reserva-legal-para-imoveis-com-ate-4-modulos-fiscais\/","og_site_name":"MC AMB","article_publisher":"https:\/\/www.facebook.com\/mcambengamb","article_published_time":"2023-05-11T17:07:29+00:00","article_modified_time":"2023-05-11T17:14:02+00:00","og_image":[{"url":"https:\/\/mcamb.eng.br\/blog\/wp-content\/uploads\/2023\/05\/imagem-para-publicidade-3092573.webp"}],"author":"Felipe Fiatikoski Angelo","twitter_card":"summary_large_image","twitter_misc":{"Escrito por":"Felipe Fiatikoski Angelo","Est. tempo de leitura":"1 minuto"},"schema":{"@context":"https:\/\/schema.org","@graph":[{"@type":"Article","@id":"https:\/\/mcamb.eng.br\/blog\/qual-a-reserva-legal-para-imoveis-com-ate-4-modulos-fiscais\/#article","isPartOf":{"@id":"https:\/\/mcamb.eng.br\/blog\/qual-a-reserva-legal-para-imoveis-com-ate-4-modulos-fiscais\/"},"author":{"name":"Felipe Fiatikoski Angelo","@id":"https:\/\/mcamb.eng.br\/blog\/#\/schema\/person\/a442e8e8ffde488aa5d57fd80e93d314"},"headline":"Qual a Reserva Legal para im\u00f3veis com at\u00e9 4 m\u00f3dulos fiscais?","datePublished":"2023-05-11T17:07:29+00:00","dateModified":"2023-05-11T17:14:02+00:00","mainEntityOfPage":{"@id":"https:\/\/mcamb.eng.br\/blog\/qual-a-reserva-legal-para-imoveis-com-ate-4-modulos-fiscais\/"},"wordCount":288,"commentCount":0,"publisher":{"@id":"https:\/\/mcamb.eng.br\/blog\/#organization"},"inLanguage":"pt-BR","potentialAction":[{"@type":"CommentAction","name":"Comment","target":["https:\/\/mcamb.eng.br\/blog\/qual-a-reserva-legal-para-imoveis-com-ate-4-modulos-fiscais\/#respond"]}]},{"@type":"WebPage","@id":"https:\/\/mcamb.eng.br\/blog\/qual-a-reserva-legal-para-imoveis-com-ate-4-modulos-fiscais\/","url":"https:\/\/mcamb.eng.br\/blog\/qual-a-reserva-legal-para-imoveis-com-ate-4-modulos-fiscais\/","name":"Qual a Reserva Legal para im\u00f3veis com at\u00e9 4 m\u00f3dulos fiscais? - MC AMB","isPartOf":{"@id":"https:\/\/mcamb.eng.br\/blog\/#website"},"datePublished":"2023-05-11T17:07:29+00:00","dateModified":"2023-05-11T17:14:02+00:00","breadcrumb":{"@id":"https:\/\/mcamb.eng.br\/blog\/qual-a-reserva-legal-para-imoveis-com-ate-4-modulos-fiscais\/#breadcrumb"},"inLanguage":"pt-BR","potentialAction":[{"@type":"ReadAction","target":["https:\/\/mcamb.eng.br\/blog\/qual-a-reserva-legal-para-imoveis-com-ate-4-modulos-fiscais\/"]}]},{"@type":"BreadcrumbList","@id":"https:\/\/mcamb.eng.br\/blog\/qual-a-reserva-legal-para-imoveis-com-ate-4-modulos-fiscais\/#breadcrumb","itemListElement":[{"@type":"ListItem","position":1,"name":"In\u00edcio","item":"https:\/\/mcamb.eng.br\/blog\/"},{"@type":"ListItem","position":2,"name":"Qual a Reserva Legal para im\u00f3veis com at\u00e9 4 m\u00f3dulos fiscais?"}]},{"@type":"WebSite","@id":"https:\/\/mcamb.eng.br\/blog\/#website","url":"https:\/\/mcamb.eng.br\/blog\/","name":"MC AMB","description":"Regulariza\u00e7\u00e3o Ambiental, Topografia e Seguran\u00e7a do Trabalho","publisher":{"@id":"https:\/\/mcamb.eng.br\/blog\/#organization"},"potentialAction":[{"@type":"SearchAction","target":{"@type":"EntryPoint","urlTemplate":"https:\/\/mcamb.eng.br\/blog\/?s={search_term_string}"},"query-input":"required name=search_term_string"}],"inLanguage":"pt-BR"},{"@type":"Organization","@id":"https:\/\/mcamb.eng.br\/blog\/#organization","name":"MC AMB","url":"https:\/\/mcamb.eng.br\/blog\/","logo":{"@type":"ImageObject","inLanguage":"pt-BR","@id":"https:\/\/mcamb.eng.br\/blog\/#\/schema\/logo\/image\/","url":"https:\/\/mcamb.eng.br\/blog\/wp-content\/uploads\/2023\/03\/logo.webp","contentUrl":"https:\/\/mcamb.eng.br\/blog\/wp-content\/uploads\/2023\/03\/logo.webp","width":220,"height":176,"caption":"MC AMB"},"image":{"@id":"https:\/\/mcamb.eng.br\/blog\/#\/schema\/logo\/image\/"},"sameAs":["https:\/\/www.facebook.com\/mcambengamb","https:\/\/www.instagram.com\/mcambengenharia\/"]},{"@type":"Person","@id":"https:\/\/mcamb.eng.br\/blog\/#\/schema\/person\/a442e8e8ffde488aa5d57fd80e93d314","name":"Felipe Fiatikoski Angelo","image":{"@type":"ImageObject","inLanguage":"pt-BR","@id":"https:\/\/mcamb.eng.br\/blog\/#\/schema\/person\/image\/","url":"https:\/\/secure.gravatar.com\/avatar\/3ac7ccd215ee9c749dc685397b946f91?s=96&d=mm&r=g","contentUrl":"https:\/\/secure.gravatar.com\/avatar\/3ac7ccd215ee9c749dc685397b946f91?s=96&d=mm&r=g","caption":"Felipe Fiatikoski Angelo"},"url":"https:\/\/mcamb.eng.br\/blog\/author\/felipe\/"}]}},"_links":{"self":[{"href":"https:\/\/mcamb.eng.br\/blog\/wp-json\/wp\/v2\/posts\/206"}],"collection":[{"href":"https:\/\/mcamb.eng.br\/blog\/wp-json\/wp\/v2\/posts"}],"about":[{"href":"https:\/\/mcamb.eng.br\/blog\/wp-json\/wp\/v2\/types\/post"}],"author":[{"embeddable":true,"href":"https:\/\/mcamb.eng.br\/blog\/wp-json\/wp\/v2\/users\/3"}],"replies":[{"embeddable":true,"href":"https:\/\/mcamb.eng.br\/blog\/wp-json\/wp\/v2\/comments?post=206"}],"version-history":[{"count":4,"href":"https:\/\/mcamb.eng.br\/blog\/wp-json\/wp\/v2\/posts\/206\/revisions"}],"predecessor-version":[{"id":214,"href":"https:\/\/mcamb.eng.br\/blog\/wp-json\/wp\/v2\/posts\/206\/revisions\/214"}],"wp:attachment":[{"href":"https:\/\/mcamb.eng.br\/blog\/wp-json\/wp\/v2\/media?parent=206"}],"wp:term":[{"taxonomy":"category","embeddable":true,"href":"https:\/\/mcamb.eng.br\/blog\/wp-json\/wp\/v2\/categories?post=206"},{"taxonomy":"post_tag","embeddable":true,"href":"https:\/\/mcamb.eng.br\/blog\/wp-json\/wp\/v2\/tags?post=206"}],"curies":[{"name":"wp","href":"https:\/\/api.w.org\/{rel}","templated":true}]}}