{"id":209,"date":"2023-05-11T14:08:39","date_gmt":"2023-05-11T17:08:39","guid":{"rendered":"https:\/\/mcamb.eng.br\/blog\/?p=209"},"modified":"2023-05-11T14:22:16","modified_gmt":"2023-05-11T17:22:16","slug":"compensacao-de-reserva-legal-crl","status":"publish","type":"post","link":"https:\/\/mcamb.eng.br\/blog\/compensacao-de-reserva-legal-crl\/","title":{"rendered":"Compensa\u00e7\u00e3o de Reserva Legal (CRL)"},"content":{"rendered":"\n<figure class=\"wp-block-image size-full is-resized\"><img decoding=\"async\" src=\"https:\/\/mcamb.eng.br\/blog\/wp-content\/uploads\/2023\/05\/imagem-para-publicidade-3092573-2.webp\" alt=\"\" class=\"wp-image-218\" width=\"300\" height=\"300\" srcset=\"https:\/\/mcamb.eng.br\/blog\/wp-content\/uploads\/2023\/05\/imagem-para-publicidade-3092573-2.webp 400w, https:\/\/mcamb.eng.br\/blog\/wp-content\/uploads\/2023\/05\/imagem-para-publicidade-3092573-2-300x300.webp 300w, https:\/\/mcamb.eng.br\/blog\/wp-content\/uploads\/2023\/05\/imagem-para-publicidade-3092573-2-150x150.webp 150w\" sizes=\"(max-width: 300px) 100vw, 300px\" \/><\/figure>\n\n\n\n<p>A Reserva Legal \u00e9 uma \u00e1rea que deve ser preservada em uma propriedade rural, com a finalidade de garantir a conserva\u00e7\u00e3o da biodiversidade e dos ecossistemas locais. A porcentagem dessa \u00e1rea a ser mantida varia conforme a regi\u00e3o do pa\u00eds, mas, em geral, deve ser de no m\u00ednimo 20% da propriedade.<\/p>\n\n\n\n<p>No entanto, muitos propriet\u00e1rios rurais enfrentam dificuldades para manter essa reserva legal em suas propriedades, seja pela falta de espa\u00e7o dispon\u00edvel ou pela impossibilidade de utiliza\u00e7\u00e3o da \u00e1rea para fins produtivos. Nesse sentido, a Compensa\u00e7\u00e3o de Reserva Legal surge como uma alternativa para esses propriet\u00e1rios.<\/p>\n\n\n\n<p>A CRL permite que um propriet\u00e1rio rural que n\u00e3o consegue manter a reserva legal em sua propriedade compense essa \u00e1rea em outra propriedade que esteja em situa\u00e7\u00e3o regular, desde que esteja localizada no mesmo bioma. Ou seja, a compensa\u00e7\u00e3o deve ocorrer dentro de regi\u00f5es com a mesma caracter\u00edstica de vegeta\u00e7\u00e3o, de forma a garantir a biodiversidade&nbsp;existente daquele bioma.<\/p>\n\n\n\n<p>A Compensa\u00e7\u00e3o de Reserva Legal \u00e9 uma importante ferramenta para a regulariza\u00e7\u00e3o ambiental no pa\u00eds, pois permite que os propriet\u00e1rios rurais possam se adequar \u00e0 legisla\u00e7\u00e3o ambiental sem preju\u00edzos em suas atividades produtivas. Al\u00e9m disso, ela contribui para a conserva\u00e7\u00e3o da biodiversidade e dos ecossistemas das \u00e1reas de reserva envolvidas, garantindo a manuten\u00e7\u00e3o dos servi\u00e7os ambientais essenciais para a qualidade de vida das popula\u00e7\u00f5es.<\/p>\n","protected":false},"excerpt":{"rendered":"<p>A Reserva Legal \u00e9 uma \u00e1rea que deve ser preservada em uma propriedade rural, com a finalidade de garantir a conserva\u00e7\u00e3o da biodiversidade e dos ecossistemas locais. A porcentagem dessa \u00e1rea a ser mantida varia conforme a regi\u00e3o do pa\u00eds, mas, em geral, deve ser de no m\u00ednimo 20% da propriedade. No entanto, muitos propriet\u00e1rios [&hellip;]<\/p>\n","protected":false},"author":3,"featured_media":0,"comment_status":"open","ping_status":"open","sticky":false,"template":"","format":"standard","meta":[],"categories":[1],"tags":[],"yoast_head":"<!-- This site is optimized with the Yoast SEO plugin v20.4 - https:\/\/yoast.com\/wordpress\/plugins\/seo\/ -->\n<title>Compensa\u00e7\u00e3o de Reserva Legal (CRL) - MC AMB<\/title>\n<meta name=\"robots\" content=\"index, follow, max-snippet:-1, max-image-preview:large, max-video-preview:-1\" \/>\n<link rel=\"canonical\" href=\"https:\/\/mcamb.eng.br\/blog\/compensacao-de-reserva-legal-crl\/\" \/>\n<meta property=\"og:locale\" content=\"pt_BR\" \/>\n<meta property=\"og:type\" content=\"article\" \/>\n<meta property=\"og:title\" content=\"Compensa\u00e7\u00e3o de Reserva Legal (CRL) - MC AMB\" \/>\n<meta property=\"og:description\" content=\"A Reserva Legal \u00e9 uma \u00e1rea que deve ser preservada em uma propriedade rural, com a finalidade de garantir a conserva\u00e7\u00e3o da biodiversidade e dos ecossistemas locais. A porcentagem dessa \u00e1rea a ser mantida varia conforme a regi\u00e3o do pa\u00eds, mas, em geral, deve ser de no m\u00ednimo 20% da propriedade. No entanto, muitos propriet\u00e1rios [&hellip;]\" \/>\n<meta property=\"og:url\" content=\"https:\/\/mcamb.eng.br\/blog\/compensacao-de-reserva-legal-crl\/\" \/>\n<meta property=\"og:site_name\" content=\"MC AMB\" \/>\n<meta property=\"article:publisher\" content=\"https:\/\/www.facebook.com\/mcambengamb\" \/>\n<meta property=\"article:published_time\" content=\"2023-05-11T17:08:39+00:00\" \/>\n<meta property=\"article:modified_time\" content=\"2023-05-11T17:22:16+00:00\" \/>\n<meta property=\"og:image\" content=\"https:\/\/mcamb.eng.br\/blog\/wp-content\/uploads\/2023\/05\/imagem-para-publicidade-3092573-2.webp\" \/>\n<meta name=\"author\" content=\"Felipe Fiatikoski Angelo\" \/>\n<meta name=\"twitter:card\" content=\"summary_large_image\" \/>\n<meta name=\"twitter:label1\" content=\"Escrito por\" \/>\n\t<meta name=\"twitter:data1\" content=\"Felipe Fiatikoski Angelo\" \/>\n\t<meta name=\"twitter:label2\" content=\"Est. tempo de leitura\" \/>\n\t<meta name=\"twitter:data2\" content=\"1 minuto\" \/>\n<script type=\"application\/ld+json\" class=\"yoast-schema-graph\">{\"@context\":\"https:\/\/schema.org\",\"@graph\":[{\"@type\":\"Article\",\"@id\":\"https:\/\/mcamb.eng.br\/blog\/compensacao-de-reserva-legal-crl\/#article\",\"isPartOf\":{\"@id\":\"https:\/\/mcamb.eng.br\/blog\/compensacao-de-reserva-legal-crl\/\"},\"author\":{\"name\":\"Felipe Fiatikoski Angelo\",\"@id\":\"https:\/\/mcamb.eng.br\/blog\/#\/schema\/person\/a442e8e8ffde488aa5d57fd80e93d314\"},\"headline\":\"Compensa\u00e7\u00e3o de Reserva Legal (CRL)\",\"datePublished\":\"2023-05-11T17:08:39+00:00\",\"dateModified\":\"2023-05-11T17:22:16+00:00\",\"mainEntityOfPage\":{\"@id\":\"https:\/\/mcamb.eng.br\/blog\/compensacao-de-reserva-legal-crl\/\"},\"wordCount\":250,\"commentCount\":0,\"publisher\":{\"@id\":\"https:\/\/mcamb.eng.br\/blog\/#organization\"},\"inLanguage\":\"pt-BR\",\"potentialAction\":[{\"@type\":\"CommentAction\",\"name\":\"Comment\",\"target\":[\"https:\/\/mcamb.eng.br\/blog\/compensacao-de-reserva-legal-crl\/#respond\"]}]},{\"@type\":\"WebPage\",\"@id\":\"https:\/\/mcamb.eng.br\/blog\/compensacao-de-reserva-legal-crl\/\",\"url\":\"https:\/\/mcamb.eng.br\/blog\/compensacao-de-reserva-legal-crl\/\",\"name\":\"Compensa\u00e7\u00e3o de Reserva Legal (CRL) - MC AMB\",\"isPartOf\":{\"@id\":\"https:\/\/mcamb.eng.br\/blog\/#website\"},\"datePublished\":\"2023-05-11T17:08:39+00:00\",\"dateModified\":\"2023-05-11T17:22:16+00:00\",\"breadcrumb\":{\"@id\":\"https:\/\/mcamb.eng.br\/blog\/compensacao-de-reserva-legal-crl\/#breadcrumb\"},\"inLanguage\":\"pt-BR\",\"potentialAction\":[{\"@type\":\"ReadAction\",\"target\":[\"https:\/\/mcamb.eng.br\/blog\/compensacao-de-reserva-legal-crl\/\"]}]},{\"@type\":\"BreadcrumbList\",\"@id\":\"https:\/\/mcamb.eng.br\/blog\/compensacao-de-reserva-legal-crl\/#breadcrumb\",\"itemListElement\":[{\"@type\":\"ListItem\",\"position\":1,\"name\":\"In\u00edcio\",\"item\":\"https:\/\/mcamb.eng.br\/blog\/\"},{\"@type\":\"ListItem\",\"position\":2,\"name\":\"Compensa\u00e7\u00e3o de Reserva Legal (CRL)\"}]},{\"@type\":\"WebSite\",\"@id\":\"https:\/\/mcamb.eng.br\/blog\/#website\",\"url\":\"https:\/\/mcamb.eng.br\/blog\/\",\"name\":\"MC AMB\",\"description\":\"Regulariza\u00e7\u00e3o Ambiental, Topografia e Seguran\u00e7a do Trabalho\",\"publisher\":{\"@id\":\"https:\/\/mcamb.eng.br\/blog\/#organization\"},\"potentialAction\":[{\"@type\":\"SearchAction\",\"target\":{\"@type\":\"EntryPoint\",\"urlTemplate\":\"https:\/\/mcamb.eng.br\/blog\/?s={search_term_string}\"},\"query-input\":\"required name=search_term_string\"}],\"inLanguage\":\"pt-BR\"},{\"@type\":\"Organization\",\"@id\":\"https:\/\/mcamb.eng.br\/blog\/#organization\",\"name\":\"MC AMB\",\"url\":\"https:\/\/mcamb.eng.br\/blog\/\",\"logo\":{\"@type\":\"ImageObject\",\"inLanguage\":\"pt-BR\",\"@id\":\"https:\/\/mcamb.eng.br\/blog\/#\/schema\/logo\/image\/\",\"url\":\"https:\/\/mcamb.eng.br\/blog\/wp-content\/uploads\/2023\/03\/logo.webp\",\"contentUrl\":\"https:\/\/mcamb.eng.br\/blog\/wp-content\/uploads\/2023\/03\/logo.webp\",\"width\":220,\"height\":176,\"caption\":\"MC AMB\"},\"image\":{\"@id\":\"https:\/\/mcamb.eng.br\/blog\/#\/schema\/logo\/image\/\"},\"sameAs\":[\"https:\/\/www.facebook.com\/mcambengamb\",\"https:\/\/www.instagram.com\/mcambengenharia\/\"]},{\"@type\":\"Person\",\"@id\":\"https:\/\/mcamb.eng.br\/blog\/#\/schema\/person\/a442e8e8ffde488aa5d57fd80e93d314\",\"name\":\"Felipe Fiatikoski Angelo\",\"image\":{\"@type\":\"ImageObject\",\"inLanguage\":\"pt-BR\",\"@id\":\"https:\/\/mcamb.eng.br\/blog\/#\/schema\/person\/image\/\",\"url\":\"https:\/\/secure.gravatar.com\/avatar\/3ac7ccd215ee9c749dc685397b946f91?s=96&d=mm&r=g\",\"contentUrl\":\"https:\/\/secure.gravatar.com\/avatar\/3ac7ccd215ee9c749dc685397b946f91?s=96&d=mm&r=g\",\"caption\":\"Felipe Fiatikoski Angelo\"},\"url\":\"https:\/\/mcamb.eng.br\/blog\/author\/felipe\/\"}]}<\/script>\n<!-- \/ Yoast SEO plugin. -->","yoast_head_json":{"title":"Compensa\u00e7\u00e3o de Reserva Legal (CRL) - MC AMB","robots":{"index":"index","follow":"follow","max-snippet":"max-snippet:-1","max-image-preview":"max-image-preview:large","max-video-preview":"max-video-preview:-1"},"canonical":"https:\/\/mcamb.eng.br\/blog\/compensacao-de-reserva-legal-crl\/","og_locale":"pt_BR","og_type":"article","og_title":"Compensa\u00e7\u00e3o de Reserva Legal (CRL) - MC AMB","og_description":"A Reserva Legal \u00e9 uma \u00e1rea que deve ser preservada em uma propriedade rural, com a finalidade de garantir a conserva\u00e7\u00e3o da biodiversidade e dos ecossistemas locais. A porcentagem dessa \u00e1rea a ser mantida varia conforme a regi\u00e3o do pa\u00eds, mas, em geral, deve ser de no m\u00ednimo 20% da propriedade. No entanto, muitos propriet\u00e1rios [&hellip;]","og_url":"https:\/\/mcamb.eng.br\/blog\/compensacao-de-reserva-legal-crl\/","og_site_name":"MC AMB","article_publisher":"https:\/\/www.facebook.com\/mcambengamb","article_published_time":"2023-05-11T17:08:39+00:00","article_modified_time":"2023-05-11T17:22:16+00:00","og_image":[{"url":"https:\/\/mcamb.eng.br\/blog\/wp-content\/uploads\/2023\/05\/imagem-para-publicidade-3092573-2.webp"}],"author":"Felipe Fiatikoski Angelo","twitter_card":"summary_large_image","twitter_misc":{"Escrito por":"Felipe Fiatikoski Angelo","Est. tempo de leitura":"1 minuto"},"schema":{"@context":"https:\/\/schema.org","@graph":[{"@type":"Article","@id":"https:\/\/mcamb.eng.br\/blog\/compensacao-de-reserva-legal-crl\/#article","isPartOf":{"@id":"https:\/\/mcamb.eng.br\/blog\/compensacao-de-reserva-legal-crl\/"},"author":{"name":"Felipe Fiatikoski Angelo","@id":"https:\/\/mcamb.eng.br\/blog\/#\/schema\/person\/a442e8e8ffde488aa5d57fd80e93d314"},"headline":"Compensa\u00e7\u00e3o de Reserva Legal (CRL)","datePublished":"2023-05-11T17:08:39+00:00","dateModified":"2023-05-11T17:22:16+00:00","mainEntityOfPage":{"@id":"https:\/\/mcamb.eng.br\/blog\/compensacao-de-reserva-legal-crl\/"},"wordCount":250,"commentCount":0,"publisher":{"@id":"https:\/\/mcamb.eng.br\/blog\/#organization"},"inLanguage":"pt-BR","potentialAction":[{"@type":"CommentAction","name":"Comment","target":["https:\/\/mcamb.eng.br\/blog\/compensacao-de-reserva-legal-crl\/#respond"]}]},{"@type":"WebPage","@id":"https:\/\/mcamb.eng.br\/blog\/compensacao-de-reserva-legal-crl\/","url":"https:\/\/mcamb.eng.br\/blog\/compensacao-de-reserva-legal-crl\/","name":"Compensa\u00e7\u00e3o de Reserva Legal (CRL) - MC AMB","isPartOf":{"@id":"https:\/\/mcamb.eng.br\/blog\/#website"},"datePublished":"2023-05-11T17:08:39+00:00","dateModified":"2023-05-11T17:22:16+00:00","breadcrumb":{"@id":"https:\/\/mcamb.eng.br\/blog\/compensacao-de-reserva-legal-crl\/#breadcrumb"},"inLanguage":"pt-BR","potentialAction":[{"@type":"ReadAction","target":["https:\/\/mcamb.eng.br\/blog\/compensacao-de-reserva-legal-crl\/"]}]},{"@type":"BreadcrumbList","@id":"https:\/\/mcamb.eng.br\/blog\/compensacao-de-reserva-legal-crl\/#breadcrumb","itemListElement":[{"@type":"ListItem","position":1,"name":"In\u00edcio","item":"https:\/\/mcamb.eng.br\/blog\/"},{"@type":"ListItem","position":2,"name":"Compensa\u00e7\u00e3o de Reserva Legal (CRL)"}]},{"@type":"WebSite","@id":"https:\/\/mcamb.eng.br\/blog\/#website","url":"https:\/\/mcamb.eng.br\/blog\/","name":"MC AMB","description":"Regulariza\u00e7\u00e3o Ambiental, Topografia e Seguran\u00e7a do Trabalho","publisher":{"@id":"https:\/\/mcamb.eng.br\/blog\/#organization"},"potentialAction":[{"@type":"SearchAction","target":{"@type":"EntryPoint","urlTemplate":"https:\/\/mcamb.eng.br\/blog\/?s={search_term_string}"},"query-input":"required name=search_term_string"}],"inLanguage":"pt-BR"},{"@type":"Organization","@id":"https:\/\/mcamb.eng.br\/blog\/#organization","name":"MC AMB","url":"https:\/\/mcamb.eng.br\/blog\/","logo":{"@type":"ImageObject","inLanguage":"pt-BR","@id":"https:\/\/mcamb.eng.br\/blog\/#\/schema\/logo\/image\/","url":"https:\/\/mcamb.eng.br\/blog\/wp-content\/uploads\/2023\/03\/logo.webp","contentUrl":"https:\/\/mcamb.eng.br\/blog\/wp-content\/uploads\/2023\/03\/logo.webp","width":220,"height":176,"caption":"MC AMB"},"image":{"@id":"https:\/\/mcamb.eng.br\/blog\/#\/schema\/logo\/image\/"},"sameAs":["https:\/\/www.facebook.com\/mcambengamb","https:\/\/www.instagram.com\/mcambengenharia\/"]},{"@type":"Person","@id":"https:\/\/mcamb.eng.br\/blog\/#\/schema\/person\/a442e8e8ffde488aa5d57fd80e93d314","name":"Felipe Fiatikoski Angelo","image":{"@type":"ImageObject","inLanguage":"pt-BR","@id":"https:\/\/mcamb.eng.br\/blog\/#\/schema\/person\/image\/","url":"https:\/\/secure.gravatar.com\/avatar\/3ac7ccd215ee9c749dc685397b946f91?s=96&d=mm&r=g","contentUrl":"https:\/\/secure.gravatar.com\/avatar\/3ac7ccd215ee9c749dc685397b946f91?s=96&d=mm&r=g","caption":"Felipe Fiatikoski Angelo"},"url":"https:\/\/mcamb.eng.br\/blog\/author\/felipe\/"}]}},"_links":{"self":[{"href":"https:\/\/mcamb.eng.br\/blog\/wp-json\/wp\/v2\/posts\/209"}],"collection":[{"href":"https:\/\/mcamb.eng.br\/blog\/wp-json\/wp\/v2\/posts"}],"about":[{"href":"https:\/\/mcamb.eng.br\/blog\/wp-json\/wp\/v2\/types\/post"}],"author":[{"embeddable":true,"href":"https:\/\/mcamb.eng.br\/blog\/wp-json\/wp\/v2\/users\/3"}],"replies":[{"embeddable":true,"href":"https:\/\/mcamb.eng.br\/blog\/wp-json\/wp\/v2\/comments?post=209"}],"version-history":[{"count":2,"href":"https:\/\/mcamb.eng.br\/blog\/wp-json\/wp\/v2\/posts\/209\/revisions"}],"predecessor-version":[{"id":220,"href":"https:\/\/mcamb.eng.br\/blog\/wp-json\/wp\/v2\/posts\/209\/revisions\/220"}],"wp:attachment":[{"href":"https:\/\/mcamb.eng.br\/blog\/wp-json\/wp\/v2\/media?parent=209"}],"wp:term":[{"taxonomy":"category","embeddable":true,"href":"https:\/\/mcamb.eng.br\/blog\/wp-json\/wp\/v2\/categories?post=209"},{"taxonomy":"post_tag","embeddable":true,"href":"https:\/\/mcamb.eng.br\/blog\/wp-json\/wp\/v2\/tags?post=209"}],"curies":[{"name":"wp","href":"https:\/\/api.w.org\/{rel}","templated":true}]}}