{"id":2124,"date":"2025-08-23T04:30:54","date_gmt":"2025-08-23T07:30:54","guid":{"rendered":"https:\/\/mcamb.eng.br\/blog\/?p=2124"},"modified":"2026-01-27T03:44:55","modified_gmt":"2026-01-27T06:44:55","slug":"dans-un-contexte-economique-en-perpetuelle-mutation-la-formation-professionnelle-doit-constamment-s","status":"publish","type":"post","link":"https:\/\/mcamb.eng.br\/blog\/dans-un-contexte-economique-en-perpetuelle-mutation-la-formation-professionnelle-doit-constamment-s\/","title":{"rendered":"Dans un contexte \u00e9conomique en perp\u00e9tuelle mutation, la formation professionnelle doit constamment s"},"content":{"rendered":"<article>\n<section>\n<h2>Introduction : L\u2019\u00c9volution des M\u00e9thodes de Formation \u00e0 l\u2019\u00c8re Digitale<\/h2>\n<p>\n      Dans un contexte \u00e9conomique en perp\u00e9tuelle mutation, la formation professionnelle doit constamment s\u2019adapter pour r\u00e9pondre aux exigences croissantes du march\u00e9 du travail. La mont\u00e9e en puissance des technologies num\u00e9riques a permis l\u2019\u00e9mergence de nouvelles approches p\u00e9dagogiques, notamment \u00e0 travers des pratiques innovantes telles que les <strong>d\u00e9fis par comp\u00e9tences<\/strong>. Ces m\u00e9thodes favorisent un apprentissage plus immersif, pratique et orient\u00e9 r\u00e9sultat, en coh\u00e9rence avec les attentes des entreprises modernes. Un exemple embl\u00e9matique de cette tendance est l\u2019int\u00e9gration de <a href=\"https:\/\/figoal.fr\/\"><strong>skill-based challenge<\/strong><\/a> dans les processus de formation, un concept qui red\u00e9finit la mani\u00e8re dont les comp\u00e9tences sont \u00e9valu\u00e9es et d\u00e9velopp\u00e9es.\n    <\/p>\n<\/section>\n<section>\n<h2>Les D\u00e9fis par Comp\u00e9tences : Une M\u00e9thodologie de Formation Disruptive<\/h2>\n<p>\n      Les d\u00e9fis par comp\u00e9tences, ou \u00ab skill-based challenges \u00bb en anglais, consistent \u00e0 mettre en situation un apprenant dans un contexte pratique o\u00f9 il doit mobiliser ses comp\u00e9tences pour r\u00e9soudre une probl\u00e9matique sp\u00e9cifique. Contrairement aux m\u00e9thodes traditionnelles bas\u00e9es sur la simple restitution de connaissances, ces d\u00e9fis favorisent une approche active et concr\u00e8te, permettant une \u00e9valuation plus fid\u00e8le des capacit\u00e9s r\u00e9elles.\n    <\/p>\n<p>\n      Par exemple, dans le secteur du num\u00e9rique, un d\u00e9fi par comp\u00e9tences peut impliquer la conception d\u2019une application mobile en un temps limit\u00e9. Le participant doit d\u00e9montrer non seulement ses comp\u00e9tences techniques, mais aussi ses capacit\u00e9s \u00e0 r\u00e9soudre des probl\u00e8mes et \u00e0 collaborer efficacement. Ce proc\u00e9d\u00e9 favorise une immersion totale, accelerant ainsi la mont\u00e9e en comp\u00e9tences et am\u00e9liorant la r\u00e9tention des savoirs.\n    <\/p>\n<\/section>\n<section>\n<h2>Int\u00e9gration de la Plateforme Figoal : La R\u00e9f\u00e9rence en Mati\u00e8re de D\u00e9fis par Comp\u00e9tences<\/h2>\n<p>\n      Afin d\u2019illustrer la maturit\u00e9 et la cr\u00e9dibilit\u00e9 de cette approche, la plateforme Figoal constitue un exemple de r\u00e9f\u00e9rence. Sp\u00e9cialis\u00e9e dans l\u2019organisation et la structuration de skill-based challenge, cette solution digitale permet aux entreprises de concevoir, d\u00e9ployer et suivre leurs propres d\u00e9fis de comp\u00e9tences, adapt\u00e9s \u00e0 leurs besoins sp\u00e9cifiques.\n    <\/p>\n<p>\n      Les avantages sont multiples : feedback instantan\u00e9, automatisation de l\u2019\u00e9valuation, suivi pr\u00e9cis de la progression, et surtout, une adaptabilit\u00e9 forte pour personnaliser l\u2019exp\u00e9rience d\u2019apprentissage. Pour les formateurs, Figoal devient un levier pour transformer une formation passive en une exp\u00e9rience active et engageante, propice \u00e0 l\u2019acquisition de comp\u00e9tences concr\u00e8tes.\n    <\/p>\n<\/section>\n<section>\n<h2>Les Indicateurs Cl\u00e9s : Mesurer l\u2019Impact des D\u00e9fis par Comp\u00e9tences<\/h2>\n<p>\n      La mise en \u0153uvre de d\u00e9fis par comp\u00e9tences doit \u00e9galement s\u2019accompagner d\u2019une \u00e9valuation rigoureuse. Selon une \u00e9tude r\u00e9cente men\u00e9e par le Centre Europ\u00e9en de la Formation Continue, plus de 70% des entreprises qui ont adopt\u00e9 ce type de d\u00e9marche constatent une augmentation significative de la ma\u00eetrise des comp\u00e9tences critiques chez leurs employ\u00e9s, avec une r\u00e9duction des d\u00e9lais de formation de l\u2019ordre de 30%.<\/p>\n<p>      Un tableau synth\u00e9tique des principales m\u00e9triques d\u2019\u00e9valuation pourrait se pr\u00e9senter ainsi :\n    <\/p>\n<table>\n<thead>\n<tr>\n<th>Indicateur<\/th>\n<th>Description<\/th>\n<th>Source \/ Exemple<\/th>\n<\/tr>\n<\/thead>\n<tbody>\n<tr>\n<td class=\"highlight\">Taux de r\u00e9ussite<\/td>\n<td>Proportion d\u2019apprenants ayant satisfait aux d\u00e9fis<\/td>\n<td>85% chez Figoal en 2023<\/td>\n<\/tr>\n<tr>\n<td class=\"highlight\">Temps de r\u00e9alisation<\/td>\n<td>Moyenne des d\u00e9lais pour compl\u00e9ter un d\u00e9fi<\/td>\n<td>-20% compar\u00e9 \u00e0 la formation classique<\/td>\n<\/tr>\n<tr>\n<td class=\"highlight\">Retention des comp\u00e9tences<\/td>\n<td>Mesure du transfert de comp\u00e9tences dans le contexte professionnel<\/td>\n<td>Augmentation de 40% apr\u00e8s int\u00e9gration des d\u00e9fis<\/td>\n<\/tr>\n<tr>\n<td class=\"highlight\">Engagement<\/td>\n<td>Niveau de participation et d\u2019implication<\/td>\n<td>Hausse notable par rapport aux formations classiques<\/td>\n<\/tr>\n<\/tbody>\n<\/table>\n<p>\n      Ces donn\u00e9es illustrent la capacit\u00e9 des d\u00e9fis par comp\u00e9tences \u00e0 transformer les mod\u00e8les de formation, en favorisant une \u00e9valuation plus imm\u00e9diate, pertinente et efficace.\n    <\/p>\n<\/section>\n<section>\n<h2>Perspectives et D\u00e9fis : Vers une Reconnaissance G\u00e9n\u00e9ralis\u00e9e<\/h2>\n<p>\n      Si la technologie et la recherche p\u00e9dagogique soutiennent fortement cette tendance, plusieurs d\u00e9fis restent \u00e0 relever. L\u2019int\u00e9gration \u00e0 grande \u00e9chelle requiert notamment une refonte des programmes, une formation sp\u00e9cifique des formateurs et une adaptation des outils de suivi. La plateforme Figoal continue d\u2019innover pour rendre ces d\u00e9fis plus accessibles et efficaces, incarnant ainsi la nouvelle vague de la formation par comp\u00e9tences. En France comme en Europe, la reconnaissance des d\u00e9fis par comp\u00e9tences comme levier strat\u00e9gique pourrait transformer en profondeur la dynamique du capital humain dans les entreprises.\n    <\/p>\n<\/section>\n<section>\n<h2>Conclusion : La Nouvelle \u00c8re de la Formation, Sous Signes des D\u00e9fis par Comp\u00e9tences<\/h2>\n<p>\n      L\u2019adoption croissante des skill-based challenge t\u00e9moigne d\u2019une \u00e9volution fondamentale dans l\u2019approche de la formation. Elle privil\u00e9gie l\u2019apprentissage exp\u00e9rientiel, la validation efficace de comp\u00e9tences concr\u00e8tes, et l\u2019engagement durable des apprenants. En s\u2019appuyant sur des outils innovants comme Figoal, les acteurs de la formation pourront relever les d\u00e9fis de demain avec une confiance renouvel\u00e9e en la puissance de l\u2019action concr\u00e8te et de l\u2019\u00e9valuation par la pratique.\n    <\/p>\n<p style=\"font-style:italic;color:#555\">\n      Dans un monde o\u00f9 la comp\u00e9tence pr\u00e9vaut sur la simple connaissance, le d\u00e9fi par comp\u00e9tences devient ainsi la nouvelle norme pour former, valider, et valoriser les talents.\n    <\/p>\n<\/section>\n<\/article>\n","protected":false},"excerpt":{"rendered":"<p>Introduction : L\u2019\u00c9volution des M\u00e9thodes de Formation \u00e0 l\u2019\u00c8re Digitale Dans un contexte \u00e9conomique en perp\u00e9tuelle mutation, la formation professionnelle doit constamment s\u2019adapter pour r\u00e9pondre aux exigences croissantes du march\u00e9 du travail. La mont\u00e9e en puissance des technologies num\u00e9riques a permis l\u2019\u00e9mergence de nouvelles approches p\u00e9dagogiques, notamment \u00e0 travers des pratiques innovantes telles que les [&hellip;]<\/p>\n","protected":false},"author":3,"featured_media":0,"comment_status":"open","ping_status":"open","sticky":false,"template":"","format":"standard","meta":[],"categories":[1],"tags":[],"yoast_head":"<!-- This site is optimized with the Yoast SEO plugin v20.4 - https:\/\/yoast.com\/wordpress\/plugins\/seo\/ -->\n<title>Dans un contexte \u00e9conomique en perp\u00e9tuelle mutation, la formation professionnelle doit constamment s - MC AMB<\/title>\n<meta name=\"robots\" content=\"index, follow, max-snippet:-1, max-image-preview:large, max-video-preview:-1\" \/>\n<link rel=\"canonical\" href=\"https:\/\/mcamb.eng.br\/blog\/dans-un-contexte-economique-en-perpetuelle-mutation-la-formation-professionnelle-doit-constamment-s\/\" \/>\n<meta property=\"og:locale\" content=\"pt_BR\" \/>\n<meta property=\"og:type\" content=\"article\" \/>\n<meta property=\"og:title\" content=\"Dans un contexte \u00e9conomique en perp\u00e9tuelle mutation, la formation professionnelle doit constamment s - MC AMB\" \/>\n<meta property=\"og:description\" content=\"Introduction : L\u2019\u00c9volution des M\u00e9thodes de Formation \u00e0 l\u2019\u00c8re Digitale Dans un contexte \u00e9conomique en perp\u00e9tuelle mutation, la formation professionnelle doit constamment s\u2019adapter pour r\u00e9pondre aux exigences croissantes du march\u00e9 du travail. La mont\u00e9e en puissance des technologies num\u00e9riques a permis l\u2019\u00e9mergence de nouvelles approches p\u00e9dagogiques, notamment \u00e0 travers des pratiques innovantes telles que les [&hellip;]\" \/>\n<meta property=\"og:url\" content=\"https:\/\/mcamb.eng.br\/blog\/dans-un-contexte-economique-en-perpetuelle-mutation-la-formation-professionnelle-doit-constamment-s\/\" \/>\n<meta property=\"og:site_name\" content=\"MC AMB\" \/>\n<meta property=\"article:publisher\" content=\"https:\/\/www.facebook.com\/mcambengamb\" \/>\n<meta property=\"article:published_time\" content=\"2025-08-23T07:30:54+00:00\" \/>\n<meta property=\"article:modified_time\" content=\"2026-01-27T06:44:55+00:00\" \/>\n<meta property=\"og:image\" content=\"https:\/\/mcamb.eng.br\/blog\/wp-content\/uploads\/2023\/03\/logo.webp\" \/>\n\t<meta property=\"og:image:width\" content=\"220\" \/>\n\t<meta property=\"og:image:height\" content=\"176\" \/>\n\t<meta property=\"og:image:type\" content=\"image\/webp\" \/>\n<meta name=\"author\" content=\"Felipe Fiatikoski Angelo\" \/>\n<meta name=\"twitter:card\" content=\"summary_large_image\" \/>\n<meta name=\"twitter:label1\" content=\"Escrito por\" \/>\n\t<meta name=\"twitter:data1\" content=\"Felipe Fiatikoski Angelo\" \/>\n\t<meta name=\"twitter:label2\" content=\"Est. tempo de leitura\" \/>\n\t<meta name=\"twitter:data2\" content=\"4 minutos\" \/>\n<script type=\"application\/ld+json\" class=\"yoast-schema-graph\">{\"@context\":\"https:\/\/schema.org\",\"@graph\":[{\"@type\":\"Article\",\"@id\":\"https:\/\/mcamb.eng.br\/blog\/dans-un-contexte-economique-en-perpetuelle-mutation-la-formation-professionnelle-doit-constamment-s\/#article\",\"isPartOf\":{\"@id\":\"https:\/\/mcamb.eng.br\/blog\/dans-un-contexte-economique-en-perpetuelle-mutation-la-formation-professionnelle-doit-constamment-s\/\"},\"author\":{\"name\":\"Felipe Fiatikoski Angelo\",\"@id\":\"https:\/\/mcamb.eng.br\/blog\/#\/schema\/person\/a442e8e8ffde488aa5d57fd80e93d314\"},\"headline\":\"Dans un contexte \u00e9conomique en perp\u00e9tuelle mutation, la formation professionnelle doit constamment s\",\"datePublished\":\"2025-08-23T07:30:54+00:00\",\"dateModified\":\"2026-01-27T06:44:55+00:00\",\"mainEntityOfPage\":{\"@id\":\"https:\/\/mcamb.eng.br\/blog\/dans-un-contexte-economique-en-perpetuelle-mutation-la-formation-professionnelle-doit-constamment-s\/\"},\"wordCount\":868,\"commentCount\":0,\"publisher\":{\"@id\":\"https:\/\/mcamb.eng.br\/blog\/#organization\"},\"inLanguage\":\"pt-BR\",\"potentialAction\":[{\"@type\":\"CommentAction\",\"name\":\"Comment\",\"target\":[\"https:\/\/mcamb.eng.br\/blog\/dans-un-contexte-economique-en-perpetuelle-mutation-la-formation-professionnelle-doit-constamment-s\/#respond\"]}]},{\"@type\":\"WebPage\",\"@id\":\"https:\/\/mcamb.eng.br\/blog\/dans-un-contexte-economique-en-perpetuelle-mutation-la-formation-professionnelle-doit-constamment-s\/\",\"url\":\"https:\/\/mcamb.eng.br\/blog\/dans-un-contexte-economique-en-perpetuelle-mutation-la-formation-professionnelle-doit-constamment-s\/\",\"name\":\"Dans un contexte \u00e9conomique en perp\u00e9tuelle mutation, la formation professionnelle doit constamment s - MC AMB\",\"isPartOf\":{\"@id\":\"https:\/\/mcamb.eng.br\/blog\/#website\"},\"datePublished\":\"2025-08-23T07:30:54+00:00\",\"dateModified\":\"2026-01-27T06:44:55+00:00\",\"breadcrumb\":{\"@id\":\"https:\/\/mcamb.eng.br\/blog\/dans-un-contexte-economique-en-perpetuelle-mutation-la-formation-professionnelle-doit-constamment-s\/#breadcrumb\"},\"inLanguage\":\"pt-BR\",\"potentialAction\":[{\"@type\":\"ReadAction\",\"target\":[\"https:\/\/mcamb.eng.br\/blog\/dans-un-contexte-economique-en-perpetuelle-mutation-la-formation-professionnelle-doit-constamment-s\/\"]}]},{\"@type\":\"BreadcrumbList\",\"@id\":\"https:\/\/mcamb.eng.br\/blog\/dans-un-contexte-economique-en-perpetuelle-mutation-la-formation-professionnelle-doit-constamment-s\/#breadcrumb\",\"itemListElement\":[{\"@type\":\"ListItem\",\"position\":1,\"name\":\"In\u00edcio\",\"item\":\"https:\/\/mcamb.eng.br\/blog\/\"},{\"@type\":\"ListItem\",\"position\":2,\"name\":\"Dans un contexte \u00e9conomique en perp\u00e9tuelle mutation, la formation professionnelle doit constamment s\"}]},{\"@type\":\"WebSite\",\"@id\":\"https:\/\/mcamb.eng.br\/blog\/#website\",\"url\":\"https:\/\/mcamb.eng.br\/blog\/\",\"name\":\"MC AMB\",\"description\":\"Regulariza\u00e7\u00e3o Ambiental, Topografia e Seguran\u00e7a do Trabalho\",\"publisher\":{\"@id\":\"https:\/\/mcamb.eng.br\/blog\/#organization\"},\"potentialAction\":[{\"@type\":\"SearchAction\",\"target\":{\"@type\":\"EntryPoint\",\"urlTemplate\":\"https:\/\/mcamb.eng.br\/blog\/?s={search_term_string}\"},\"query-input\":\"required name=search_term_string\"}],\"inLanguage\":\"pt-BR\"},{\"@type\":\"Organization\",\"@id\":\"https:\/\/mcamb.eng.br\/blog\/#organization\",\"name\":\"MC AMB\",\"url\":\"https:\/\/mcamb.eng.br\/blog\/\",\"logo\":{\"@type\":\"ImageObject\",\"inLanguage\":\"pt-BR\",\"@id\":\"https:\/\/mcamb.eng.br\/blog\/#\/schema\/logo\/image\/\",\"url\":\"https:\/\/mcamb.eng.br\/blog\/wp-content\/uploads\/2023\/03\/logo.webp\",\"contentUrl\":\"https:\/\/mcamb.eng.br\/blog\/wp-content\/uploads\/2023\/03\/logo.webp\",\"width\":220,\"height\":176,\"caption\":\"MC AMB\"},\"image\":{\"@id\":\"https:\/\/mcamb.eng.br\/blog\/#\/schema\/logo\/image\/\"},\"sameAs\":[\"https:\/\/www.facebook.com\/mcambengamb\",\"https:\/\/www.instagram.com\/mcambengenharia\/\"]},{\"@type\":\"Person\",\"@id\":\"https:\/\/mcamb.eng.br\/blog\/#\/schema\/person\/a442e8e8ffde488aa5d57fd80e93d314\",\"name\":\"Felipe Fiatikoski Angelo\",\"image\":{\"@type\":\"ImageObject\",\"inLanguage\":\"pt-BR\",\"@id\":\"https:\/\/mcamb.eng.br\/blog\/#\/schema\/person\/image\/\",\"url\":\"https:\/\/secure.gravatar.com\/avatar\/3ac7ccd215ee9c749dc685397b946f91?s=96&d=mm&r=g\",\"contentUrl\":\"https:\/\/secure.gravatar.com\/avatar\/3ac7ccd215ee9c749dc685397b946f91?s=96&d=mm&r=g\",\"caption\":\"Felipe Fiatikoski Angelo\"},\"url\":\"https:\/\/mcamb.eng.br\/blog\/author\/felipe\/\"}]}<\/script>\n<!-- \/ Yoast SEO plugin. -->","yoast_head_json":{"title":"Dans un contexte \u00e9conomique en perp\u00e9tuelle mutation, la formation professionnelle doit constamment s - MC AMB","robots":{"index":"index","follow":"follow","max-snippet":"max-snippet:-1","max-image-preview":"max-image-preview:large","max-video-preview":"max-video-preview:-1"},"canonical":"https:\/\/mcamb.eng.br\/blog\/dans-un-contexte-economique-en-perpetuelle-mutation-la-formation-professionnelle-doit-constamment-s\/","og_locale":"pt_BR","og_type":"article","og_title":"Dans un contexte \u00e9conomique en perp\u00e9tuelle mutation, la formation professionnelle doit constamment s - MC AMB","og_description":"Introduction : L\u2019\u00c9volution des M\u00e9thodes de Formation \u00e0 l\u2019\u00c8re Digitale Dans un contexte \u00e9conomique en perp\u00e9tuelle mutation, la formation professionnelle doit constamment s\u2019adapter pour r\u00e9pondre aux exigences croissantes du march\u00e9 du travail. La mont\u00e9e en puissance des technologies num\u00e9riques a permis l\u2019\u00e9mergence de nouvelles approches p\u00e9dagogiques, notamment \u00e0 travers des pratiques innovantes telles que les [&hellip;]","og_url":"https:\/\/mcamb.eng.br\/blog\/dans-un-contexte-economique-en-perpetuelle-mutation-la-formation-professionnelle-doit-constamment-s\/","og_site_name":"MC AMB","article_publisher":"https:\/\/www.facebook.com\/mcambengamb","article_published_time":"2025-08-23T07:30:54+00:00","article_modified_time":"2026-01-27T06:44:55+00:00","og_image":[{"width":220,"height":176,"url":"https:\/\/mcamb.eng.br\/blog\/wp-content\/uploads\/2023\/03\/logo.webp","type":"image\/webp"}],"author":"Felipe Fiatikoski Angelo","twitter_card":"summary_large_image","twitter_misc":{"Escrito por":"Felipe Fiatikoski Angelo","Est. tempo de leitura":"4 minutos"},"schema":{"@context":"https:\/\/schema.org","@graph":[{"@type":"Article","@id":"https:\/\/mcamb.eng.br\/blog\/dans-un-contexte-economique-en-perpetuelle-mutation-la-formation-professionnelle-doit-constamment-s\/#article","isPartOf":{"@id":"https:\/\/mcamb.eng.br\/blog\/dans-un-contexte-economique-en-perpetuelle-mutation-la-formation-professionnelle-doit-constamment-s\/"},"author":{"name":"Felipe Fiatikoski Angelo","@id":"https:\/\/mcamb.eng.br\/blog\/#\/schema\/person\/a442e8e8ffde488aa5d57fd80e93d314"},"headline":"Dans un contexte \u00e9conomique en perp\u00e9tuelle mutation, la formation professionnelle doit constamment s","datePublished":"2025-08-23T07:30:54+00:00","dateModified":"2026-01-27T06:44:55+00:00","mainEntityOfPage":{"@id":"https:\/\/mcamb.eng.br\/blog\/dans-un-contexte-economique-en-perpetuelle-mutation-la-formation-professionnelle-doit-constamment-s\/"},"wordCount":868,"commentCount":0,"publisher":{"@id":"https:\/\/mcamb.eng.br\/blog\/#organization"},"inLanguage":"pt-BR","potentialAction":[{"@type":"CommentAction","name":"Comment","target":["https:\/\/mcamb.eng.br\/blog\/dans-un-contexte-economique-en-perpetuelle-mutation-la-formation-professionnelle-doit-constamment-s\/#respond"]}]},{"@type":"WebPage","@id":"https:\/\/mcamb.eng.br\/blog\/dans-un-contexte-economique-en-perpetuelle-mutation-la-formation-professionnelle-doit-constamment-s\/","url":"https:\/\/mcamb.eng.br\/blog\/dans-un-contexte-economique-en-perpetuelle-mutation-la-formation-professionnelle-doit-constamment-s\/","name":"Dans un contexte \u00e9conomique en perp\u00e9tuelle mutation, la formation professionnelle doit constamment s - MC AMB","isPartOf":{"@id":"https:\/\/mcamb.eng.br\/blog\/#website"},"datePublished":"2025-08-23T07:30:54+00:00","dateModified":"2026-01-27T06:44:55+00:00","breadcrumb":{"@id":"https:\/\/mcamb.eng.br\/blog\/dans-un-contexte-economique-en-perpetuelle-mutation-la-formation-professionnelle-doit-constamment-s\/#breadcrumb"},"inLanguage":"pt-BR","potentialAction":[{"@type":"ReadAction","target":["https:\/\/mcamb.eng.br\/blog\/dans-un-contexte-economique-en-perpetuelle-mutation-la-formation-professionnelle-doit-constamment-s\/"]}]},{"@type":"BreadcrumbList","@id":"https:\/\/mcamb.eng.br\/blog\/dans-un-contexte-economique-en-perpetuelle-mutation-la-formation-professionnelle-doit-constamment-s\/#breadcrumb","itemListElement":[{"@type":"ListItem","position":1,"name":"In\u00edcio","item":"https:\/\/mcamb.eng.br\/blog\/"},{"@type":"ListItem","position":2,"name":"Dans un contexte \u00e9conomique en perp\u00e9tuelle mutation, la formation professionnelle doit constamment s"}]},{"@type":"WebSite","@id":"https:\/\/mcamb.eng.br\/blog\/#website","url":"https:\/\/mcamb.eng.br\/blog\/","name":"MC AMB","description":"Regulariza\u00e7\u00e3o Ambiental, Topografia e Seguran\u00e7a do Trabalho","publisher":{"@id":"https:\/\/mcamb.eng.br\/blog\/#organization"},"potentialAction":[{"@type":"SearchAction","target":{"@type":"EntryPoint","urlTemplate":"https:\/\/mcamb.eng.br\/blog\/?s={search_term_string}"},"query-input":"required name=search_term_string"}],"inLanguage":"pt-BR"},{"@type":"Organization","@id":"https:\/\/mcamb.eng.br\/blog\/#organization","name":"MC AMB","url":"https:\/\/mcamb.eng.br\/blog\/","logo":{"@type":"ImageObject","inLanguage":"pt-BR","@id":"https:\/\/mcamb.eng.br\/blog\/#\/schema\/logo\/image\/","url":"https:\/\/mcamb.eng.br\/blog\/wp-content\/uploads\/2023\/03\/logo.webp","contentUrl":"https:\/\/mcamb.eng.br\/blog\/wp-content\/uploads\/2023\/03\/logo.webp","width":220,"height":176,"caption":"MC AMB"},"image":{"@id":"https:\/\/mcamb.eng.br\/blog\/#\/schema\/logo\/image\/"},"sameAs":["https:\/\/www.facebook.com\/mcambengamb","https:\/\/www.instagram.com\/mcambengenharia\/"]},{"@type":"Person","@id":"https:\/\/mcamb.eng.br\/blog\/#\/schema\/person\/a442e8e8ffde488aa5d57fd80e93d314","name":"Felipe Fiatikoski Angelo","image":{"@type":"ImageObject","inLanguage":"pt-BR","@id":"https:\/\/mcamb.eng.br\/blog\/#\/schema\/person\/image\/","url":"https:\/\/secure.gravatar.com\/avatar\/3ac7ccd215ee9c749dc685397b946f91?s=96&d=mm&r=g","contentUrl":"https:\/\/secure.gravatar.com\/avatar\/3ac7ccd215ee9c749dc685397b946f91?s=96&d=mm&r=g","caption":"Felipe Fiatikoski Angelo"},"url":"https:\/\/mcamb.eng.br\/blog\/author\/felipe\/"}]}},"_links":{"self":[{"href":"https:\/\/mcamb.eng.br\/blog\/wp-json\/wp\/v2\/posts\/2124"}],"collection":[{"href":"https:\/\/mcamb.eng.br\/blog\/wp-json\/wp\/v2\/posts"}],"about":[{"href":"https:\/\/mcamb.eng.br\/blog\/wp-json\/wp\/v2\/types\/post"}],"author":[{"embeddable":true,"href":"https:\/\/mcamb.eng.br\/blog\/wp-json\/wp\/v2\/users\/3"}],"replies":[{"embeddable":true,"href":"https:\/\/mcamb.eng.br\/blog\/wp-json\/wp\/v2\/comments?post=2124"}],"version-history":[{"count":1,"href":"https:\/\/mcamb.eng.br\/blog\/wp-json\/wp\/v2\/posts\/2124\/revisions"}],"predecessor-version":[{"id":2125,"href":"https:\/\/mcamb.eng.br\/blog\/wp-json\/wp\/v2\/posts\/2124\/revisions\/2125"}],"wp:attachment":[{"href":"https:\/\/mcamb.eng.br\/blog\/wp-json\/wp\/v2\/media?parent=2124"}],"wp:term":[{"taxonomy":"category","embeddable":true,"href":"https:\/\/mcamb.eng.br\/blog\/wp-json\/wp\/v2\/categories?post=2124"},{"taxonomy":"post_tag","embeddable":true,"href":"https:\/\/mcamb.eng.br\/blog\/wp-json\/wp\/v2\/tags?post=2124"}],"curies":[{"name":"wp","href":"https:\/\/api.w.org\/{rel}","templated":true}]}}