{"id":221,"date":"2023-05-19T12:21:34","date_gmt":"2023-05-19T15:21:34","guid":{"rendered":"https:\/\/mcamb.eng.br\/blog\/?p=221"},"modified":"2023-05-19T12:25:06","modified_gmt":"2023-05-19T15:25:06","slug":"regularizacao-de-propriedade-rural-conheca-a-alternativa-da-compensacao-de-reserva-legal","status":"publish","type":"post","link":"https:\/\/mcamb.eng.br\/blog\/regularizacao-de-propriedade-rural-conheca-a-alternativa-da-compensacao-de-reserva-legal\/","title":{"rendered":"Regulariza\u00e7\u00e3o de propriedade rural: conhe\u00e7a a alternativa da compensa\u00e7\u00e3o de reserva legal!"},"content":{"rendered":"\n<figure class=\"wp-block-image size-large\"><img decoding=\"async\" width=\"400\" height=\"400\" src=\"https:\/\/mcamb.eng.br\/blog\/wp-content\/uploads\/2023\/05\/mc-amb-blog-imagem-padrao.webp\" alt=\"\" class=\"wp-image-222\" srcset=\"https:\/\/mcamb.eng.br\/blog\/wp-content\/uploads\/2023\/05\/mc-amb-blog-imagem-padrao.webp 400w, https:\/\/mcamb.eng.br\/blog\/wp-content\/uploads\/2023\/05\/mc-amb-blog-imagem-padrao-300x300.webp 300w, https:\/\/mcamb.eng.br\/blog\/wp-content\/uploads\/2023\/05\/mc-amb-blog-imagem-padrao-150x150.webp 150w\" sizes=\"(max-width: 400px) 100vw, 400px\" \/><\/figure>\n\n\n\n<p>A Resolu\u00e7\u00e3o n\u00ba 165\/2018 da Secretaria do Meio Ambiente do Estado de S\u00e3o Paulo (SMA) criou um mecanismo para solucionar dois problemas importantes de uma s\u00f3 vez: o passivo fundi\u00e1rio das propriedades rurais inseridas em Unidades de Conserva\u00e7\u00e3o e o d\u00e9ficit de Reserva Legal na maioria das propriedades rurais paulistas.<\/p>\n\n\n\n<p>A solu\u00e7\u00e3o encontrada foi a compensa\u00e7\u00e3o de d\u00e9ficit de Reserva Legal por meio da doa\u00e7\u00e3o de \u00e1reas situadas no interior de Unidades de Conserva\u00e7\u00e3o ao Poder P\u00fablico. Resolu\u00e7\u00e3o permite que os propriet\u00e1rios rurais negociem diretamente com propriet\u00e1rios de terras inseridas em Unidades de Conserva\u00e7\u00e3o Estaduais\/Federais pendentes de regulariza\u00e7\u00e3o fundi\u00e1ria o pagamento de um valor para que estes doem suas terras ao governo, &#8220;zerando&#8221; o d\u00e9ficit de Reserva Legal do propriet\u00e1rio\u00a0rural, ou procurem empresas que fa\u00e7am esse tr\u00e2mite, ou seja, compram essas \u00e1reas em unidades de conserva\u00e7\u00e3o e fazem a doa\u00e7\u00e3o para o governo em nome dos clientes que possuem d\u00e9ficit de R.L em seus im\u00f3veis, regularizando-os no quesito ambiental.<\/p>\n\n\n\n<p>Essa abordagem tem o potencial de financiar a regulariza\u00e7\u00e3o fundi\u00e1ria das Unidades de Conserva\u00e7\u00e3o, tornando o governo\/estado dispensado de qualquer obriga\u00e7\u00e3o de indeniza\u00e7\u00e3o pela desapropria\u00e7\u00e3o. Al\u00e9m disso, a iniciativa busca harmonizar a fun\u00e7\u00e3o social da propriedade privada com a prote\u00e7\u00e3o do meio ambiente, cumprindo assim com a Lei do C\u00f3digo Florestal e do Sistema Nacional de Unidades de&nbsp;Conserva\u00e7\u00e3o.<\/p>\n\n\n\n<p>Embora possa haver cr\u00edticas em rela\u00e7\u00e3o a esta iniciativa, ela tem o objetivo de agilizar o cumprimento dessas duas leis importantes, al\u00e9m de regularizar parte do passivo fundi\u00e1rio do Estado\/Governo Federal. Atrav\u00e9s da compra de &#8220;t\u00edtulos de compensa\u00e7\u00e3o&#8221; oriundos de terras situadas em Unidades de Conserva\u00e7\u00e3o, os propriet\u00e1rios rurais poder\u00e3o cumprir suas obriga\u00e7\u00f5es legais em rela\u00e7\u00e3o \u00e0 Reserva Legal, contribuindo para a conserva\u00e7\u00e3o do meio ambiente e da biodiversidade.<\/p>\n\n\n\n<figure class=\"is-layout-flex wp-block-gallery-1 wp-block-gallery has-nested-images columns-default is-cropped\"><\/figure>\n","protected":false},"excerpt":{"rendered":"<p>A Resolu\u00e7\u00e3o n\u00ba 165\/2018 da Secretaria do Meio Ambiente do Estado de S\u00e3o Paulo (SMA) criou um mecanismo para solucionar dois problemas importantes de uma s\u00f3 vez: o passivo fundi\u00e1rio das propriedades rurais inseridas em Unidades de Conserva\u00e7\u00e3o e o d\u00e9ficit de Reserva Legal na maioria das propriedades rurais paulistas. A solu\u00e7\u00e3o encontrada foi a [&hellip;]<\/p>\n","protected":false},"author":3,"featured_media":0,"comment_status":"open","ping_status":"open","sticky":false,"template":"","format":"standard","meta":[],"categories":[1],"tags":[],"yoast_head":"<!-- This site is optimized with the Yoast SEO plugin v20.4 - https:\/\/yoast.com\/wordpress\/plugins\/seo\/ -->\n<title>Regulariza\u00e7\u00e3o de propriedade rural: conhe\u00e7a a alternativa da compensa\u00e7\u00e3o de reserva legal! - MC AMB<\/title>\n<meta name=\"robots\" content=\"index, follow, max-snippet:-1, max-image-preview:large, max-video-preview:-1\" \/>\n<link rel=\"canonical\" href=\"https:\/\/mcamb.eng.br\/blog\/regularizacao-de-propriedade-rural-conheca-a-alternativa-da-compensacao-de-reserva-legal\/\" \/>\n<meta property=\"og:locale\" content=\"pt_BR\" \/>\n<meta property=\"og:type\" content=\"article\" \/>\n<meta property=\"og:title\" content=\"Regulariza\u00e7\u00e3o de propriedade rural: conhe\u00e7a a alternativa da compensa\u00e7\u00e3o de reserva legal! - MC AMB\" \/>\n<meta property=\"og:description\" content=\"A Resolu\u00e7\u00e3o n\u00ba 165\/2018 da Secretaria do Meio Ambiente do Estado de S\u00e3o Paulo (SMA) criou um mecanismo para solucionar dois problemas importantes de uma s\u00f3 vez: o passivo fundi\u00e1rio das propriedades rurais inseridas em Unidades de Conserva\u00e7\u00e3o e o d\u00e9ficit de Reserva Legal na maioria das propriedades rurais paulistas. A solu\u00e7\u00e3o encontrada foi a [&hellip;]\" \/>\n<meta property=\"og:url\" content=\"https:\/\/mcamb.eng.br\/blog\/regularizacao-de-propriedade-rural-conheca-a-alternativa-da-compensacao-de-reserva-legal\/\" \/>\n<meta property=\"og:site_name\" content=\"MC AMB\" \/>\n<meta property=\"article:publisher\" content=\"https:\/\/www.facebook.com\/mcambengamb\" \/>\n<meta property=\"article:published_time\" content=\"2023-05-19T15:21:34+00:00\" \/>\n<meta property=\"article:modified_time\" content=\"2023-05-19T15:25:06+00:00\" \/>\n<meta property=\"og:image\" content=\"https:\/\/mcamb.eng.br\/blog\/wp-content\/uploads\/2023\/05\/mc-amb-blog-imagem-padrao.webp\" \/>\n<meta name=\"author\" content=\"Felipe Fiatikoski Angelo\" \/>\n<meta name=\"twitter:card\" content=\"summary_large_image\" \/>\n<meta name=\"twitter:label1\" content=\"Escrito por\" \/>\n\t<meta name=\"twitter:data1\" content=\"Felipe Fiatikoski Angelo\" \/>\n\t<meta name=\"twitter:label2\" content=\"Est. tempo de leitura\" \/>\n\t<meta name=\"twitter:data2\" content=\"2 minutos\" \/>\n<script type=\"application\/ld+json\" class=\"yoast-schema-graph\">{\"@context\":\"https:\/\/schema.org\",\"@graph\":[{\"@type\":\"Article\",\"@id\":\"https:\/\/mcamb.eng.br\/blog\/regularizacao-de-propriedade-rural-conheca-a-alternativa-da-compensacao-de-reserva-legal\/#article\",\"isPartOf\":{\"@id\":\"https:\/\/mcamb.eng.br\/blog\/regularizacao-de-propriedade-rural-conheca-a-alternativa-da-compensacao-de-reserva-legal\/\"},\"author\":{\"name\":\"Felipe Fiatikoski Angelo\",\"@id\":\"https:\/\/mcamb.eng.br\/blog\/#\/schema\/person\/a442e8e8ffde488aa5d57fd80e93d314\"},\"headline\":\"Regulariza\u00e7\u00e3o de propriedade rural: conhe\u00e7a a alternativa da compensa\u00e7\u00e3o de reserva legal!\",\"datePublished\":\"2023-05-19T15:21:34+00:00\",\"dateModified\":\"2023-05-19T15:25:06+00:00\",\"mainEntityOfPage\":{\"@id\":\"https:\/\/mcamb.eng.br\/blog\/regularizacao-de-propriedade-rural-conheca-a-alternativa-da-compensacao-de-reserva-legal\/\"},\"wordCount\":355,\"commentCount\":0,\"publisher\":{\"@id\":\"https:\/\/mcamb.eng.br\/blog\/#organization\"},\"inLanguage\":\"pt-BR\",\"potentialAction\":[{\"@type\":\"CommentAction\",\"name\":\"Comment\",\"target\":[\"https:\/\/mcamb.eng.br\/blog\/regularizacao-de-propriedade-rural-conheca-a-alternativa-da-compensacao-de-reserva-legal\/#respond\"]}]},{\"@type\":\"WebPage\",\"@id\":\"https:\/\/mcamb.eng.br\/blog\/regularizacao-de-propriedade-rural-conheca-a-alternativa-da-compensacao-de-reserva-legal\/\",\"url\":\"https:\/\/mcamb.eng.br\/blog\/regularizacao-de-propriedade-rural-conheca-a-alternativa-da-compensacao-de-reserva-legal\/\",\"name\":\"Regulariza\u00e7\u00e3o de propriedade rural: conhe\u00e7a a alternativa da compensa\u00e7\u00e3o de reserva legal! - MC AMB\",\"isPartOf\":{\"@id\":\"https:\/\/mcamb.eng.br\/blog\/#website\"},\"datePublished\":\"2023-05-19T15:21:34+00:00\",\"dateModified\":\"2023-05-19T15:25:06+00:00\",\"breadcrumb\":{\"@id\":\"https:\/\/mcamb.eng.br\/blog\/regularizacao-de-propriedade-rural-conheca-a-alternativa-da-compensacao-de-reserva-legal\/#breadcrumb\"},\"inLanguage\":\"pt-BR\",\"potentialAction\":[{\"@type\":\"ReadAction\",\"target\":[\"https:\/\/mcamb.eng.br\/blog\/regularizacao-de-propriedade-rural-conheca-a-alternativa-da-compensacao-de-reserva-legal\/\"]}]},{\"@type\":\"BreadcrumbList\",\"@id\":\"https:\/\/mcamb.eng.br\/blog\/regularizacao-de-propriedade-rural-conheca-a-alternativa-da-compensacao-de-reserva-legal\/#breadcrumb\",\"itemListElement\":[{\"@type\":\"ListItem\",\"position\":1,\"name\":\"In\u00edcio\",\"item\":\"https:\/\/mcamb.eng.br\/blog\/\"},{\"@type\":\"ListItem\",\"position\":2,\"name\":\"Regulariza\u00e7\u00e3o de propriedade rural: conhe\u00e7a a alternativa da compensa\u00e7\u00e3o de reserva legal!\"}]},{\"@type\":\"WebSite\",\"@id\":\"https:\/\/mcamb.eng.br\/blog\/#website\",\"url\":\"https:\/\/mcamb.eng.br\/blog\/\",\"name\":\"MC AMB\",\"description\":\"Regulariza\u00e7\u00e3o Ambiental, Topografia e Seguran\u00e7a do Trabalho\",\"publisher\":{\"@id\":\"https:\/\/mcamb.eng.br\/blog\/#organization\"},\"potentialAction\":[{\"@type\":\"SearchAction\",\"target\":{\"@type\":\"EntryPoint\",\"urlTemplate\":\"https:\/\/mcamb.eng.br\/blog\/?s={search_term_string}\"},\"query-input\":\"required name=search_term_string\"}],\"inLanguage\":\"pt-BR\"},{\"@type\":\"Organization\",\"@id\":\"https:\/\/mcamb.eng.br\/blog\/#organization\",\"name\":\"MC AMB\",\"url\":\"https:\/\/mcamb.eng.br\/blog\/\",\"logo\":{\"@type\":\"ImageObject\",\"inLanguage\":\"pt-BR\",\"@id\":\"https:\/\/mcamb.eng.br\/blog\/#\/schema\/logo\/image\/\",\"url\":\"https:\/\/mcamb.eng.br\/blog\/wp-content\/uploads\/2023\/03\/logo.webp\",\"contentUrl\":\"https:\/\/mcamb.eng.br\/blog\/wp-content\/uploads\/2023\/03\/logo.webp\",\"width\":220,\"height\":176,\"caption\":\"MC AMB\"},\"image\":{\"@id\":\"https:\/\/mcamb.eng.br\/blog\/#\/schema\/logo\/image\/\"},\"sameAs\":[\"https:\/\/www.facebook.com\/mcambengamb\",\"https:\/\/www.instagram.com\/mcambengenharia\/\"]},{\"@type\":\"Person\",\"@id\":\"https:\/\/mcamb.eng.br\/blog\/#\/schema\/person\/a442e8e8ffde488aa5d57fd80e93d314\",\"name\":\"Felipe Fiatikoski Angelo\",\"image\":{\"@type\":\"ImageObject\",\"inLanguage\":\"pt-BR\",\"@id\":\"https:\/\/mcamb.eng.br\/blog\/#\/schema\/person\/image\/\",\"url\":\"https:\/\/secure.gravatar.com\/avatar\/3ac7ccd215ee9c749dc685397b946f91?s=96&d=mm&r=g\",\"contentUrl\":\"https:\/\/secure.gravatar.com\/avatar\/3ac7ccd215ee9c749dc685397b946f91?s=96&d=mm&r=g\",\"caption\":\"Felipe Fiatikoski Angelo\"},\"url\":\"https:\/\/mcamb.eng.br\/blog\/author\/felipe\/\"}]}<\/script>\n<!-- \/ Yoast SEO plugin. -->","yoast_head_json":{"title":"Regulariza\u00e7\u00e3o de propriedade rural: conhe\u00e7a a alternativa da compensa\u00e7\u00e3o de reserva legal! - MC AMB","robots":{"index":"index","follow":"follow","max-snippet":"max-snippet:-1","max-image-preview":"max-image-preview:large","max-video-preview":"max-video-preview:-1"},"canonical":"https:\/\/mcamb.eng.br\/blog\/regularizacao-de-propriedade-rural-conheca-a-alternativa-da-compensacao-de-reserva-legal\/","og_locale":"pt_BR","og_type":"article","og_title":"Regulariza\u00e7\u00e3o de propriedade rural: conhe\u00e7a a alternativa da compensa\u00e7\u00e3o de reserva legal! - MC AMB","og_description":"A Resolu\u00e7\u00e3o n\u00ba 165\/2018 da Secretaria do Meio Ambiente do Estado de S\u00e3o Paulo (SMA) criou um mecanismo para solucionar dois problemas importantes de uma s\u00f3 vez: o passivo fundi\u00e1rio das propriedades rurais inseridas em Unidades de Conserva\u00e7\u00e3o e o d\u00e9ficit de Reserva Legal na maioria das propriedades rurais paulistas. A solu\u00e7\u00e3o encontrada foi a [&hellip;]","og_url":"https:\/\/mcamb.eng.br\/blog\/regularizacao-de-propriedade-rural-conheca-a-alternativa-da-compensacao-de-reserva-legal\/","og_site_name":"MC AMB","article_publisher":"https:\/\/www.facebook.com\/mcambengamb","article_published_time":"2023-05-19T15:21:34+00:00","article_modified_time":"2023-05-19T15:25:06+00:00","og_image":[{"url":"https:\/\/mcamb.eng.br\/blog\/wp-content\/uploads\/2023\/05\/mc-amb-blog-imagem-padrao.webp"}],"author":"Felipe Fiatikoski Angelo","twitter_card":"summary_large_image","twitter_misc":{"Escrito por":"Felipe Fiatikoski Angelo","Est. tempo de leitura":"2 minutos"},"schema":{"@context":"https:\/\/schema.org","@graph":[{"@type":"Article","@id":"https:\/\/mcamb.eng.br\/blog\/regularizacao-de-propriedade-rural-conheca-a-alternativa-da-compensacao-de-reserva-legal\/#article","isPartOf":{"@id":"https:\/\/mcamb.eng.br\/blog\/regularizacao-de-propriedade-rural-conheca-a-alternativa-da-compensacao-de-reserva-legal\/"},"author":{"name":"Felipe Fiatikoski Angelo","@id":"https:\/\/mcamb.eng.br\/blog\/#\/schema\/person\/a442e8e8ffde488aa5d57fd80e93d314"},"headline":"Regulariza\u00e7\u00e3o de propriedade rural: conhe\u00e7a a alternativa da compensa\u00e7\u00e3o de reserva legal!","datePublished":"2023-05-19T15:21:34+00:00","dateModified":"2023-05-19T15:25:06+00:00","mainEntityOfPage":{"@id":"https:\/\/mcamb.eng.br\/blog\/regularizacao-de-propriedade-rural-conheca-a-alternativa-da-compensacao-de-reserva-legal\/"},"wordCount":355,"commentCount":0,"publisher":{"@id":"https:\/\/mcamb.eng.br\/blog\/#organization"},"inLanguage":"pt-BR","potentialAction":[{"@type":"CommentAction","name":"Comment","target":["https:\/\/mcamb.eng.br\/blog\/regularizacao-de-propriedade-rural-conheca-a-alternativa-da-compensacao-de-reserva-legal\/#respond"]}]},{"@type":"WebPage","@id":"https:\/\/mcamb.eng.br\/blog\/regularizacao-de-propriedade-rural-conheca-a-alternativa-da-compensacao-de-reserva-legal\/","url":"https:\/\/mcamb.eng.br\/blog\/regularizacao-de-propriedade-rural-conheca-a-alternativa-da-compensacao-de-reserva-legal\/","name":"Regulariza\u00e7\u00e3o de propriedade rural: conhe\u00e7a a alternativa da compensa\u00e7\u00e3o de reserva legal! - MC AMB","isPartOf":{"@id":"https:\/\/mcamb.eng.br\/blog\/#website"},"datePublished":"2023-05-19T15:21:34+00:00","dateModified":"2023-05-19T15:25:06+00:00","breadcrumb":{"@id":"https:\/\/mcamb.eng.br\/blog\/regularizacao-de-propriedade-rural-conheca-a-alternativa-da-compensacao-de-reserva-legal\/#breadcrumb"},"inLanguage":"pt-BR","potentialAction":[{"@type":"ReadAction","target":["https:\/\/mcamb.eng.br\/blog\/regularizacao-de-propriedade-rural-conheca-a-alternativa-da-compensacao-de-reserva-legal\/"]}]},{"@type":"BreadcrumbList","@id":"https:\/\/mcamb.eng.br\/blog\/regularizacao-de-propriedade-rural-conheca-a-alternativa-da-compensacao-de-reserva-legal\/#breadcrumb","itemListElement":[{"@type":"ListItem","position":1,"name":"In\u00edcio","item":"https:\/\/mcamb.eng.br\/blog\/"},{"@type":"ListItem","position":2,"name":"Regulariza\u00e7\u00e3o de propriedade rural: conhe\u00e7a a alternativa da compensa\u00e7\u00e3o de reserva legal!"}]},{"@type":"WebSite","@id":"https:\/\/mcamb.eng.br\/blog\/#website","url":"https:\/\/mcamb.eng.br\/blog\/","name":"MC AMB","description":"Regulariza\u00e7\u00e3o Ambiental, Topografia e Seguran\u00e7a do Trabalho","publisher":{"@id":"https:\/\/mcamb.eng.br\/blog\/#organization"},"potentialAction":[{"@type":"SearchAction","target":{"@type":"EntryPoint","urlTemplate":"https:\/\/mcamb.eng.br\/blog\/?s={search_term_string}"},"query-input":"required name=search_term_string"}],"inLanguage":"pt-BR"},{"@type":"Organization","@id":"https:\/\/mcamb.eng.br\/blog\/#organization","name":"MC AMB","url":"https:\/\/mcamb.eng.br\/blog\/","logo":{"@type":"ImageObject","inLanguage":"pt-BR","@id":"https:\/\/mcamb.eng.br\/blog\/#\/schema\/logo\/image\/","url":"https:\/\/mcamb.eng.br\/blog\/wp-content\/uploads\/2023\/03\/logo.webp","contentUrl":"https:\/\/mcamb.eng.br\/blog\/wp-content\/uploads\/2023\/03\/logo.webp","width":220,"height":176,"caption":"MC AMB"},"image":{"@id":"https:\/\/mcamb.eng.br\/blog\/#\/schema\/logo\/image\/"},"sameAs":["https:\/\/www.facebook.com\/mcambengamb","https:\/\/www.instagram.com\/mcambengenharia\/"]},{"@type":"Person","@id":"https:\/\/mcamb.eng.br\/blog\/#\/schema\/person\/a442e8e8ffde488aa5d57fd80e93d314","name":"Felipe Fiatikoski Angelo","image":{"@type":"ImageObject","inLanguage":"pt-BR","@id":"https:\/\/mcamb.eng.br\/blog\/#\/schema\/person\/image\/","url":"https:\/\/secure.gravatar.com\/avatar\/3ac7ccd215ee9c749dc685397b946f91?s=96&d=mm&r=g","contentUrl":"https:\/\/secure.gravatar.com\/avatar\/3ac7ccd215ee9c749dc685397b946f91?s=96&d=mm&r=g","caption":"Felipe Fiatikoski Angelo"},"url":"https:\/\/mcamb.eng.br\/blog\/author\/felipe\/"}]}},"_links":{"self":[{"href":"https:\/\/mcamb.eng.br\/blog\/wp-json\/wp\/v2\/posts\/221"}],"collection":[{"href":"https:\/\/mcamb.eng.br\/blog\/wp-json\/wp\/v2\/posts"}],"about":[{"href":"https:\/\/mcamb.eng.br\/blog\/wp-json\/wp\/v2\/types\/post"}],"author":[{"embeddable":true,"href":"https:\/\/mcamb.eng.br\/blog\/wp-json\/wp\/v2\/users\/3"}],"replies":[{"embeddable":true,"href":"https:\/\/mcamb.eng.br\/blog\/wp-json\/wp\/v2\/comments?post=221"}],"version-history":[{"count":2,"href":"https:\/\/mcamb.eng.br\/blog\/wp-json\/wp\/v2\/posts\/221\/revisions"}],"predecessor-version":[{"id":228,"href":"https:\/\/mcamb.eng.br\/blog\/wp-json\/wp\/v2\/posts\/221\/revisions\/228"}],"wp:attachment":[{"href":"https:\/\/mcamb.eng.br\/blog\/wp-json\/wp\/v2\/media?parent=221"}],"wp:term":[{"taxonomy":"category","embeddable":true,"href":"https:\/\/mcamb.eng.br\/blog\/wp-json\/wp\/v2\/categories?post=221"},{"taxonomy":"post_tag","embeddable":true,"href":"https:\/\/mcamb.eng.br\/blog\/wp-json\/wp\/v2\/tags?post=221"}],"curies":[{"name":"wp","href":"https:\/\/api.w.org\/{rel}","templated":true}]}}