{"id":224,"date":"2023-05-19T12:23:42","date_gmt":"2023-05-19T15:23:42","guid":{"rendered":"https:\/\/mcamb.eng.br\/blog\/?p=224"},"modified":"2023-05-19T12:23:42","modified_gmt":"2023-05-19T15:23:42","slug":"multa-para-quem-nao-averbou-a-reserva-legal-passou-a-ser-cobrada-em-alguns-estados-de-dezembro-de-2008-ate-outubro-de-2012-quando-foi-lancado-o-cadastro-ambiental-rural-car-e-as-propostas-de-averba","status":"publish","type":"post","link":"https:\/\/mcamb.eng.br\/blog\/multa-para-quem-nao-averbou-a-reserva-legal-passou-a-ser-cobrada-em-alguns-estados-de-dezembro-de-2008-ate-outubro-de-2012-quando-foi-lancado-o-cadastro-ambiental-rural-car-e-as-propostas-de-averba\/","title":{"rendered":"Multa para quem n\u00e3o averbou a reserva legal passou a ser cobrada em alguns estados de dezembro de 2008 at\u00e9 outubro de 2012, quando foi lan\u00e7ado o Cadastro Ambiental Rural (CAR) e as propostas de averba\u00e7\u00e3o passaram a ser atrav\u00e9s dele."},"content":{"rendered":"\n<figure class=\"wp-block-image size-full\"><img decoding=\"async\" width=\"400\" height=\"400\" src=\"https:\/\/mcamb.eng.br\/blog\/wp-content\/uploads\/2023\/05\/mc-amb-blog-imagem-padrao-1.webp\" alt=\"\" class=\"wp-image-225\" srcset=\"https:\/\/mcamb.eng.br\/blog\/wp-content\/uploads\/2023\/05\/mc-amb-blog-imagem-padrao-1.webp 400w, https:\/\/mcamb.eng.br\/blog\/wp-content\/uploads\/2023\/05\/mc-amb-blog-imagem-padrao-1-300x300.webp 300w, https:\/\/mcamb.eng.br\/blog\/wp-content\/uploads\/2023\/05\/mc-amb-blog-imagem-padrao-1-150x150.webp 150w\" sizes=\"(max-width: 400px) 100vw, 400px\" \/><\/figure>\n\n\n\n<p>O Decreto 6.686\/08, que entrou em vigor em dezembro deste ano, visa tornar mais r\u00edgidas as regras referentes \u00e0 reserva legal em propriedades rurais. A partir dessa data, aqueles que deixarem de averbar a reserva estar\u00e3o sujeitos a uma advert\u00eancia e multa di\u00e1ria que pode variar entre R$50 a R$500 por hectare ou fra\u00e7\u00e3o da \u00e1rea de reserva legal.<\/p>\n\n\n\n<p>O artigo 55 do decreto estabelece um prazo de 120 dias para que o autuado apresente um termo de compromisso de averba\u00e7\u00e3o e preserva\u00e7\u00e3o da reserva legal junto ao \u00f3rg\u00e3o ambiental competente. Nesse documento, deve ser definida a averba\u00e7\u00e3o da reserva legal e, nos casos em que n\u00e3o houver vegeta\u00e7\u00e3o nativa suficiente, a recomposi\u00e7\u00e3o, regenera\u00e7\u00e3o ou compensa\u00e7\u00e3o da \u00e1rea devida.<\/p>\n\n\n\n<p>Durante esse per\u00edodo, a multa di\u00e1ria ser\u00e1 suspensa. Caso o termo de compromisso n\u00e3o seja apresentado no prazo estabelecido, a autoridade ambiental dever\u00e1 cobrar a multa di\u00e1ria desde o dia da lavratura do auto de infra\u00e7\u00e3o. Vale ressaltar que as san\u00e7\u00f5es n\u00e3o ser\u00e3o aplicadas&nbsp;quando&nbsp;o&nbsp;prazo&nbsp;previsto&nbsp;n\u00e3o&nbsp;for&nbsp;cumprido&nbsp;por&nbsp;culpa&nbsp;exclusiva&nbsp;do&nbsp;\u00f3rg\u00e3o&nbsp;ambiental.<\/p>\n\n\n\n<p>Essa medida visa garantir a preserva\u00e7\u00e3o da biodiversidade e a prote\u00e7\u00e3o do meio ambiente, uma vez que a reserva legal \u00e9 fundamental para manter o equil\u00edbrio ecol\u00f3gico de uma regi\u00e3o. Al\u00e9m disso, a legisla\u00e7\u00e3o brasileira prev\u00ea que as propriedades rurais devem ter uma porcentagem m\u00ednima de reserva legal, variando conforme a regi\u00e3o do pa\u00eds e o tipo de vegeta\u00e7\u00e3o presente na \u00e1rea. Com a entrada em vigor do decreto, espera-se uma maior conscientiza\u00e7\u00e3o dos propriet\u00e1rios rurais em rela\u00e7\u00e3o \u00e0 import\u00e2ncia da reserva legal e sua preserva\u00e7\u00e3o.<\/p>\n","protected":false},"excerpt":{"rendered":"<p>O Decreto 6.686\/08, que entrou em vigor em dezembro deste ano, visa tornar mais r\u00edgidas as regras referentes \u00e0 reserva legal em propriedades rurais. A partir dessa data, aqueles que deixarem de averbar a reserva estar\u00e3o sujeitos a uma advert\u00eancia e multa di\u00e1ria que pode variar entre R$50 a R$500 por hectare ou fra\u00e7\u00e3o da [&hellip;]<\/p>\n","protected":false},"author":3,"featured_media":0,"comment_status":"open","ping_status":"open","sticky":false,"template":"","format":"standard","meta":[],"categories":[1],"tags":[],"yoast_head":"<!-- This site is optimized with the Yoast SEO plugin v20.4 - https:\/\/yoast.com\/wordpress\/plugins\/seo\/ -->\n<title>Multa para quem n\u00e3o averbou a reserva legal passou a ser cobrada em alguns estados de dezembro de 2008 at\u00e9 outubro de 2012, quando foi lan\u00e7ado o Cadastro Ambiental Rural (CAR) e as propostas de averba\u00e7\u00e3o passaram a ser atrav\u00e9s dele. - MC AMB<\/title>\n<meta name=\"robots\" content=\"index, follow, max-snippet:-1, max-image-preview:large, max-video-preview:-1\" \/>\n<link rel=\"canonical\" href=\"https:\/\/mcamb.eng.br\/blog\/multa-para-quem-nao-averbou-a-reserva-legal-passou-a-ser-cobrada-em-alguns-estados-de-dezembro-de-2008-ate-outubro-de-2012-quando-foi-lancado-o-cadastro-ambiental-rural-car-e-as-propostas-de-averba\/\" \/>\n<meta property=\"og:locale\" content=\"pt_BR\" \/>\n<meta property=\"og:type\" content=\"article\" \/>\n<meta property=\"og:title\" content=\"Multa para quem n\u00e3o averbou a reserva legal passou a ser cobrada em alguns estados de dezembro de 2008 at\u00e9 outubro de 2012, quando foi lan\u00e7ado o Cadastro Ambiental Rural (CAR) e as propostas de averba\u00e7\u00e3o passaram a ser atrav\u00e9s dele. - MC AMB\" \/>\n<meta property=\"og:description\" content=\"O Decreto 6.686\/08, que entrou em vigor em dezembro deste ano, visa tornar mais r\u00edgidas as regras referentes \u00e0 reserva legal em propriedades rurais. A partir dessa data, aqueles que deixarem de averbar a reserva estar\u00e3o sujeitos a uma advert\u00eancia e multa di\u00e1ria que pode variar entre R$50 a R$500 por hectare ou fra\u00e7\u00e3o da [&hellip;]\" \/>\n<meta property=\"og:url\" content=\"https:\/\/mcamb.eng.br\/blog\/multa-para-quem-nao-averbou-a-reserva-legal-passou-a-ser-cobrada-em-alguns-estados-de-dezembro-de-2008-ate-outubro-de-2012-quando-foi-lancado-o-cadastro-ambiental-rural-car-e-as-propostas-de-averba\/\" \/>\n<meta property=\"og:site_name\" content=\"MC AMB\" \/>\n<meta property=\"article:publisher\" content=\"https:\/\/www.facebook.com\/mcambengamb\" \/>\n<meta property=\"article:published_time\" content=\"2023-05-19T15:23:42+00:00\" \/>\n<meta property=\"og:image\" content=\"https:\/\/mcamb.eng.br\/blog\/wp-content\/uploads\/2023\/05\/mc-amb-blog-imagem-padrao-1.webp\" \/>\n<meta name=\"author\" content=\"Felipe Fiatikoski Angelo\" \/>\n<meta name=\"twitter:card\" content=\"summary_large_image\" \/>\n<meta name=\"twitter:label1\" content=\"Escrito por\" \/>\n\t<meta name=\"twitter:data1\" content=\"Felipe Fiatikoski Angelo\" \/>\n\t<meta name=\"twitter:label2\" content=\"Est. tempo de leitura\" \/>\n\t<meta name=\"twitter:data2\" content=\"2 minutos\" \/>\n<script type=\"application\/ld+json\" class=\"yoast-schema-graph\">{\"@context\":\"https:\/\/schema.org\",\"@graph\":[{\"@type\":\"Article\",\"@id\":\"https:\/\/mcamb.eng.br\/blog\/multa-para-quem-nao-averbou-a-reserva-legal-passou-a-ser-cobrada-em-alguns-estados-de-dezembro-de-2008-ate-outubro-de-2012-quando-foi-lancado-o-cadastro-ambiental-rural-car-e-as-propostas-de-averba\/#article\",\"isPartOf\":{\"@id\":\"https:\/\/mcamb.eng.br\/blog\/multa-para-quem-nao-averbou-a-reserva-legal-passou-a-ser-cobrada-em-alguns-estados-de-dezembro-de-2008-ate-outubro-de-2012-quando-foi-lancado-o-cadastro-ambiental-rural-car-e-as-propostas-de-averba\/\"},\"author\":{\"name\":\"Felipe Fiatikoski Angelo\",\"@id\":\"https:\/\/mcamb.eng.br\/blog\/#\/schema\/person\/a442e8e8ffde488aa5d57fd80e93d314\"},\"headline\":\"Multa para quem n\u00e3o averbou a reserva legal passou a ser cobrada em alguns estados de dezembro de 2008 at\u00e9 outubro de 2012, quando foi lan\u00e7ado o Cadastro Ambiental Rural (CAR) e as propostas de averba\u00e7\u00e3o passaram a ser atrav\u00e9s dele.\",\"datePublished\":\"2023-05-19T15:23:42+00:00\",\"dateModified\":\"2023-05-19T15:23:42+00:00\",\"mainEntityOfPage\":{\"@id\":\"https:\/\/mcamb.eng.br\/blog\/multa-para-quem-nao-averbou-a-reserva-legal-passou-a-ser-cobrada-em-alguns-estados-de-dezembro-de-2008-ate-outubro-de-2012-quando-foi-lancado-o-cadastro-ambiental-rural-car-e-as-propostas-de-averba\/\"},\"wordCount\":352,\"commentCount\":0,\"publisher\":{\"@id\":\"https:\/\/mcamb.eng.br\/blog\/#organization\"},\"inLanguage\":\"pt-BR\",\"potentialAction\":[{\"@type\":\"CommentAction\",\"name\":\"Comment\",\"target\":[\"https:\/\/mcamb.eng.br\/blog\/multa-para-quem-nao-averbou-a-reserva-legal-passou-a-ser-cobrada-em-alguns-estados-de-dezembro-de-2008-ate-outubro-de-2012-quando-foi-lancado-o-cadastro-ambiental-rural-car-e-as-propostas-de-averba\/#respond\"]}]},{\"@type\":\"WebPage\",\"@id\":\"https:\/\/mcamb.eng.br\/blog\/multa-para-quem-nao-averbou-a-reserva-legal-passou-a-ser-cobrada-em-alguns-estados-de-dezembro-de-2008-ate-outubro-de-2012-quando-foi-lancado-o-cadastro-ambiental-rural-car-e-as-propostas-de-averba\/\",\"url\":\"https:\/\/mcamb.eng.br\/blog\/multa-para-quem-nao-averbou-a-reserva-legal-passou-a-ser-cobrada-em-alguns-estados-de-dezembro-de-2008-ate-outubro-de-2012-quando-foi-lancado-o-cadastro-ambiental-rural-car-e-as-propostas-de-averba\/\",\"name\":\"Multa para quem n\u00e3o averbou a reserva legal passou a ser cobrada em alguns estados de dezembro de 2008 at\u00e9 outubro de 2012, quando foi lan\u00e7ado o Cadastro Ambiental Rural (CAR) e as propostas de averba\u00e7\u00e3o passaram a ser atrav\u00e9s dele. - MC AMB\",\"isPartOf\":{\"@id\":\"https:\/\/mcamb.eng.br\/blog\/#website\"},\"datePublished\":\"2023-05-19T15:23:42+00:00\",\"dateModified\":\"2023-05-19T15:23:42+00:00\",\"breadcrumb\":{\"@id\":\"https:\/\/mcamb.eng.br\/blog\/multa-para-quem-nao-averbou-a-reserva-legal-passou-a-ser-cobrada-em-alguns-estados-de-dezembro-de-2008-ate-outubro-de-2012-quando-foi-lancado-o-cadastro-ambiental-rural-car-e-as-propostas-de-averba\/#breadcrumb\"},\"inLanguage\":\"pt-BR\",\"potentialAction\":[{\"@type\":\"ReadAction\",\"target\":[\"https:\/\/mcamb.eng.br\/blog\/multa-para-quem-nao-averbou-a-reserva-legal-passou-a-ser-cobrada-em-alguns-estados-de-dezembro-de-2008-ate-outubro-de-2012-quando-foi-lancado-o-cadastro-ambiental-rural-car-e-as-propostas-de-averba\/\"]}]},{\"@type\":\"BreadcrumbList\",\"@id\":\"https:\/\/mcamb.eng.br\/blog\/multa-para-quem-nao-averbou-a-reserva-legal-passou-a-ser-cobrada-em-alguns-estados-de-dezembro-de-2008-ate-outubro-de-2012-quando-foi-lancado-o-cadastro-ambiental-rural-car-e-as-propostas-de-averba\/#breadcrumb\",\"itemListElement\":[{\"@type\":\"ListItem\",\"position\":1,\"name\":\"In\u00edcio\",\"item\":\"https:\/\/mcamb.eng.br\/blog\/\"},{\"@type\":\"ListItem\",\"position\":2,\"name\":\"Multa para quem n\u00e3o averbou a reserva legal passou a ser cobrada em alguns estados de dezembro de 2008 at\u00e9 outubro de 2012, quando foi lan\u00e7ado o Cadastro Ambiental Rural (CAR) e as propostas de averba\u00e7\u00e3o passaram a ser atrav\u00e9s dele.\"}]},{\"@type\":\"WebSite\",\"@id\":\"https:\/\/mcamb.eng.br\/blog\/#website\",\"url\":\"https:\/\/mcamb.eng.br\/blog\/\",\"name\":\"MC AMB\",\"description\":\"Regulariza\u00e7\u00e3o Ambiental, Topografia e Seguran\u00e7a do Trabalho\",\"publisher\":{\"@id\":\"https:\/\/mcamb.eng.br\/blog\/#organization\"},\"potentialAction\":[{\"@type\":\"SearchAction\",\"target\":{\"@type\":\"EntryPoint\",\"urlTemplate\":\"https:\/\/mcamb.eng.br\/blog\/?s={search_term_string}\"},\"query-input\":\"required name=search_term_string\"}],\"inLanguage\":\"pt-BR\"},{\"@type\":\"Organization\",\"@id\":\"https:\/\/mcamb.eng.br\/blog\/#organization\",\"name\":\"MC AMB\",\"url\":\"https:\/\/mcamb.eng.br\/blog\/\",\"logo\":{\"@type\":\"ImageObject\",\"inLanguage\":\"pt-BR\",\"@id\":\"https:\/\/mcamb.eng.br\/blog\/#\/schema\/logo\/image\/\",\"url\":\"https:\/\/mcamb.eng.br\/blog\/wp-content\/uploads\/2023\/03\/logo.webp\",\"contentUrl\":\"https:\/\/mcamb.eng.br\/blog\/wp-content\/uploads\/2023\/03\/logo.webp\",\"width\":220,\"height\":176,\"caption\":\"MC AMB\"},\"image\":{\"@id\":\"https:\/\/mcamb.eng.br\/blog\/#\/schema\/logo\/image\/\"},\"sameAs\":[\"https:\/\/www.facebook.com\/mcambengamb\",\"https:\/\/www.instagram.com\/mcambengenharia\/\"]},{\"@type\":\"Person\",\"@id\":\"https:\/\/mcamb.eng.br\/blog\/#\/schema\/person\/a442e8e8ffde488aa5d57fd80e93d314\",\"name\":\"Felipe Fiatikoski Angelo\",\"image\":{\"@type\":\"ImageObject\",\"inLanguage\":\"pt-BR\",\"@id\":\"https:\/\/mcamb.eng.br\/blog\/#\/schema\/person\/image\/\",\"url\":\"https:\/\/secure.gravatar.com\/avatar\/3ac7ccd215ee9c749dc685397b946f91?s=96&d=mm&r=g\",\"contentUrl\":\"https:\/\/secure.gravatar.com\/avatar\/3ac7ccd215ee9c749dc685397b946f91?s=96&d=mm&r=g\",\"caption\":\"Felipe Fiatikoski Angelo\"},\"url\":\"https:\/\/mcamb.eng.br\/blog\/author\/felipe\/\"}]}<\/script>\n<!-- \/ Yoast SEO plugin. -->","yoast_head_json":{"title":"Multa para quem n\u00e3o averbou a reserva legal passou a ser cobrada em alguns estados de dezembro de 2008 at\u00e9 outubro de 2012, quando foi lan\u00e7ado o Cadastro Ambiental Rural (CAR) e as propostas de averba\u00e7\u00e3o passaram a ser atrav\u00e9s dele. - MC AMB","robots":{"index":"index","follow":"follow","max-snippet":"max-snippet:-1","max-image-preview":"max-image-preview:large","max-video-preview":"max-video-preview:-1"},"canonical":"https:\/\/mcamb.eng.br\/blog\/multa-para-quem-nao-averbou-a-reserva-legal-passou-a-ser-cobrada-em-alguns-estados-de-dezembro-de-2008-ate-outubro-de-2012-quando-foi-lancado-o-cadastro-ambiental-rural-car-e-as-propostas-de-averba\/","og_locale":"pt_BR","og_type":"article","og_title":"Multa para quem n\u00e3o averbou a reserva legal passou a ser cobrada em alguns estados de dezembro de 2008 at\u00e9 outubro de 2012, quando foi lan\u00e7ado o Cadastro Ambiental Rural (CAR) e as propostas de averba\u00e7\u00e3o passaram a ser atrav\u00e9s dele. - MC AMB","og_description":"O Decreto 6.686\/08, que entrou em vigor em dezembro deste ano, visa tornar mais r\u00edgidas as regras referentes \u00e0 reserva legal em propriedades rurais. A partir dessa data, aqueles que deixarem de averbar a reserva estar\u00e3o sujeitos a uma advert\u00eancia e multa di\u00e1ria que pode variar entre R$50 a R$500 por hectare ou fra\u00e7\u00e3o da [&hellip;]","og_url":"https:\/\/mcamb.eng.br\/blog\/multa-para-quem-nao-averbou-a-reserva-legal-passou-a-ser-cobrada-em-alguns-estados-de-dezembro-de-2008-ate-outubro-de-2012-quando-foi-lancado-o-cadastro-ambiental-rural-car-e-as-propostas-de-averba\/","og_site_name":"MC AMB","article_publisher":"https:\/\/www.facebook.com\/mcambengamb","article_published_time":"2023-05-19T15:23:42+00:00","og_image":[{"url":"https:\/\/mcamb.eng.br\/blog\/wp-content\/uploads\/2023\/05\/mc-amb-blog-imagem-padrao-1.webp"}],"author":"Felipe Fiatikoski Angelo","twitter_card":"summary_large_image","twitter_misc":{"Escrito por":"Felipe Fiatikoski Angelo","Est. tempo de leitura":"2 minutos"},"schema":{"@context":"https:\/\/schema.org","@graph":[{"@type":"Article","@id":"https:\/\/mcamb.eng.br\/blog\/multa-para-quem-nao-averbou-a-reserva-legal-passou-a-ser-cobrada-em-alguns-estados-de-dezembro-de-2008-ate-outubro-de-2012-quando-foi-lancado-o-cadastro-ambiental-rural-car-e-as-propostas-de-averba\/#article","isPartOf":{"@id":"https:\/\/mcamb.eng.br\/blog\/multa-para-quem-nao-averbou-a-reserva-legal-passou-a-ser-cobrada-em-alguns-estados-de-dezembro-de-2008-ate-outubro-de-2012-quando-foi-lancado-o-cadastro-ambiental-rural-car-e-as-propostas-de-averba\/"},"author":{"name":"Felipe Fiatikoski Angelo","@id":"https:\/\/mcamb.eng.br\/blog\/#\/schema\/person\/a442e8e8ffde488aa5d57fd80e93d314"},"headline":"Multa para quem n\u00e3o averbou a reserva legal passou a ser cobrada em alguns estados de dezembro de 2008 at\u00e9 outubro de 2012, quando foi lan\u00e7ado o Cadastro Ambiental Rural (CAR) e as propostas de averba\u00e7\u00e3o passaram a ser atrav\u00e9s dele.","datePublished":"2023-05-19T15:23:42+00:00","dateModified":"2023-05-19T15:23:42+00:00","mainEntityOfPage":{"@id":"https:\/\/mcamb.eng.br\/blog\/multa-para-quem-nao-averbou-a-reserva-legal-passou-a-ser-cobrada-em-alguns-estados-de-dezembro-de-2008-ate-outubro-de-2012-quando-foi-lancado-o-cadastro-ambiental-rural-car-e-as-propostas-de-averba\/"},"wordCount":352,"commentCount":0,"publisher":{"@id":"https:\/\/mcamb.eng.br\/blog\/#organization"},"inLanguage":"pt-BR","potentialAction":[{"@type":"CommentAction","name":"Comment","target":["https:\/\/mcamb.eng.br\/blog\/multa-para-quem-nao-averbou-a-reserva-legal-passou-a-ser-cobrada-em-alguns-estados-de-dezembro-de-2008-ate-outubro-de-2012-quando-foi-lancado-o-cadastro-ambiental-rural-car-e-as-propostas-de-averba\/#respond"]}]},{"@type":"WebPage","@id":"https:\/\/mcamb.eng.br\/blog\/multa-para-quem-nao-averbou-a-reserva-legal-passou-a-ser-cobrada-em-alguns-estados-de-dezembro-de-2008-ate-outubro-de-2012-quando-foi-lancado-o-cadastro-ambiental-rural-car-e-as-propostas-de-averba\/","url":"https:\/\/mcamb.eng.br\/blog\/multa-para-quem-nao-averbou-a-reserva-legal-passou-a-ser-cobrada-em-alguns-estados-de-dezembro-de-2008-ate-outubro-de-2012-quando-foi-lancado-o-cadastro-ambiental-rural-car-e-as-propostas-de-averba\/","name":"Multa para quem n\u00e3o averbou a reserva legal passou a ser cobrada em alguns estados de dezembro de 2008 at\u00e9 outubro de 2012, quando foi lan\u00e7ado o Cadastro Ambiental Rural (CAR) e as propostas de averba\u00e7\u00e3o passaram a ser atrav\u00e9s dele. - MC AMB","isPartOf":{"@id":"https:\/\/mcamb.eng.br\/blog\/#website"},"datePublished":"2023-05-19T15:23:42+00:00","dateModified":"2023-05-19T15:23:42+00:00","breadcrumb":{"@id":"https:\/\/mcamb.eng.br\/blog\/multa-para-quem-nao-averbou-a-reserva-legal-passou-a-ser-cobrada-em-alguns-estados-de-dezembro-de-2008-ate-outubro-de-2012-quando-foi-lancado-o-cadastro-ambiental-rural-car-e-as-propostas-de-averba\/#breadcrumb"},"inLanguage":"pt-BR","potentialAction":[{"@type":"ReadAction","target":["https:\/\/mcamb.eng.br\/blog\/multa-para-quem-nao-averbou-a-reserva-legal-passou-a-ser-cobrada-em-alguns-estados-de-dezembro-de-2008-ate-outubro-de-2012-quando-foi-lancado-o-cadastro-ambiental-rural-car-e-as-propostas-de-averba\/"]}]},{"@type":"BreadcrumbList","@id":"https:\/\/mcamb.eng.br\/blog\/multa-para-quem-nao-averbou-a-reserva-legal-passou-a-ser-cobrada-em-alguns-estados-de-dezembro-de-2008-ate-outubro-de-2012-quando-foi-lancado-o-cadastro-ambiental-rural-car-e-as-propostas-de-averba\/#breadcrumb","itemListElement":[{"@type":"ListItem","position":1,"name":"In\u00edcio","item":"https:\/\/mcamb.eng.br\/blog\/"},{"@type":"ListItem","position":2,"name":"Multa para quem n\u00e3o averbou a reserva legal passou a ser cobrada em alguns estados de dezembro de 2008 at\u00e9 outubro de 2012, quando foi lan\u00e7ado o Cadastro Ambiental Rural (CAR) e as propostas de averba\u00e7\u00e3o passaram a ser atrav\u00e9s dele."}]},{"@type":"WebSite","@id":"https:\/\/mcamb.eng.br\/blog\/#website","url":"https:\/\/mcamb.eng.br\/blog\/","name":"MC AMB","description":"Regulariza\u00e7\u00e3o Ambiental, Topografia e Seguran\u00e7a do Trabalho","publisher":{"@id":"https:\/\/mcamb.eng.br\/blog\/#organization"},"potentialAction":[{"@type":"SearchAction","target":{"@type":"EntryPoint","urlTemplate":"https:\/\/mcamb.eng.br\/blog\/?s={search_term_string}"},"query-input":"required name=search_term_string"}],"inLanguage":"pt-BR"},{"@type":"Organization","@id":"https:\/\/mcamb.eng.br\/blog\/#organization","name":"MC AMB","url":"https:\/\/mcamb.eng.br\/blog\/","logo":{"@type":"ImageObject","inLanguage":"pt-BR","@id":"https:\/\/mcamb.eng.br\/blog\/#\/schema\/logo\/image\/","url":"https:\/\/mcamb.eng.br\/blog\/wp-content\/uploads\/2023\/03\/logo.webp","contentUrl":"https:\/\/mcamb.eng.br\/blog\/wp-content\/uploads\/2023\/03\/logo.webp","width":220,"height":176,"caption":"MC AMB"},"image":{"@id":"https:\/\/mcamb.eng.br\/blog\/#\/schema\/logo\/image\/"},"sameAs":["https:\/\/www.facebook.com\/mcambengamb","https:\/\/www.instagram.com\/mcambengenharia\/"]},{"@type":"Person","@id":"https:\/\/mcamb.eng.br\/blog\/#\/schema\/person\/a442e8e8ffde488aa5d57fd80e93d314","name":"Felipe Fiatikoski Angelo","image":{"@type":"ImageObject","inLanguage":"pt-BR","@id":"https:\/\/mcamb.eng.br\/blog\/#\/schema\/person\/image\/","url":"https:\/\/secure.gravatar.com\/avatar\/3ac7ccd215ee9c749dc685397b946f91?s=96&d=mm&r=g","contentUrl":"https:\/\/secure.gravatar.com\/avatar\/3ac7ccd215ee9c749dc685397b946f91?s=96&d=mm&r=g","caption":"Felipe Fiatikoski Angelo"},"url":"https:\/\/mcamb.eng.br\/blog\/author\/felipe\/"}]}},"_links":{"self":[{"href":"https:\/\/mcamb.eng.br\/blog\/wp-json\/wp\/v2\/posts\/224"}],"collection":[{"href":"https:\/\/mcamb.eng.br\/blog\/wp-json\/wp\/v2\/posts"}],"about":[{"href":"https:\/\/mcamb.eng.br\/blog\/wp-json\/wp\/v2\/types\/post"}],"author":[{"embeddable":true,"href":"https:\/\/mcamb.eng.br\/blog\/wp-json\/wp\/v2\/users\/3"}],"replies":[{"embeddable":true,"href":"https:\/\/mcamb.eng.br\/blog\/wp-json\/wp\/v2\/comments?post=224"}],"version-history":[{"count":1,"href":"https:\/\/mcamb.eng.br\/blog\/wp-json\/wp\/v2\/posts\/224\/revisions"}],"predecessor-version":[{"id":226,"href":"https:\/\/mcamb.eng.br\/blog\/wp-json\/wp\/v2\/posts\/224\/revisions\/226"}],"wp:attachment":[{"href":"https:\/\/mcamb.eng.br\/blog\/wp-json\/wp\/v2\/media?parent=224"}],"wp:term":[{"taxonomy":"category","embeddable":true,"href":"https:\/\/mcamb.eng.br\/blog\/wp-json\/wp\/v2\/categories?post=224"},{"taxonomy":"post_tag","embeddable":true,"href":"https:\/\/mcamb.eng.br\/blog\/wp-json\/wp\/v2\/tags?post=224"}],"curies":[{"name":"wp","href":"https:\/\/api.w.org\/{rel}","templated":true}]}}