{"id":229,"date":"2023-07-11T20:43:07","date_gmt":"2023-07-11T23:43:07","guid":{"rendered":"https:\/\/mcamb.eng.br\/blog\/?p=229"},"modified":"2023-07-11T20:43:07","modified_gmt":"2023-07-11T23:43:07","slug":"levantamento-planialtimetrico","status":"publish","type":"post","link":"https:\/\/mcamb.eng.br\/blog\/levantamento-planialtimetrico\/","title":{"rendered":"<strong>Levantamento Planialtim\u00e9trico<\/strong>"},"content":{"rendered":"\n<figure class=\"wp-block-image size-full\"><img decoding=\"async\" width=\"1000\" height=\"1000\" src=\"https:\/\/mcamb.eng.br\/blog\/wp-content\/uploads\/2023\/07\/DILVANA_MCAMB_POSTS_JULHO-BLOG-1.png\" alt=\"\" class=\"wp-image-230\" srcset=\"https:\/\/mcamb.eng.br\/blog\/wp-content\/uploads\/2023\/07\/DILVANA_MCAMB_POSTS_JULHO-BLOG-1.png 1000w, https:\/\/mcamb.eng.br\/blog\/wp-content\/uploads\/2023\/07\/DILVANA_MCAMB_POSTS_JULHO-BLOG-1-300x300.png 300w, https:\/\/mcamb.eng.br\/blog\/wp-content\/uploads\/2023\/07\/DILVANA_MCAMB_POSTS_JULHO-BLOG-1-150x150.png 150w, https:\/\/mcamb.eng.br\/blog\/wp-content\/uploads\/2023\/07\/DILVANA_MCAMB_POSTS_JULHO-BLOG-1-768x768.png 768w\" sizes=\"(max-width: 1000px) 100vw, 1000px\" \/><\/figure>\n\n\n\n<p>O levantamento planialtim\u00e9trico \u00e9 um documento preciso que descreve minuciosamente as caracter\u00edsticas de um terreno, como as medidas planas, \u00e2ngulos e diferen\u00e7as de n\u00edvel. A planialtimetria \u00e9 a unifica\u00e7\u00e3o das palavras planimetria e altimetria, que juntas possibilitam a obten\u00e7\u00e3o das informa\u00e7\u00f5es para a elabora\u00e7\u00e3o de plantas topogr\u00e1ficas com coordenadas de diferentes pontos da superf\u00edcie do terreno.<\/p>\n\n\n\n<p>As aplica\u00e7\u00f5es desse tipo de levantamento s\u00e3o diversas e variadas. Entre elas, podemos destacar projetos de estradas, barragens, constru\u00e7\u00f5es residenciais, edif\u00edcios, loteamentos, regulariza\u00e7\u00e3o fundi\u00e1ria, gest\u00e3o de areia e cascalho, entre outros.&nbsp;<\/p>\n\n\n\n<p>\u00c9 importante ressaltar que a precis\u00e3o do levantamento planialtim\u00e9trico \u00e9 essencial para o sucesso de qualquer projeto que envolva altera\u00e7\u00f5es na topografia do terreno. Por isso, m\u00e9todos e instrumentos adequados devem ser utilizados para garantir a qualidade e a confiabilidade dos dados obtidos.<\/p>\n","protected":false},"excerpt":{"rendered":"<p>O levantamento planialtim\u00e9trico \u00e9 um documento preciso que descreve minuciosamente as caracter\u00edsticas de um terreno, como as medidas planas, \u00e2ngulos e diferen\u00e7as de n\u00edvel. A planialtimetria \u00e9 a unifica\u00e7\u00e3o das palavras planimetria e altimetria, que juntas possibilitam a obten\u00e7\u00e3o das informa\u00e7\u00f5es para a elabora\u00e7\u00e3o de plantas topogr\u00e1ficas com coordenadas de diferentes pontos da superf\u00edcie do [&hellip;]<\/p>\n","protected":false},"author":3,"featured_media":0,"comment_status":"open","ping_status":"open","sticky":false,"template":"","format":"standard","meta":[],"categories":[1],"tags":[],"yoast_head":"<!-- This site is optimized with the Yoast SEO plugin v20.4 - https:\/\/yoast.com\/wordpress\/plugins\/seo\/ -->\n<title>Levantamento Planialtim\u00e9trico - MC AMB<\/title>\n<meta name=\"robots\" content=\"index, follow, max-snippet:-1, max-image-preview:large, max-video-preview:-1\" \/>\n<link rel=\"canonical\" href=\"https:\/\/mcamb.eng.br\/blog\/levantamento-planialtimetrico\/\" \/>\n<meta property=\"og:locale\" content=\"pt_BR\" \/>\n<meta property=\"og:type\" content=\"article\" \/>\n<meta property=\"og:title\" content=\"Levantamento Planialtim\u00e9trico - MC AMB\" \/>\n<meta property=\"og:description\" content=\"O levantamento planialtim\u00e9trico \u00e9 um documento preciso que descreve minuciosamente as caracter\u00edsticas de um terreno, como as medidas planas, \u00e2ngulos e diferen\u00e7as de n\u00edvel. A planialtimetria \u00e9 a unifica\u00e7\u00e3o das palavras planimetria e altimetria, que juntas possibilitam a obten\u00e7\u00e3o das informa\u00e7\u00f5es para a elabora\u00e7\u00e3o de plantas topogr\u00e1ficas com coordenadas de diferentes pontos da superf\u00edcie do [&hellip;]\" \/>\n<meta property=\"og:url\" content=\"https:\/\/mcamb.eng.br\/blog\/levantamento-planialtimetrico\/\" \/>\n<meta property=\"og:site_name\" content=\"MC AMB\" \/>\n<meta property=\"article:publisher\" content=\"https:\/\/www.facebook.com\/mcambengamb\" \/>\n<meta property=\"article:published_time\" content=\"2023-07-11T23:43:07+00:00\" \/>\n<meta property=\"og:image\" content=\"https:\/\/mcamb.eng.br\/blog\/wp-content\/uploads\/2023\/07\/DILVANA_MCAMB_POSTS_JULHO-BLOG-1.png\" \/>\n<meta name=\"author\" content=\"Felipe Fiatikoski Angelo\" \/>\n<meta name=\"twitter:card\" content=\"summary_large_image\" \/>\n<meta name=\"twitter:label1\" content=\"Escrito por\" \/>\n\t<meta name=\"twitter:data1\" content=\"Felipe Fiatikoski Angelo\" \/>\n\t<meta name=\"twitter:label2\" content=\"Est. tempo de leitura\" \/>\n\t<meta name=\"twitter:data2\" content=\"1 minuto\" \/>\n<script type=\"application\/ld+json\" class=\"yoast-schema-graph\">{\"@context\":\"https:\/\/schema.org\",\"@graph\":[{\"@type\":\"Article\",\"@id\":\"https:\/\/mcamb.eng.br\/blog\/levantamento-planialtimetrico\/#article\",\"isPartOf\":{\"@id\":\"https:\/\/mcamb.eng.br\/blog\/levantamento-planialtimetrico\/\"},\"author\":{\"name\":\"Felipe Fiatikoski Angelo\",\"@id\":\"https:\/\/mcamb.eng.br\/blog\/#\/schema\/person\/a442e8e8ffde488aa5d57fd80e93d314\"},\"headline\":\"Levantamento Planialtim\u00e9trico\",\"datePublished\":\"2023-07-11T23:43:07+00:00\",\"dateModified\":\"2023-07-11T23:43:07+00:00\",\"mainEntityOfPage\":{\"@id\":\"https:\/\/mcamb.eng.br\/blog\/levantamento-planialtimetrico\/\"},\"wordCount\":151,\"commentCount\":0,\"publisher\":{\"@id\":\"https:\/\/mcamb.eng.br\/blog\/#organization\"},\"inLanguage\":\"pt-BR\",\"potentialAction\":[{\"@type\":\"CommentAction\",\"name\":\"Comment\",\"target\":[\"https:\/\/mcamb.eng.br\/blog\/levantamento-planialtimetrico\/#respond\"]}]},{\"@type\":\"WebPage\",\"@id\":\"https:\/\/mcamb.eng.br\/blog\/levantamento-planialtimetrico\/\",\"url\":\"https:\/\/mcamb.eng.br\/blog\/levantamento-planialtimetrico\/\",\"name\":\"Levantamento Planialtim\u00e9trico - MC AMB\",\"isPartOf\":{\"@id\":\"https:\/\/mcamb.eng.br\/blog\/#website\"},\"datePublished\":\"2023-07-11T23:43:07+00:00\",\"dateModified\":\"2023-07-11T23:43:07+00:00\",\"breadcrumb\":{\"@id\":\"https:\/\/mcamb.eng.br\/blog\/levantamento-planialtimetrico\/#breadcrumb\"},\"inLanguage\":\"pt-BR\",\"potentialAction\":[{\"@type\":\"ReadAction\",\"target\":[\"https:\/\/mcamb.eng.br\/blog\/levantamento-planialtimetrico\/\"]}]},{\"@type\":\"BreadcrumbList\",\"@id\":\"https:\/\/mcamb.eng.br\/blog\/levantamento-planialtimetrico\/#breadcrumb\",\"itemListElement\":[{\"@type\":\"ListItem\",\"position\":1,\"name\":\"In\u00edcio\",\"item\":\"https:\/\/mcamb.eng.br\/blog\/\"},{\"@type\":\"ListItem\",\"position\":2,\"name\":\"Levantamento Planialtim\u00e9trico\"}]},{\"@type\":\"WebSite\",\"@id\":\"https:\/\/mcamb.eng.br\/blog\/#website\",\"url\":\"https:\/\/mcamb.eng.br\/blog\/\",\"name\":\"MC AMB\",\"description\":\"Regulariza\u00e7\u00e3o Ambiental, Topografia e Seguran\u00e7a do Trabalho\",\"publisher\":{\"@id\":\"https:\/\/mcamb.eng.br\/blog\/#organization\"},\"potentialAction\":[{\"@type\":\"SearchAction\",\"target\":{\"@type\":\"EntryPoint\",\"urlTemplate\":\"https:\/\/mcamb.eng.br\/blog\/?s={search_term_string}\"},\"query-input\":\"required name=search_term_string\"}],\"inLanguage\":\"pt-BR\"},{\"@type\":\"Organization\",\"@id\":\"https:\/\/mcamb.eng.br\/blog\/#organization\",\"name\":\"MC AMB\",\"url\":\"https:\/\/mcamb.eng.br\/blog\/\",\"logo\":{\"@type\":\"ImageObject\",\"inLanguage\":\"pt-BR\",\"@id\":\"https:\/\/mcamb.eng.br\/blog\/#\/schema\/logo\/image\/\",\"url\":\"https:\/\/mcamb.eng.br\/blog\/wp-content\/uploads\/2023\/03\/logo.webp\",\"contentUrl\":\"https:\/\/mcamb.eng.br\/blog\/wp-content\/uploads\/2023\/03\/logo.webp\",\"width\":220,\"height\":176,\"caption\":\"MC AMB\"},\"image\":{\"@id\":\"https:\/\/mcamb.eng.br\/blog\/#\/schema\/logo\/image\/\"},\"sameAs\":[\"https:\/\/www.facebook.com\/mcambengamb\",\"https:\/\/www.instagram.com\/mcambengenharia\/\"]},{\"@type\":\"Person\",\"@id\":\"https:\/\/mcamb.eng.br\/blog\/#\/schema\/person\/a442e8e8ffde488aa5d57fd80e93d314\",\"name\":\"Felipe Fiatikoski Angelo\",\"image\":{\"@type\":\"ImageObject\",\"inLanguage\":\"pt-BR\",\"@id\":\"https:\/\/mcamb.eng.br\/blog\/#\/schema\/person\/image\/\",\"url\":\"https:\/\/secure.gravatar.com\/avatar\/3ac7ccd215ee9c749dc685397b946f91?s=96&d=mm&r=g\",\"contentUrl\":\"https:\/\/secure.gravatar.com\/avatar\/3ac7ccd215ee9c749dc685397b946f91?s=96&d=mm&r=g\",\"caption\":\"Felipe Fiatikoski Angelo\"},\"url\":\"https:\/\/mcamb.eng.br\/blog\/author\/felipe\/\"}]}<\/script>\n<!-- \/ Yoast SEO plugin. -->","yoast_head_json":{"title":"Levantamento Planialtim\u00e9trico - MC AMB","robots":{"index":"index","follow":"follow","max-snippet":"max-snippet:-1","max-image-preview":"max-image-preview:large","max-video-preview":"max-video-preview:-1"},"canonical":"https:\/\/mcamb.eng.br\/blog\/levantamento-planialtimetrico\/","og_locale":"pt_BR","og_type":"article","og_title":"Levantamento Planialtim\u00e9trico - MC AMB","og_description":"O levantamento planialtim\u00e9trico \u00e9 um documento preciso que descreve minuciosamente as caracter\u00edsticas de um terreno, como as medidas planas, \u00e2ngulos e diferen\u00e7as de n\u00edvel. A planialtimetria \u00e9 a unifica\u00e7\u00e3o das palavras planimetria e altimetria, que juntas possibilitam a obten\u00e7\u00e3o das informa\u00e7\u00f5es para a elabora\u00e7\u00e3o de plantas topogr\u00e1ficas com coordenadas de diferentes pontos da superf\u00edcie do [&hellip;]","og_url":"https:\/\/mcamb.eng.br\/blog\/levantamento-planialtimetrico\/","og_site_name":"MC AMB","article_publisher":"https:\/\/www.facebook.com\/mcambengamb","article_published_time":"2023-07-11T23:43:07+00:00","og_image":[{"url":"https:\/\/mcamb.eng.br\/blog\/wp-content\/uploads\/2023\/07\/DILVANA_MCAMB_POSTS_JULHO-BLOG-1.png"}],"author":"Felipe Fiatikoski Angelo","twitter_card":"summary_large_image","twitter_misc":{"Escrito por":"Felipe Fiatikoski Angelo","Est. tempo de leitura":"1 minuto"},"schema":{"@context":"https:\/\/schema.org","@graph":[{"@type":"Article","@id":"https:\/\/mcamb.eng.br\/blog\/levantamento-planialtimetrico\/#article","isPartOf":{"@id":"https:\/\/mcamb.eng.br\/blog\/levantamento-planialtimetrico\/"},"author":{"name":"Felipe Fiatikoski Angelo","@id":"https:\/\/mcamb.eng.br\/blog\/#\/schema\/person\/a442e8e8ffde488aa5d57fd80e93d314"},"headline":"Levantamento Planialtim\u00e9trico","datePublished":"2023-07-11T23:43:07+00:00","dateModified":"2023-07-11T23:43:07+00:00","mainEntityOfPage":{"@id":"https:\/\/mcamb.eng.br\/blog\/levantamento-planialtimetrico\/"},"wordCount":151,"commentCount":0,"publisher":{"@id":"https:\/\/mcamb.eng.br\/blog\/#organization"},"inLanguage":"pt-BR","potentialAction":[{"@type":"CommentAction","name":"Comment","target":["https:\/\/mcamb.eng.br\/blog\/levantamento-planialtimetrico\/#respond"]}]},{"@type":"WebPage","@id":"https:\/\/mcamb.eng.br\/blog\/levantamento-planialtimetrico\/","url":"https:\/\/mcamb.eng.br\/blog\/levantamento-planialtimetrico\/","name":"Levantamento Planialtim\u00e9trico - MC AMB","isPartOf":{"@id":"https:\/\/mcamb.eng.br\/blog\/#website"},"datePublished":"2023-07-11T23:43:07+00:00","dateModified":"2023-07-11T23:43:07+00:00","breadcrumb":{"@id":"https:\/\/mcamb.eng.br\/blog\/levantamento-planialtimetrico\/#breadcrumb"},"inLanguage":"pt-BR","potentialAction":[{"@type":"ReadAction","target":["https:\/\/mcamb.eng.br\/blog\/levantamento-planialtimetrico\/"]}]},{"@type":"BreadcrumbList","@id":"https:\/\/mcamb.eng.br\/blog\/levantamento-planialtimetrico\/#breadcrumb","itemListElement":[{"@type":"ListItem","position":1,"name":"In\u00edcio","item":"https:\/\/mcamb.eng.br\/blog\/"},{"@type":"ListItem","position":2,"name":"Levantamento Planialtim\u00e9trico"}]},{"@type":"WebSite","@id":"https:\/\/mcamb.eng.br\/blog\/#website","url":"https:\/\/mcamb.eng.br\/blog\/","name":"MC AMB","description":"Regulariza\u00e7\u00e3o Ambiental, Topografia e Seguran\u00e7a do Trabalho","publisher":{"@id":"https:\/\/mcamb.eng.br\/blog\/#organization"},"potentialAction":[{"@type":"SearchAction","target":{"@type":"EntryPoint","urlTemplate":"https:\/\/mcamb.eng.br\/blog\/?s={search_term_string}"},"query-input":"required name=search_term_string"}],"inLanguage":"pt-BR"},{"@type":"Organization","@id":"https:\/\/mcamb.eng.br\/blog\/#organization","name":"MC AMB","url":"https:\/\/mcamb.eng.br\/blog\/","logo":{"@type":"ImageObject","inLanguage":"pt-BR","@id":"https:\/\/mcamb.eng.br\/blog\/#\/schema\/logo\/image\/","url":"https:\/\/mcamb.eng.br\/blog\/wp-content\/uploads\/2023\/03\/logo.webp","contentUrl":"https:\/\/mcamb.eng.br\/blog\/wp-content\/uploads\/2023\/03\/logo.webp","width":220,"height":176,"caption":"MC AMB"},"image":{"@id":"https:\/\/mcamb.eng.br\/blog\/#\/schema\/logo\/image\/"},"sameAs":["https:\/\/www.facebook.com\/mcambengamb","https:\/\/www.instagram.com\/mcambengenharia\/"]},{"@type":"Person","@id":"https:\/\/mcamb.eng.br\/blog\/#\/schema\/person\/a442e8e8ffde488aa5d57fd80e93d314","name":"Felipe Fiatikoski Angelo","image":{"@type":"ImageObject","inLanguage":"pt-BR","@id":"https:\/\/mcamb.eng.br\/blog\/#\/schema\/person\/image\/","url":"https:\/\/secure.gravatar.com\/avatar\/3ac7ccd215ee9c749dc685397b946f91?s=96&d=mm&r=g","contentUrl":"https:\/\/secure.gravatar.com\/avatar\/3ac7ccd215ee9c749dc685397b946f91?s=96&d=mm&r=g","caption":"Felipe Fiatikoski Angelo"},"url":"https:\/\/mcamb.eng.br\/blog\/author\/felipe\/"}]}},"_links":{"self":[{"href":"https:\/\/mcamb.eng.br\/blog\/wp-json\/wp\/v2\/posts\/229"}],"collection":[{"href":"https:\/\/mcamb.eng.br\/blog\/wp-json\/wp\/v2\/posts"}],"about":[{"href":"https:\/\/mcamb.eng.br\/blog\/wp-json\/wp\/v2\/types\/post"}],"author":[{"embeddable":true,"href":"https:\/\/mcamb.eng.br\/blog\/wp-json\/wp\/v2\/users\/3"}],"replies":[{"embeddable":true,"href":"https:\/\/mcamb.eng.br\/blog\/wp-json\/wp\/v2\/comments?post=229"}],"version-history":[{"count":1,"href":"https:\/\/mcamb.eng.br\/blog\/wp-json\/wp\/v2\/posts\/229\/revisions"}],"predecessor-version":[{"id":231,"href":"https:\/\/mcamb.eng.br\/blog\/wp-json\/wp\/v2\/posts\/229\/revisions\/231"}],"wp:attachment":[{"href":"https:\/\/mcamb.eng.br\/blog\/wp-json\/wp\/v2\/media?parent=229"}],"wp:term":[{"taxonomy":"category","embeddable":true,"href":"https:\/\/mcamb.eng.br\/blog\/wp-json\/wp\/v2\/categories?post=229"},{"taxonomy":"post_tag","embeddable":true,"href":"https:\/\/mcamb.eng.br\/blog\/wp-json\/wp\/v2\/tags?post=229"}],"curies":[{"name":"wp","href":"https:\/\/api.w.org\/{rel}","templated":true}]}}