{"id":257,"date":"2023-08-24T16:05:10","date_gmt":"2023-08-24T19:05:10","guid":{"rendered":"https:\/\/mcamb.eng.br\/blog\/?p=257"},"modified":"2023-08-24T16:16:53","modified_gmt":"2023-08-24T19:16:53","slug":"supressao-de-arvores","status":"publish","type":"post","link":"https:\/\/mcamb.eng.br\/blog\/supressao-de-arvores\/","title":{"rendered":"<strong>\u00a0Supress\u00e3o de \u00e1rvores<\/strong>"},"content":{"rendered":"\n<p>Ao constatar a dimens\u00e3o do desmatamento, foi lavrado um Auto de Infra\u00e7\u00e3o Ambiental no valor de R$ 63.071,25 em desfavor do fazendeiro, buscando responsabiliz\u00e1-lo pelas consequ\u00eancias devastadoras de sua a\u00e7\u00e3o ilegal contra a natureza.<\/p>\n\n\n\n<p>Por\u00e9m, as consequ\u00eancias ambientais n\u00e3o se restringiam apenas ao desmatamento em grande escala. Os policiais tamb\u00e9m depararam-se com a supress\u00e3o isolada de 420 \u00e1rvores nativas em uma \u00e1rea comum da propriedade. Esse segundo ato irrespons\u00e1vel do fazendeiro acarretou uma nova multa, desta vez no valor de R$126 mil, elevando ainda mais o total de san\u00e7\u00f5es financeiras impostas.<\/p>\n\n\n\n<p>A diversidade das \u00e1rvores suprimidas era significativa, incluindo esp\u00e9cies como &#8220;candeia, amendoim, maca\u00faba, leiteiro, angico preto, angico branco, entre outras&#8221;, destacando a riqueza da vegeta\u00e7\u00e3o nativa afetada por sua a\u00e7\u00e3o.<\/p>\n\n\n\n<p>Tais transgress\u00f5es ambientais foram punidas com rigor, resultando em um montante total de multas no valor de R$189.071,25, representando uma das maiores san\u00e7\u00f5es aplicadas a um infrator ambiental na regi\u00e3o.<\/p>\n\n\n\n<p>Esse epis\u00f3dio lament\u00e1vel serve como um alerta sobre a import\u00e2ncia da conserva\u00e7\u00e3o ambiental e da responsabilidade de cada cidad\u00e3o em proteger nossos recursos naturais. A fiscaliza\u00e7\u00e3o e a\u00e7\u00f5es contundentes das autoridades s\u00e3o fundamentais para coibir atos de degrada\u00e7\u00e3o ambiental e garantir um futuro sustent\u00e1vel para as gera\u00e7\u00f5es que vir\u00e3o. \u00c9 crucial que todos compreendam a relev\u00e2ncia de preservar a natureza e respeitar as leis ambientais, evitando consequ\u00eancias graves para o meio ambiente e para n\u00f3s mesmos.<\/p>\n\n\n\n<p>Fonte: <a href=\"https:\/\/g1.globo.com\/sp\/presidente-prudente-regiao\/noticia\/2023\/06\/06\/fazendeiro-leva-multa-de-quase-r-190-mil-por-desmatamento-de-11-hectares-de-vegetacao-nativa-em-sandovalina.ghtml\">https:\/\/g1.globo.com\/sp\/presidente-prudente-regiao\/noticia\/2023\/06\/06\/fazendeiro-leva-multa-de-quase-r-190-mil-por-desmatamento-de-11-hectares-de-vegetacao-nativa-em-sandovalina.ghtml<\/a><\/p>\n\n\n\n<figure class=\"wp-block-image\"><img alt=\"\" \/><\/figure>\n","protected":false},"excerpt":{"rendered":"<p>Ao constatar a dimens\u00e3o do desmatamento, foi lavrado um Auto de Infra\u00e7\u00e3o Ambiental no valor de R$ 63.071,25 em desfavor do fazendeiro, buscando responsabiliz\u00e1-lo pelas consequ\u00eancias devastadoras de sua a\u00e7\u00e3o ilegal contra a natureza. Por\u00e9m, as consequ\u00eancias ambientais n\u00e3o se restringiam apenas ao desmatamento em grande escala. Os policiais tamb\u00e9m depararam-se com a supress\u00e3o isolada [&hellip;]<\/p>\n","protected":false},"author":3,"featured_media":0,"comment_status":"open","ping_status":"open","sticky":false,"template":"","format":"standard","meta":[],"categories":[1],"tags":[],"yoast_head":"<!-- This site is optimized with the Yoast SEO plugin v20.4 - https:\/\/yoast.com\/wordpress\/plugins\/seo\/ -->\n<title>\u00a0Supress\u00e3o de \u00e1rvores - MC AMB<\/title>\n<meta name=\"robots\" content=\"index, follow, max-snippet:-1, max-image-preview:large, max-video-preview:-1\" \/>\n<link rel=\"canonical\" href=\"https:\/\/mcamb.eng.br\/blog\/supressao-de-arvores\/\" \/>\n<meta property=\"og:locale\" content=\"pt_BR\" \/>\n<meta property=\"og:type\" content=\"article\" \/>\n<meta property=\"og:title\" content=\"\u00a0Supress\u00e3o de \u00e1rvores - MC AMB\" \/>\n<meta property=\"og:description\" content=\"Ao constatar a dimens\u00e3o do desmatamento, foi lavrado um Auto de Infra\u00e7\u00e3o Ambiental no valor de R$ 63.071,25 em desfavor do fazendeiro, buscando responsabiliz\u00e1-lo pelas consequ\u00eancias devastadoras de sua a\u00e7\u00e3o ilegal contra a natureza. Por\u00e9m, as consequ\u00eancias ambientais n\u00e3o se restringiam apenas ao desmatamento em grande escala. Os policiais tamb\u00e9m depararam-se com a supress\u00e3o isolada [&hellip;]\" \/>\n<meta property=\"og:url\" content=\"https:\/\/mcamb.eng.br\/blog\/supressao-de-arvores\/\" \/>\n<meta property=\"og:site_name\" content=\"MC AMB\" \/>\n<meta property=\"article:publisher\" content=\"https:\/\/www.facebook.com\/mcambengamb\" \/>\n<meta property=\"article:published_time\" content=\"2023-08-24T19:05:10+00:00\" \/>\n<meta property=\"article:modified_time\" content=\"2023-08-24T19:16:53+00:00\" \/>\n<meta property=\"og:image\" content=\"https:\/\/mcamb.eng.br\/blog\/wp-content\/uploads\/2023\/03\/logo.webp\" \/>\n\t<meta property=\"og:image:width\" content=\"220\" \/>\n\t<meta property=\"og:image:height\" content=\"176\" \/>\n\t<meta property=\"og:image:type\" content=\"image\/webp\" \/>\n<meta name=\"author\" content=\"Felipe Fiatikoski Angelo\" \/>\n<meta name=\"twitter:card\" content=\"summary_large_image\" \/>\n<meta name=\"twitter:label1\" content=\"Escrito por\" \/>\n\t<meta name=\"twitter:data1\" content=\"Felipe Fiatikoski Angelo\" \/>\n\t<meta name=\"twitter:label2\" content=\"Est. tempo de leitura\" \/>\n\t<meta name=\"twitter:data2\" content=\"1 minuto\" \/>\n<script type=\"application\/ld+json\" class=\"yoast-schema-graph\">{\"@context\":\"https:\/\/schema.org\",\"@graph\":[{\"@type\":\"Article\",\"@id\":\"https:\/\/mcamb.eng.br\/blog\/supressao-de-arvores\/#article\",\"isPartOf\":{\"@id\":\"https:\/\/mcamb.eng.br\/blog\/supressao-de-arvores\/\"},\"author\":{\"name\":\"Felipe Fiatikoski Angelo\",\"@id\":\"https:\/\/mcamb.eng.br\/blog\/#\/schema\/person\/a442e8e8ffde488aa5d57fd80e93d314\"},\"headline\":\"\u00a0Supress\u00e3o de \u00e1rvores\",\"datePublished\":\"2023-08-24T19:05:10+00:00\",\"dateModified\":\"2023-08-24T19:16:53+00:00\",\"mainEntityOfPage\":{\"@id\":\"https:\/\/mcamb.eng.br\/blog\/supressao-de-arvores\/\"},\"wordCount\":274,\"commentCount\":0,\"publisher\":{\"@id\":\"https:\/\/mcamb.eng.br\/blog\/#organization\"},\"inLanguage\":\"pt-BR\",\"potentialAction\":[{\"@type\":\"CommentAction\",\"name\":\"Comment\",\"target\":[\"https:\/\/mcamb.eng.br\/blog\/supressao-de-arvores\/#respond\"]}]},{\"@type\":\"WebPage\",\"@id\":\"https:\/\/mcamb.eng.br\/blog\/supressao-de-arvores\/\",\"url\":\"https:\/\/mcamb.eng.br\/blog\/supressao-de-arvores\/\",\"name\":\"\u00a0Supress\u00e3o de \u00e1rvores - MC AMB\",\"isPartOf\":{\"@id\":\"https:\/\/mcamb.eng.br\/blog\/#website\"},\"datePublished\":\"2023-08-24T19:05:10+00:00\",\"dateModified\":\"2023-08-24T19:16:53+00:00\",\"breadcrumb\":{\"@id\":\"https:\/\/mcamb.eng.br\/blog\/supressao-de-arvores\/#breadcrumb\"},\"inLanguage\":\"pt-BR\",\"potentialAction\":[{\"@type\":\"ReadAction\",\"target\":[\"https:\/\/mcamb.eng.br\/blog\/supressao-de-arvores\/\"]}]},{\"@type\":\"BreadcrumbList\",\"@id\":\"https:\/\/mcamb.eng.br\/blog\/supressao-de-arvores\/#breadcrumb\",\"itemListElement\":[{\"@type\":\"ListItem\",\"position\":1,\"name\":\"In\u00edcio\",\"item\":\"https:\/\/mcamb.eng.br\/blog\/\"},{\"@type\":\"ListItem\",\"position\":2,\"name\":\"\u00a0Supress\u00e3o de \u00e1rvores\"}]},{\"@type\":\"WebSite\",\"@id\":\"https:\/\/mcamb.eng.br\/blog\/#website\",\"url\":\"https:\/\/mcamb.eng.br\/blog\/\",\"name\":\"MC AMB\",\"description\":\"Regulariza\u00e7\u00e3o Ambiental, Topografia e Seguran\u00e7a do Trabalho\",\"publisher\":{\"@id\":\"https:\/\/mcamb.eng.br\/blog\/#organization\"},\"potentialAction\":[{\"@type\":\"SearchAction\",\"target\":{\"@type\":\"EntryPoint\",\"urlTemplate\":\"https:\/\/mcamb.eng.br\/blog\/?s={search_term_string}\"},\"query-input\":\"required name=search_term_string\"}],\"inLanguage\":\"pt-BR\"},{\"@type\":\"Organization\",\"@id\":\"https:\/\/mcamb.eng.br\/blog\/#organization\",\"name\":\"MC AMB\",\"url\":\"https:\/\/mcamb.eng.br\/blog\/\",\"logo\":{\"@type\":\"ImageObject\",\"inLanguage\":\"pt-BR\",\"@id\":\"https:\/\/mcamb.eng.br\/blog\/#\/schema\/logo\/image\/\",\"url\":\"https:\/\/mcamb.eng.br\/blog\/wp-content\/uploads\/2023\/03\/logo.webp\",\"contentUrl\":\"https:\/\/mcamb.eng.br\/blog\/wp-content\/uploads\/2023\/03\/logo.webp\",\"width\":220,\"height\":176,\"caption\":\"MC AMB\"},\"image\":{\"@id\":\"https:\/\/mcamb.eng.br\/blog\/#\/schema\/logo\/image\/\"},\"sameAs\":[\"https:\/\/www.facebook.com\/mcambengamb\",\"https:\/\/www.instagram.com\/mcambengenharia\/\"]},{\"@type\":\"Person\",\"@id\":\"https:\/\/mcamb.eng.br\/blog\/#\/schema\/person\/a442e8e8ffde488aa5d57fd80e93d314\",\"name\":\"Felipe Fiatikoski Angelo\",\"image\":{\"@type\":\"ImageObject\",\"inLanguage\":\"pt-BR\",\"@id\":\"https:\/\/mcamb.eng.br\/blog\/#\/schema\/person\/image\/\",\"url\":\"https:\/\/secure.gravatar.com\/avatar\/3ac7ccd215ee9c749dc685397b946f91?s=96&d=mm&r=g\",\"contentUrl\":\"https:\/\/secure.gravatar.com\/avatar\/3ac7ccd215ee9c749dc685397b946f91?s=96&d=mm&r=g\",\"caption\":\"Felipe Fiatikoski Angelo\"},\"url\":\"https:\/\/mcamb.eng.br\/blog\/author\/felipe\/\"}]}<\/script>\n<!-- \/ Yoast SEO plugin. -->","yoast_head_json":{"title":"\u00a0Supress\u00e3o de \u00e1rvores - MC AMB","robots":{"index":"index","follow":"follow","max-snippet":"max-snippet:-1","max-image-preview":"max-image-preview:large","max-video-preview":"max-video-preview:-1"},"canonical":"https:\/\/mcamb.eng.br\/blog\/supressao-de-arvores\/","og_locale":"pt_BR","og_type":"article","og_title":"\u00a0Supress\u00e3o de \u00e1rvores - MC AMB","og_description":"Ao constatar a dimens\u00e3o do desmatamento, foi lavrado um Auto de Infra\u00e7\u00e3o Ambiental no valor de R$ 63.071,25 em desfavor do fazendeiro, buscando responsabiliz\u00e1-lo pelas consequ\u00eancias devastadoras de sua a\u00e7\u00e3o ilegal contra a natureza. Por\u00e9m, as consequ\u00eancias ambientais n\u00e3o se restringiam apenas ao desmatamento em grande escala. Os policiais tamb\u00e9m depararam-se com a supress\u00e3o isolada [&hellip;]","og_url":"https:\/\/mcamb.eng.br\/blog\/supressao-de-arvores\/","og_site_name":"MC AMB","article_publisher":"https:\/\/www.facebook.com\/mcambengamb","article_published_time":"2023-08-24T19:05:10+00:00","article_modified_time":"2023-08-24T19:16:53+00:00","og_image":[{"width":220,"height":176,"url":"https:\/\/mcamb.eng.br\/blog\/wp-content\/uploads\/2023\/03\/logo.webp","type":"image\/webp"}],"author":"Felipe Fiatikoski Angelo","twitter_card":"summary_large_image","twitter_misc":{"Escrito por":"Felipe Fiatikoski Angelo","Est. tempo de leitura":"1 minuto"},"schema":{"@context":"https:\/\/schema.org","@graph":[{"@type":"Article","@id":"https:\/\/mcamb.eng.br\/blog\/supressao-de-arvores\/#article","isPartOf":{"@id":"https:\/\/mcamb.eng.br\/blog\/supressao-de-arvores\/"},"author":{"name":"Felipe Fiatikoski Angelo","@id":"https:\/\/mcamb.eng.br\/blog\/#\/schema\/person\/a442e8e8ffde488aa5d57fd80e93d314"},"headline":"\u00a0Supress\u00e3o de \u00e1rvores","datePublished":"2023-08-24T19:05:10+00:00","dateModified":"2023-08-24T19:16:53+00:00","mainEntityOfPage":{"@id":"https:\/\/mcamb.eng.br\/blog\/supressao-de-arvores\/"},"wordCount":274,"commentCount":0,"publisher":{"@id":"https:\/\/mcamb.eng.br\/blog\/#organization"},"inLanguage":"pt-BR","potentialAction":[{"@type":"CommentAction","name":"Comment","target":["https:\/\/mcamb.eng.br\/blog\/supressao-de-arvores\/#respond"]}]},{"@type":"WebPage","@id":"https:\/\/mcamb.eng.br\/blog\/supressao-de-arvores\/","url":"https:\/\/mcamb.eng.br\/blog\/supressao-de-arvores\/","name":"\u00a0Supress\u00e3o de \u00e1rvores - MC AMB","isPartOf":{"@id":"https:\/\/mcamb.eng.br\/blog\/#website"},"datePublished":"2023-08-24T19:05:10+00:00","dateModified":"2023-08-24T19:16:53+00:00","breadcrumb":{"@id":"https:\/\/mcamb.eng.br\/blog\/supressao-de-arvores\/#breadcrumb"},"inLanguage":"pt-BR","potentialAction":[{"@type":"ReadAction","target":["https:\/\/mcamb.eng.br\/blog\/supressao-de-arvores\/"]}]},{"@type":"BreadcrumbList","@id":"https:\/\/mcamb.eng.br\/blog\/supressao-de-arvores\/#breadcrumb","itemListElement":[{"@type":"ListItem","position":1,"name":"In\u00edcio","item":"https:\/\/mcamb.eng.br\/blog\/"},{"@type":"ListItem","position":2,"name":"\u00a0Supress\u00e3o de \u00e1rvores"}]},{"@type":"WebSite","@id":"https:\/\/mcamb.eng.br\/blog\/#website","url":"https:\/\/mcamb.eng.br\/blog\/","name":"MC AMB","description":"Regulariza\u00e7\u00e3o Ambiental, Topografia e Seguran\u00e7a do Trabalho","publisher":{"@id":"https:\/\/mcamb.eng.br\/blog\/#organization"},"potentialAction":[{"@type":"SearchAction","target":{"@type":"EntryPoint","urlTemplate":"https:\/\/mcamb.eng.br\/blog\/?s={search_term_string}"},"query-input":"required name=search_term_string"}],"inLanguage":"pt-BR"},{"@type":"Organization","@id":"https:\/\/mcamb.eng.br\/blog\/#organization","name":"MC AMB","url":"https:\/\/mcamb.eng.br\/blog\/","logo":{"@type":"ImageObject","inLanguage":"pt-BR","@id":"https:\/\/mcamb.eng.br\/blog\/#\/schema\/logo\/image\/","url":"https:\/\/mcamb.eng.br\/blog\/wp-content\/uploads\/2023\/03\/logo.webp","contentUrl":"https:\/\/mcamb.eng.br\/blog\/wp-content\/uploads\/2023\/03\/logo.webp","width":220,"height":176,"caption":"MC AMB"},"image":{"@id":"https:\/\/mcamb.eng.br\/blog\/#\/schema\/logo\/image\/"},"sameAs":["https:\/\/www.facebook.com\/mcambengamb","https:\/\/www.instagram.com\/mcambengenharia\/"]},{"@type":"Person","@id":"https:\/\/mcamb.eng.br\/blog\/#\/schema\/person\/a442e8e8ffde488aa5d57fd80e93d314","name":"Felipe Fiatikoski Angelo","image":{"@type":"ImageObject","inLanguage":"pt-BR","@id":"https:\/\/mcamb.eng.br\/blog\/#\/schema\/person\/image\/","url":"https:\/\/secure.gravatar.com\/avatar\/3ac7ccd215ee9c749dc685397b946f91?s=96&d=mm&r=g","contentUrl":"https:\/\/secure.gravatar.com\/avatar\/3ac7ccd215ee9c749dc685397b946f91?s=96&d=mm&r=g","caption":"Felipe Fiatikoski Angelo"},"url":"https:\/\/mcamb.eng.br\/blog\/author\/felipe\/"}]}},"_links":{"self":[{"href":"https:\/\/mcamb.eng.br\/blog\/wp-json\/wp\/v2\/posts\/257"}],"collection":[{"href":"https:\/\/mcamb.eng.br\/blog\/wp-json\/wp\/v2\/posts"}],"about":[{"href":"https:\/\/mcamb.eng.br\/blog\/wp-json\/wp\/v2\/types\/post"}],"author":[{"embeddable":true,"href":"https:\/\/mcamb.eng.br\/blog\/wp-json\/wp\/v2\/users\/3"}],"replies":[{"embeddable":true,"href":"https:\/\/mcamb.eng.br\/blog\/wp-json\/wp\/v2\/comments?post=257"}],"version-history":[{"count":3,"href":"https:\/\/mcamb.eng.br\/blog\/wp-json\/wp\/v2\/posts\/257\/revisions"}],"predecessor-version":[{"id":270,"href":"https:\/\/mcamb.eng.br\/blog\/wp-json\/wp\/v2\/posts\/257\/revisions\/270"}],"wp:attachment":[{"href":"https:\/\/mcamb.eng.br\/blog\/wp-json\/wp\/v2\/media?parent=257"}],"wp:term":[{"taxonomy":"category","embeddable":true,"href":"https:\/\/mcamb.eng.br\/blog\/wp-json\/wp\/v2\/categories?post=257"},{"taxonomy":"post_tag","embeddable":true,"href":"https:\/\/mcamb.eng.br\/blog\/wp-json\/wp\/v2\/tags?post=257"}],"curies":[{"name":"wp","href":"https:\/\/api.w.org\/{rel}","templated":true}]}}