{"id":263,"date":"2023-08-24T16:14:22","date_gmt":"2023-08-24T19:14:22","guid":{"rendered":"https:\/\/mcamb.eng.br\/blog\/?p=263"},"modified":"2023-08-24T16:14:22","modified_gmt":"2023-08-24T19:14:22","slug":"prefeitura-atualiza-legislacao-referente-a-supressao-de-arvores-isoladas-e-criterios-de-compensacao-ambiental","status":"publish","type":"post","link":"https:\/\/mcamb.eng.br\/blog\/prefeitura-atualiza-legislacao-referente-a-supressao-de-arvores-isoladas-e-criterios-de-compensacao-ambiental\/","title":{"rendered":"<strong>\u00a0Prefeitura atualiza legisla\u00e7\u00e3o referente \u00e0 supress\u00e3o de \u00e1rvores isoladas e crit\u00e9rios de compensa\u00e7\u00e3o ambiental<\/strong>"},"content":{"rendered":"\n<figure class=\"wp-block-image size-full\"><img decoding=\"async\" width=\"1000\" height=\"1000\" src=\"https:\/\/mcamb.eng.br\/blog\/wp-content\/uploads\/2023\/08\/DILVANA_MCAMB_POSTS_AGOSTO-2.png\" alt=\"\" class=\"wp-image-265\" srcset=\"https:\/\/mcamb.eng.br\/blog\/wp-content\/uploads\/2023\/08\/DILVANA_MCAMB_POSTS_AGOSTO-2.png 1000w, https:\/\/mcamb.eng.br\/blog\/wp-content\/uploads\/2023\/08\/DILVANA_MCAMB_POSTS_AGOSTO-2-300x300.png 300w, https:\/\/mcamb.eng.br\/blog\/wp-content\/uploads\/2023\/08\/DILVANA_MCAMB_POSTS_AGOSTO-2-150x150.png 150w, https:\/\/mcamb.eng.br\/blog\/wp-content\/uploads\/2023\/08\/DILVANA_MCAMB_POSTS_AGOSTO-2-768x768.png 768w\" sizes=\"(max-width: 1000px) 100vw, 1000px\" \/><\/figure>\n\n\n\n<p>A cidade de S\u00e3o Sebasti\u00e3o deu um passo importante na preserva\u00e7\u00e3o de suas \u00e1rvores e palmeiras isoladas, nativas e ex\u00f3ticas, por meio da atualiza\u00e7\u00e3o da legisla\u00e7\u00e3o municipal que trata dos procedimentos para poda e supress\u00e3o desses exemplares em lotes urbanos. A iniciativa, realizada pela Prefeitura em conjunto com o Conselho Municipal do Meio Ambiente (COMAM), reflete o compromisso da administra\u00e7\u00e3o em proteger o meio ambiente e garantir um futuro mais sustent\u00e1vel para todos.<\/p>\n\n\n\n<p>A Lei n.\u00ba 2878\/2022, sancionada e promulgada pelo prefeito Felipe Augusto, substitui a legisla\u00e7\u00e3o anterior (Lei n.\u00ba 2637\/2019) e abrange tanto as \u00e1reas p\u00fablicas como as particulares. No entanto, \u00e9 importante notar que a nova lei n\u00e3o se aplica \u00e0s \u00e1rvores presentes em fragmentos de vegeta\u00e7\u00e3o nativa ou maci\u00e7os florestais, que possuem um valor ecol\u00f3gico ainda mais significativo.<\/p>\n\n\n\n<p>Para qualquer a\u00e7\u00e3o de poda ou supress\u00e3o de \u00e1rvores isoladas em \u00e1reas p\u00fablicas, ou particulares, \u00e9 obrigat\u00f3ria a obten\u00e7\u00e3o de uma autoriza\u00e7\u00e3o emitida pela Secretaria do Meio Ambiente (SEMAM). Caso a supress\u00e3o ocorra sem a devida autoriza\u00e7\u00e3o, as consequ\u00eancias ser\u00e3o a aplica\u00e7\u00e3o de multas e san\u00e7\u00f5es administrativas, a fim de coibir pr\u00e1ticas que comprometam a preserva\u00e7\u00e3o do patrim\u00f4nio ambiental da cidade.<\/p>\n\n\n\n<p>A lei tamb\u00e9m estabelece crit\u00e9rios claros para a elabora\u00e7\u00e3o dos termos de compensa\u00e7\u00e3o ambiental em casos de supress\u00e3o de \u00e1rvores e palmeiras. Para isso, \u00e9 necess\u00e1rio ser apresentado um relat\u00f3rio t\u00e9cnico elaborado por um profissional habilitado, com base em seis exemplares arb\u00f3reos ou palm\u00e1cia presentes na mesma \u00e1rea. Caso a a\u00e7\u00e3o envolva at\u00e9 cinco exemplares, h\u00e1 a possibilidade de seguir um procedimento simplificado, por\u00e9m, sujeito \u00e0 avalia\u00e7\u00e3o e aprova\u00e7\u00e3o da SEMAM.<\/p>\n\n\n\n<p>Uma medida importante inclu\u00edda na nova legisla\u00e7\u00e3o \u00e9 a isen\u00e7\u00e3o do relat\u00f3rio t\u00e9cnico para mun\u00edcipes que n\u00e3o possuem condi\u00e7\u00f5es financeiras para arcar com esse procedimento. Nesses casos, a SEMAM realizar\u00e1 uma vistoria conduzida por um fiscal habilitado, e mediante comprova\u00e7\u00e3o da declara\u00e7\u00e3o de pobreza, a apresenta\u00e7\u00e3o do relat\u00f3rio n\u00e3o ser\u00e1 exigida. Essa medida busca assegurar que todos os cidad\u00e3os tenham acesso ao processo de autoriza\u00e7\u00e3o de forma justa e equitativa, independentemente de sua condi\u00e7\u00e3o financeira.<\/p>\n\n\n\n<p>A atualiza\u00e7\u00e3o da legisla\u00e7\u00e3o \u00e9 um marco positivo para S\u00e3o Sebasti\u00e3o, destacando a preocupa\u00e7\u00e3o da administra\u00e7\u00e3o municipal com a preserva\u00e7\u00e3o de sua rica biodiversidade e com o bem-estar da popula\u00e7\u00e3o. Ao adotar medidas mais rigorosas para a prote\u00e7\u00e3o das \u00e1rvores e palmeiras isoladas, a cidade se fortalece na busca por um ambiente urbano mais verde, saud\u00e1vel e sustent\u00e1vel para todos os seus habitantes.<\/p>\n\n\n\n<p>Fonte: http:\/\/www.saosebastiao.sp.gov.br\/noticia.asp?id=N1842022152213<\/p>\n","protected":false},"excerpt":{"rendered":"<p>A cidade de S\u00e3o Sebasti\u00e3o deu um passo importante na preserva\u00e7\u00e3o de suas \u00e1rvores e palmeiras isoladas, nativas e ex\u00f3ticas, por meio da atualiza\u00e7\u00e3o da legisla\u00e7\u00e3o municipal que trata dos procedimentos para poda e supress\u00e3o desses exemplares em lotes urbanos. A iniciativa, realizada pela Prefeitura em conjunto com o Conselho Municipal do Meio Ambiente (COMAM), [&hellip;]<\/p>\n","protected":false},"author":3,"featured_media":0,"comment_status":"open","ping_status":"open","sticky":false,"template":"","format":"standard","meta":[],"categories":[1],"tags":[],"yoast_head":"<!-- This site is optimized with the Yoast SEO plugin v20.4 - https:\/\/yoast.com\/wordpress\/plugins\/seo\/ -->\n<title>\u00a0Prefeitura atualiza legisla\u00e7\u00e3o referente \u00e0 supress\u00e3o de \u00e1rvores isoladas e crit\u00e9rios de compensa\u00e7\u00e3o ambiental - MC AMB<\/title>\n<meta name=\"robots\" content=\"index, follow, max-snippet:-1, max-image-preview:large, max-video-preview:-1\" \/>\n<link rel=\"canonical\" href=\"https:\/\/mcamb.eng.br\/blog\/prefeitura-atualiza-legislacao-referente-a-supressao-de-arvores-isoladas-e-criterios-de-compensacao-ambiental\/\" \/>\n<meta property=\"og:locale\" content=\"pt_BR\" \/>\n<meta property=\"og:type\" content=\"article\" \/>\n<meta property=\"og:title\" content=\"\u00a0Prefeitura atualiza legisla\u00e7\u00e3o referente \u00e0 supress\u00e3o de \u00e1rvores isoladas e crit\u00e9rios de compensa\u00e7\u00e3o ambiental - MC AMB\" \/>\n<meta property=\"og:description\" content=\"A cidade de S\u00e3o Sebasti\u00e3o deu um passo importante na preserva\u00e7\u00e3o de suas \u00e1rvores e palmeiras isoladas, nativas e ex\u00f3ticas, por meio da atualiza\u00e7\u00e3o da legisla\u00e7\u00e3o municipal que trata dos procedimentos para poda e supress\u00e3o desses exemplares em lotes urbanos. A iniciativa, realizada pela Prefeitura em conjunto com o Conselho Municipal do Meio Ambiente (COMAM), [&hellip;]\" \/>\n<meta property=\"og:url\" content=\"https:\/\/mcamb.eng.br\/blog\/prefeitura-atualiza-legislacao-referente-a-supressao-de-arvores-isoladas-e-criterios-de-compensacao-ambiental\/\" \/>\n<meta property=\"og:site_name\" content=\"MC AMB\" \/>\n<meta property=\"article:publisher\" content=\"https:\/\/www.facebook.com\/mcambengamb\" \/>\n<meta property=\"article:published_time\" content=\"2023-08-24T19:14:22+00:00\" \/>\n<meta property=\"og:image\" content=\"https:\/\/mcamb.eng.br\/blog\/wp-content\/uploads\/2023\/08\/DILVANA_MCAMB_POSTS_AGOSTO-2.png\" \/>\n<meta name=\"author\" content=\"Felipe Fiatikoski Angelo\" \/>\n<meta name=\"twitter:card\" content=\"summary_large_image\" \/>\n<meta name=\"twitter:label1\" content=\"Escrito por\" \/>\n\t<meta name=\"twitter:data1\" content=\"Felipe Fiatikoski Angelo\" \/>\n\t<meta name=\"twitter:label2\" content=\"Est. tempo de leitura\" \/>\n\t<meta name=\"twitter:data2\" content=\"2 minutos\" \/>\n<script type=\"application\/ld+json\" class=\"yoast-schema-graph\">{\"@context\":\"https:\/\/schema.org\",\"@graph\":[{\"@type\":\"Article\",\"@id\":\"https:\/\/mcamb.eng.br\/blog\/prefeitura-atualiza-legislacao-referente-a-supressao-de-arvores-isoladas-e-criterios-de-compensacao-ambiental\/#article\",\"isPartOf\":{\"@id\":\"https:\/\/mcamb.eng.br\/blog\/prefeitura-atualiza-legislacao-referente-a-supressao-de-arvores-isoladas-e-criterios-de-compensacao-ambiental\/\"},\"author\":{\"name\":\"Felipe Fiatikoski Angelo\",\"@id\":\"https:\/\/mcamb.eng.br\/blog\/#\/schema\/person\/a442e8e8ffde488aa5d57fd80e93d314\"},\"headline\":\"\u00a0Prefeitura atualiza legisla\u00e7\u00e3o referente \u00e0 supress\u00e3o de \u00e1rvores isoladas e crit\u00e9rios de compensa\u00e7\u00e3o ambiental\",\"datePublished\":\"2023-08-24T19:14:22+00:00\",\"dateModified\":\"2023-08-24T19:14:22+00:00\",\"mainEntityOfPage\":{\"@id\":\"https:\/\/mcamb.eng.br\/blog\/prefeitura-atualiza-legislacao-referente-a-supressao-de-arvores-isoladas-e-criterios-de-compensacao-ambiental\/\"},\"wordCount\":492,\"commentCount\":0,\"publisher\":{\"@id\":\"https:\/\/mcamb.eng.br\/blog\/#organization\"},\"inLanguage\":\"pt-BR\",\"potentialAction\":[{\"@type\":\"CommentAction\",\"name\":\"Comment\",\"target\":[\"https:\/\/mcamb.eng.br\/blog\/prefeitura-atualiza-legislacao-referente-a-supressao-de-arvores-isoladas-e-criterios-de-compensacao-ambiental\/#respond\"]}]},{\"@type\":\"WebPage\",\"@id\":\"https:\/\/mcamb.eng.br\/blog\/prefeitura-atualiza-legislacao-referente-a-supressao-de-arvores-isoladas-e-criterios-de-compensacao-ambiental\/\",\"url\":\"https:\/\/mcamb.eng.br\/blog\/prefeitura-atualiza-legislacao-referente-a-supressao-de-arvores-isoladas-e-criterios-de-compensacao-ambiental\/\",\"name\":\"\u00a0Prefeitura atualiza legisla\u00e7\u00e3o referente \u00e0 supress\u00e3o de \u00e1rvores isoladas e crit\u00e9rios de compensa\u00e7\u00e3o ambiental - MC AMB\",\"isPartOf\":{\"@id\":\"https:\/\/mcamb.eng.br\/blog\/#website\"},\"datePublished\":\"2023-08-24T19:14:22+00:00\",\"dateModified\":\"2023-08-24T19:14:22+00:00\",\"breadcrumb\":{\"@id\":\"https:\/\/mcamb.eng.br\/blog\/prefeitura-atualiza-legislacao-referente-a-supressao-de-arvores-isoladas-e-criterios-de-compensacao-ambiental\/#breadcrumb\"},\"inLanguage\":\"pt-BR\",\"potentialAction\":[{\"@type\":\"ReadAction\",\"target\":[\"https:\/\/mcamb.eng.br\/blog\/prefeitura-atualiza-legislacao-referente-a-supressao-de-arvores-isoladas-e-criterios-de-compensacao-ambiental\/\"]}]},{\"@type\":\"BreadcrumbList\",\"@id\":\"https:\/\/mcamb.eng.br\/blog\/prefeitura-atualiza-legislacao-referente-a-supressao-de-arvores-isoladas-e-criterios-de-compensacao-ambiental\/#breadcrumb\",\"itemListElement\":[{\"@type\":\"ListItem\",\"position\":1,\"name\":\"In\u00edcio\",\"item\":\"https:\/\/mcamb.eng.br\/blog\/\"},{\"@type\":\"ListItem\",\"position\":2,\"name\":\"\u00a0Prefeitura atualiza legisla\u00e7\u00e3o referente \u00e0 supress\u00e3o de \u00e1rvores isoladas e crit\u00e9rios de compensa\u00e7\u00e3o ambiental\"}]},{\"@type\":\"WebSite\",\"@id\":\"https:\/\/mcamb.eng.br\/blog\/#website\",\"url\":\"https:\/\/mcamb.eng.br\/blog\/\",\"name\":\"MC AMB\",\"description\":\"Regulariza\u00e7\u00e3o Ambiental, Topografia e Seguran\u00e7a do Trabalho\",\"publisher\":{\"@id\":\"https:\/\/mcamb.eng.br\/blog\/#organization\"},\"potentialAction\":[{\"@type\":\"SearchAction\",\"target\":{\"@type\":\"EntryPoint\",\"urlTemplate\":\"https:\/\/mcamb.eng.br\/blog\/?s={search_term_string}\"},\"query-input\":\"required name=search_term_string\"}],\"inLanguage\":\"pt-BR\"},{\"@type\":\"Organization\",\"@id\":\"https:\/\/mcamb.eng.br\/blog\/#organization\",\"name\":\"MC AMB\",\"url\":\"https:\/\/mcamb.eng.br\/blog\/\",\"logo\":{\"@type\":\"ImageObject\",\"inLanguage\":\"pt-BR\",\"@id\":\"https:\/\/mcamb.eng.br\/blog\/#\/schema\/logo\/image\/\",\"url\":\"https:\/\/mcamb.eng.br\/blog\/wp-content\/uploads\/2023\/03\/logo.webp\",\"contentUrl\":\"https:\/\/mcamb.eng.br\/blog\/wp-content\/uploads\/2023\/03\/logo.webp\",\"width\":220,\"height\":176,\"caption\":\"MC AMB\"},\"image\":{\"@id\":\"https:\/\/mcamb.eng.br\/blog\/#\/schema\/logo\/image\/\"},\"sameAs\":[\"https:\/\/www.facebook.com\/mcambengamb\",\"https:\/\/www.instagram.com\/mcambengenharia\/\"]},{\"@type\":\"Person\",\"@id\":\"https:\/\/mcamb.eng.br\/blog\/#\/schema\/person\/a442e8e8ffde488aa5d57fd80e93d314\",\"name\":\"Felipe Fiatikoski Angelo\",\"image\":{\"@type\":\"ImageObject\",\"inLanguage\":\"pt-BR\",\"@id\":\"https:\/\/mcamb.eng.br\/blog\/#\/schema\/person\/image\/\",\"url\":\"https:\/\/secure.gravatar.com\/avatar\/3ac7ccd215ee9c749dc685397b946f91?s=96&d=mm&r=g\",\"contentUrl\":\"https:\/\/secure.gravatar.com\/avatar\/3ac7ccd215ee9c749dc685397b946f91?s=96&d=mm&r=g\",\"caption\":\"Felipe Fiatikoski Angelo\"},\"url\":\"https:\/\/mcamb.eng.br\/blog\/author\/felipe\/\"}]}<\/script>\n<!-- \/ Yoast SEO plugin. -->","yoast_head_json":{"title":"\u00a0Prefeitura atualiza legisla\u00e7\u00e3o referente \u00e0 supress\u00e3o de \u00e1rvores isoladas e crit\u00e9rios de compensa\u00e7\u00e3o ambiental - MC AMB","robots":{"index":"index","follow":"follow","max-snippet":"max-snippet:-1","max-image-preview":"max-image-preview:large","max-video-preview":"max-video-preview:-1"},"canonical":"https:\/\/mcamb.eng.br\/blog\/prefeitura-atualiza-legislacao-referente-a-supressao-de-arvores-isoladas-e-criterios-de-compensacao-ambiental\/","og_locale":"pt_BR","og_type":"article","og_title":"\u00a0Prefeitura atualiza legisla\u00e7\u00e3o referente \u00e0 supress\u00e3o de \u00e1rvores isoladas e crit\u00e9rios de compensa\u00e7\u00e3o ambiental - MC AMB","og_description":"A cidade de S\u00e3o Sebasti\u00e3o deu um passo importante na preserva\u00e7\u00e3o de suas \u00e1rvores e palmeiras isoladas, nativas e ex\u00f3ticas, por meio da atualiza\u00e7\u00e3o da legisla\u00e7\u00e3o municipal que trata dos procedimentos para poda e supress\u00e3o desses exemplares em lotes urbanos. A iniciativa, realizada pela Prefeitura em conjunto com o Conselho Municipal do Meio Ambiente (COMAM), [&hellip;]","og_url":"https:\/\/mcamb.eng.br\/blog\/prefeitura-atualiza-legislacao-referente-a-supressao-de-arvores-isoladas-e-criterios-de-compensacao-ambiental\/","og_site_name":"MC AMB","article_publisher":"https:\/\/www.facebook.com\/mcambengamb","article_published_time":"2023-08-24T19:14:22+00:00","og_image":[{"url":"https:\/\/mcamb.eng.br\/blog\/wp-content\/uploads\/2023\/08\/DILVANA_MCAMB_POSTS_AGOSTO-2.png"}],"author":"Felipe Fiatikoski Angelo","twitter_card":"summary_large_image","twitter_misc":{"Escrito por":"Felipe Fiatikoski Angelo","Est. tempo de leitura":"2 minutos"},"schema":{"@context":"https:\/\/schema.org","@graph":[{"@type":"Article","@id":"https:\/\/mcamb.eng.br\/blog\/prefeitura-atualiza-legislacao-referente-a-supressao-de-arvores-isoladas-e-criterios-de-compensacao-ambiental\/#article","isPartOf":{"@id":"https:\/\/mcamb.eng.br\/blog\/prefeitura-atualiza-legislacao-referente-a-supressao-de-arvores-isoladas-e-criterios-de-compensacao-ambiental\/"},"author":{"name":"Felipe Fiatikoski Angelo","@id":"https:\/\/mcamb.eng.br\/blog\/#\/schema\/person\/a442e8e8ffde488aa5d57fd80e93d314"},"headline":"\u00a0Prefeitura atualiza legisla\u00e7\u00e3o referente \u00e0 supress\u00e3o de \u00e1rvores isoladas e crit\u00e9rios de compensa\u00e7\u00e3o ambiental","datePublished":"2023-08-24T19:14:22+00:00","dateModified":"2023-08-24T19:14:22+00:00","mainEntityOfPage":{"@id":"https:\/\/mcamb.eng.br\/blog\/prefeitura-atualiza-legislacao-referente-a-supressao-de-arvores-isoladas-e-criterios-de-compensacao-ambiental\/"},"wordCount":492,"commentCount":0,"publisher":{"@id":"https:\/\/mcamb.eng.br\/blog\/#organization"},"inLanguage":"pt-BR","potentialAction":[{"@type":"CommentAction","name":"Comment","target":["https:\/\/mcamb.eng.br\/blog\/prefeitura-atualiza-legislacao-referente-a-supressao-de-arvores-isoladas-e-criterios-de-compensacao-ambiental\/#respond"]}]},{"@type":"WebPage","@id":"https:\/\/mcamb.eng.br\/blog\/prefeitura-atualiza-legislacao-referente-a-supressao-de-arvores-isoladas-e-criterios-de-compensacao-ambiental\/","url":"https:\/\/mcamb.eng.br\/blog\/prefeitura-atualiza-legislacao-referente-a-supressao-de-arvores-isoladas-e-criterios-de-compensacao-ambiental\/","name":"\u00a0Prefeitura atualiza legisla\u00e7\u00e3o referente \u00e0 supress\u00e3o de \u00e1rvores isoladas e crit\u00e9rios de compensa\u00e7\u00e3o ambiental - MC AMB","isPartOf":{"@id":"https:\/\/mcamb.eng.br\/blog\/#website"},"datePublished":"2023-08-24T19:14:22+00:00","dateModified":"2023-08-24T19:14:22+00:00","breadcrumb":{"@id":"https:\/\/mcamb.eng.br\/blog\/prefeitura-atualiza-legislacao-referente-a-supressao-de-arvores-isoladas-e-criterios-de-compensacao-ambiental\/#breadcrumb"},"inLanguage":"pt-BR","potentialAction":[{"@type":"ReadAction","target":["https:\/\/mcamb.eng.br\/blog\/prefeitura-atualiza-legislacao-referente-a-supressao-de-arvores-isoladas-e-criterios-de-compensacao-ambiental\/"]}]},{"@type":"BreadcrumbList","@id":"https:\/\/mcamb.eng.br\/blog\/prefeitura-atualiza-legislacao-referente-a-supressao-de-arvores-isoladas-e-criterios-de-compensacao-ambiental\/#breadcrumb","itemListElement":[{"@type":"ListItem","position":1,"name":"In\u00edcio","item":"https:\/\/mcamb.eng.br\/blog\/"},{"@type":"ListItem","position":2,"name":"\u00a0Prefeitura atualiza legisla\u00e7\u00e3o referente \u00e0 supress\u00e3o de \u00e1rvores isoladas e crit\u00e9rios de compensa\u00e7\u00e3o ambiental"}]},{"@type":"WebSite","@id":"https:\/\/mcamb.eng.br\/blog\/#website","url":"https:\/\/mcamb.eng.br\/blog\/","name":"MC AMB","description":"Regulariza\u00e7\u00e3o Ambiental, Topografia e Seguran\u00e7a do Trabalho","publisher":{"@id":"https:\/\/mcamb.eng.br\/blog\/#organization"},"potentialAction":[{"@type":"SearchAction","target":{"@type":"EntryPoint","urlTemplate":"https:\/\/mcamb.eng.br\/blog\/?s={search_term_string}"},"query-input":"required name=search_term_string"}],"inLanguage":"pt-BR"},{"@type":"Organization","@id":"https:\/\/mcamb.eng.br\/blog\/#organization","name":"MC AMB","url":"https:\/\/mcamb.eng.br\/blog\/","logo":{"@type":"ImageObject","inLanguage":"pt-BR","@id":"https:\/\/mcamb.eng.br\/blog\/#\/schema\/logo\/image\/","url":"https:\/\/mcamb.eng.br\/blog\/wp-content\/uploads\/2023\/03\/logo.webp","contentUrl":"https:\/\/mcamb.eng.br\/blog\/wp-content\/uploads\/2023\/03\/logo.webp","width":220,"height":176,"caption":"MC AMB"},"image":{"@id":"https:\/\/mcamb.eng.br\/blog\/#\/schema\/logo\/image\/"},"sameAs":["https:\/\/www.facebook.com\/mcambengamb","https:\/\/www.instagram.com\/mcambengenharia\/"]},{"@type":"Person","@id":"https:\/\/mcamb.eng.br\/blog\/#\/schema\/person\/a442e8e8ffde488aa5d57fd80e93d314","name":"Felipe Fiatikoski Angelo","image":{"@type":"ImageObject","inLanguage":"pt-BR","@id":"https:\/\/mcamb.eng.br\/blog\/#\/schema\/person\/image\/","url":"https:\/\/secure.gravatar.com\/avatar\/3ac7ccd215ee9c749dc685397b946f91?s=96&d=mm&r=g","contentUrl":"https:\/\/secure.gravatar.com\/avatar\/3ac7ccd215ee9c749dc685397b946f91?s=96&d=mm&r=g","caption":"Felipe Fiatikoski Angelo"},"url":"https:\/\/mcamb.eng.br\/blog\/author\/felipe\/"}]}},"_links":{"self":[{"href":"https:\/\/mcamb.eng.br\/blog\/wp-json\/wp\/v2\/posts\/263"}],"collection":[{"href":"https:\/\/mcamb.eng.br\/blog\/wp-json\/wp\/v2\/posts"}],"about":[{"href":"https:\/\/mcamb.eng.br\/blog\/wp-json\/wp\/v2\/types\/post"}],"author":[{"embeddable":true,"href":"https:\/\/mcamb.eng.br\/blog\/wp-json\/wp\/v2\/users\/3"}],"replies":[{"embeddable":true,"href":"https:\/\/mcamb.eng.br\/blog\/wp-json\/wp\/v2\/comments?post=263"}],"version-history":[{"count":1,"href":"https:\/\/mcamb.eng.br\/blog\/wp-json\/wp\/v2\/posts\/263\/revisions"}],"predecessor-version":[{"id":266,"href":"https:\/\/mcamb.eng.br\/blog\/wp-json\/wp\/v2\/posts\/263\/revisions\/266"}],"wp:attachment":[{"href":"https:\/\/mcamb.eng.br\/blog\/wp-json\/wp\/v2\/media?parent=263"}],"wp:term":[{"taxonomy":"category","embeddable":true,"href":"https:\/\/mcamb.eng.br\/blog\/wp-json\/wp\/v2\/categories?post=263"},{"taxonomy":"post_tag","embeddable":true,"href":"https:\/\/mcamb.eng.br\/blog\/wp-json\/wp\/v2\/tags?post=263"}],"curies":[{"name":"wp","href":"https:\/\/api.w.org\/{rel}","templated":true}]}}