{"id":267,"date":"2023-08-24T16:16:26","date_gmt":"2023-08-24T19:16:26","guid":{"rendered":"https:\/\/mcamb.eng.br\/blog\/?p=267"},"modified":"2023-08-24T16:16:26","modified_gmt":"2023-08-24T19:16:26","slug":"prefeitura-de-caraguatatuba-orienta-sobre-servico-de-corte-de-arvores-em-areas-publicas-e-particulares","status":"publish","type":"post","link":"https:\/\/mcamb.eng.br\/blog\/prefeitura-de-caraguatatuba-orienta-sobre-servico-de-corte-de-arvores-em-areas-publicas-e-particulares\/","title":{"rendered":"<strong>PREFEITURA DE CARAGUATATUBA ORIENTA SOBRE SERVI\u00c7O DE CORTE DE \u00c1RVORES EM \u00c1REAS P\u00daBLICAS E PARTICULARES<\/strong>"},"content":{"rendered":"\n<figure class=\"wp-block-image size-full\"><img decoding=\"async\" width=\"1000\" height=\"1000\" src=\"https:\/\/mcamb.eng.br\/blog\/wp-content\/uploads\/2023\/08\/DILVANA_MCAMB_POSTS_AGOSTO-3-1.png\" alt=\"\" class=\"wp-image-268\" srcset=\"https:\/\/mcamb.eng.br\/blog\/wp-content\/uploads\/2023\/08\/DILVANA_MCAMB_POSTS_AGOSTO-3-1.png 1000w, https:\/\/mcamb.eng.br\/blog\/wp-content\/uploads\/2023\/08\/DILVANA_MCAMB_POSTS_AGOSTO-3-1-300x300.png 300w, https:\/\/mcamb.eng.br\/blog\/wp-content\/uploads\/2023\/08\/DILVANA_MCAMB_POSTS_AGOSTO-3-1-150x150.png 150w, https:\/\/mcamb.eng.br\/blog\/wp-content\/uploads\/2023\/08\/DILVANA_MCAMB_POSTS_AGOSTO-3-1-768x768.png 768w\" sizes=\"(max-width: 1000px) 100vw, 1000px\" \/><\/figure>\n\n\n\n<p>A Prefeitura de Caraguatatuba tem se empenhado em fornecer orienta\u00e7\u00f5es e procedimentos adequados para o servi\u00e7o de corte de \u00e1rvores em \u00e1reas p\u00fablicas e particulares, visando a preserva\u00e7\u00e3o do meio ambiente e a promo\u00e7\u00e3o da sustentabilidade. A Secretaria de Meio Ambiente, Agricultura e Pesca (SMAAP) \u00e9 a respons\u00e1vel por disponibilizar o pedido para corte de \u00e1rvores, sempre agindo conforme as normas legais vigentes e seguindo as diretrizes estabelecidas pela secretaria.<\/p>\n\n\n\n<p>Ao solicitar o corte de \u00e1rvores em cal\u00e7adas, a SMAAP realiza uma an\u00e1lise cuidadosa que considera aspectos como a acessibilidade, verificando se o exemplar arb\u00f3reo est\u00e1 corretamente localizado na cal\u00e7ada e se n\u00e3o est\u00e1 causando danos \u00e0 cal\u00e7ada ou ao im\u00f3vel. Al\u00e9m disso, \u00e9 feita uma avalia\u00e7\u00e3o da vegeta\u00e7\u00e3o presente na \u00e1rea p\u00fablica, utilizando como base a Resolu\u00e7\u00e3o CONAMA 07\/96, para determinar se a autoriza\u00e7\u00e3o para supress\u00e3o \u00e9 de compet\u00eancia da Companhia Ambiental do Estado de S\u00e3o Paulo (Cetesb) ou da pr\u00f3pria Secretaria.<\/p>\n\n\n\n<p>\u00c9 importante destacar que, caso a vegeta\u00e7\u00e3o ou o exemplar arb\u00f3reo esteja em uma \u00c1rea de Preserva\u00e7\u00e3o Permanente (APP), a supress\u00e3o n\u00e3o ser\u00e1 autorizada, conforme o artigo 7\u00ba da Lei 12.651\/12. A exce\u00e7\u00e3o ocorre apenas quando a supress\u00e3o \u00e9 justificada por utilidade p\u00fablica, interesse social ou baixo impacto ambiental, conforme estabelece o artigo 8\u00ba da mesma lei.<\/p>\n\n\n\n<p>Para solicitar o corte de \u00e1rvores em \u00e1reas particulares, o requerente deve fornecer alguns documentos, incluindo c\u00f3pias do espelho do IPTU e do documento de identidade, comprovante de dom\u00ednio da propriedade, croqui de localiza\u00e7\u00e3o do im\u00f3vel e indica\u00e7\u00e3o da quantidade e esp\u00e9cies das \u00e1rvores a serem cortadas. No caso de condom\u00ednios, tamb\u00e9m \u00e9 necess\u00e1rio apresentar a c\u00f3pia do documento de identidade do s\u00edndico, o ato com nomea\u00e7\u00e3o do s\u00edndico e a ata de assembleia autorizando o corte da \u00e1rvore.<\/p>\n\n\n\n<p>Da mesma forma que na an\u00e1lise de supress\u00e3o em \u00e1reas p\u00fablicas, a SMAAP avalia o tipo de vegeta\u00e7\u00e3o presente na \u00e1rea particular, com base na Resolu\u00e7\u00e3o Conama 07\/96, para determinar a compet\u00eancia para a emiss\u00e3o da autoriza\u00e7\u00e3o de supress\u00e3o (Cetesb ou Secretaria Municipal de Meio Ambiente, Agricultura e Pesca). Quando a autoriza\u00e7\u00e3o \u00e9 de compet\u00eancia municipal, \u00e9 exigida a compensa\u00e7\u00e3o de cada \u00e1rvore removida, que consiste na doa\u00e7\u00e3o de cinco mudas de planta nativa. Al\u00e9m disso, em rela\u00e7\u00e3o ao corte de esp\u00e9cies ex\u00f3ticas, solicita-se a doa\u00e7\u00e3o de duas mudas de planta nativa.<\/p>\n\n\n\n<p>Em casos em que a vegeta\u00e7\u00e3o ou o exemplar arb\u00f3reo esteja localizado em \u00c1rea de Preserva\u00e7\u00e3o Permanente, a responsabilidade pela sua preserva\u00e7\u00e3o recai sobre o propriet\u00e1rio da \u00e1rea, conforme estabelecido pelo artigo 7\u00ba da Lei 12.651\/12.<\/p>\n\n\n\n<p>Com essas diretrizes claras e respons\u00e1veis, a Prefeitura de Caraguatatuba garantir\u00e1 o equil\u00edbrio entre o desenvolvimento urbano e a prote\u00e7\u00e3o do meio ambiente, visando \u00e0 promo\u00e7\u00e3o de uma cidade mais verde e sustent\u00e1vel para as presentes e futuras gera\u00e7\u00f5es.<\/p>\n\n\n\n<p>O pedido por ser acessado no link: https:\/\/www.caraguatatuba.sp.gov.br\/pmc\/wp-content\/uploads\/2021\/10\/DOCUMENTOS-EXIGIDOS-PARA-AUTORIZACAO-DE-CORTE-DE-ARVORE-EM-AREA-PARTICULAR.pdf<\/p>\n\n\n\n<p>Os documentos para an\u00e1lise do pedido de supress\u00e3o em \u00e1rea p\u00fablica s\u00e3o a c\u00f3pia do espelho do IPTU e a c\u00f3pia do documento de identidade (RG ou CNH) que podem ser acessados pelo link:<\/p>\n\n\n\n<p>Fonte: <a href=\"https:\/\/www.caraguatatuba.sp.gov.br\/pmc\/2022\/03\/prefeitura-de-caraguatatuba-orienta-sobre-servico-de-corte-de-arvores-em-areas-publicas-e-particulares\/\">https:\/\/www.caraguatatuba.sp.gov.br\/pmc\/2022\/03\/prefeitura-de-caraguatatuba-orienta-sobre-servico-de-corte-de-arvores-em-areas-publicas-e-particulares\/<\/a><\/p>\n","protected":false},"excerpt":{"rendered":"<p>A Prefeitura de Caraguatatuba tem se empenhado em fornecer orienta\u00e7\u00f5es e procedimentos adequados para o servi\u00e7o de corte de \u00e1rvores em \u00e1reas p\u00fablicas e particulares, visando a preserva\u00e7\u00e3o do meio ambiente e a promo\u00e7\u00e3o da sustentabilidade. A Secretaria de Meio Ambiente, Agricultura e Pesca (SMAAP) \u00e9 a respons\u00e1vel por disponibilizar o pedido para corte de [&hellip;]<\/p>\n","protected":false},"author":3,"featured_media":0,"comment_status":"open","ping_status":"open","sticky":false,"template":"","format":"standard","meta":[],"categories":[1],"tags":[],"yoast_head":"<!-- This site is optimized with the Yoast SEO plugin v20.4 - https:\/\/yoast.com\/wordpress\/plugins\/seo\/ -->\n<title>PREFEITURA DE CARAGUATATUBA ORIENTA SOBRE SERVI\u00c7O DE CORTE DE \u00c1RVORES EM \u00c1REAS P\u00daBLICAS E PARTICULARES - MC AMB<\/title>\n<meta name=\"robots\" content=\"index, follow, max-snippet:-1, max-image-preview:large, max-video-preview:-1\" \/>\n<link rel=\"canonical\" href=\"https:\/\/mcamb.eng.br\/blog\/prefeitura-de-caraguatatuba-orienta-sobre-servico-de-corte-de-arvores-em-areas-publicas-e-particulares\/\" \/>\n<meta property=\"og:locale\" content=\"pt_BR\" \/>\n<meta property=\"og:type\" content=\"article\" \/>\n<meta property=\"og:title\" content=\"PREFEITURA DE CARAGUATATUBA ORIENTA SOBRE SERVI\u00c7O DE CORTE DE \u00c1RVORES EM \u00c1REAS P\u00daBLICAS E PARTICULARES - MC AMB\" \/>\n<meta property=\"og:description\" content=\"A Prefeitura de Caraguatatuba tem se empenhado em fornecer orienta\u00e7\u00f5es e procedimentos adequados para o servi\u00e7o de corte de \u00e1rvores em \u00e1reas p\u00fablicas e particulares, visando a preserva\u00e7\u00e3o do meio ambiente e a promo\u00e7\u00e3o da sustentabilidade. A Secretaria de Meio Ambiente, Agricultura e Pesca (SMAAP) \u00e9 a respons\u00e1vel por disponibilizar o pedido para corte de [&hellip;]\" \/>\n<meta property=\"og:url\" content=\"https:\/\/mcamb.eng.br\/blog\/prefeitura-de-caraguatatuba-orienta-sobre-servico-de-corte-de-arvores-em-areas-publicas-e-particulares\/\" \/>\n<meta property=\"og:site_name\" content=\"MC AMB\" \/>\n<meta property=\"article:publisher\" content=\"https:\/\/www.facebook.com\/mcambengamb\" \/>\n<meta property=\"article:published_time\" content=\"2023-08-24T19:16:26+00:00\" \/>\n<meta property=\"og:image\" content=\"https:\/\/mcamb.eng.br\/blog\/wp-content\/uploads\/2023\/08\/DILVANA_MCAMB_POSTS_AGOSTO-3-1.png\" \/>\n<meta name=\"author\" content=\"Felipe Fiatikoski Angelo\" \/>\n<meta name=\"twitter:card\" content=\"summary_large_image\" \/>\n<meta name=\"twitter:label1\" content=\"Escrito por\" \/>\n\t<meta name=\"twitter:data1\" content=\"Felipe Fiatikoski Angelo\" \/>\n\t<meta name=\"twitter:label2\" content=\"Est. tempo de leitura\" \/>\n\t<meta name=\"twitter:data2\" content=\"3 minutos\" \/>\n<script type=\"application\/ld+json\" class=\"yoast-schema-graph\">{\"@context\":\"https:\/\/schema.org\",\"@graph\":[{\"@type\":\"Article\",\"@id\":\"https:\/\/mcamb.eng.br\/blog\/prefeitura-de-caraguatatuba-orienta-sobre-servico-de-corte-de-arvores-em-areas-publicas-e-particulares\/#article\",\"isPartOf\":{\"@id\":\"https:\/\/mcamb.eng.br\/blog\/prefeitura-de-caraguatatuba-orienta-sobre-servico-de-corte-de-arvores-em-areas-publicas-e-particulares\/\"},\"author\":{\"name\":\"Felipe Fiatikoski Angelo\",\"@id\":\"https:\/\/mcamb.eng.br\/blog\/#\/schema\/person\/a442e8e8ffde488aa5d57fd80e93d314\"},\"headline\":\"PREFEITURA DE CARAGUATATUBA ORIENTA SOBRE SERVI\u00c7O DE CORTE DE \u00c1RVORES EM \u00c1REAS P\u00daBLICAS E PARTICULARES\",\"datePublished\":\"2023-08-24T19:16:26+00:00\",\"dateModified\":\"2023-08-24T19:16:26+00:00\",\"mainEntityOfPage\":{\"@id\":\"https:\/\/mcamb.eng.br\/blog\/prefeitura-de-caraguatatuba-orienta-sobre-servico-de-corte-de-arvores-em-areas-publicas-e-particulares\/\"},\"wordCount\":596,\"commentCount\":0,\"publisher\":{\"@id\":\"https:\/\/mcamb.eng.br\/blog\/#organization\"},\"inLanguage\":\"pt-BR\",\"potentialAction\":[{\"@type\":\"CommentAction\",\"name\":\"Comment\",\"target\":[\"https:\/\/mcamb.eng.br\/blog\/prefeitura-de-caraguatatuba-orienta-sobre-servico-de-corte-de-arvores-em-areas-publicas-e-particulares\/#respond\"]}]},{\"@type\":\"WebPage\",\"@id\":\"https:\/\/mcamb.eng.br\/blog\/prefeitura-de-caraguatatuba-orienta-sobre-servico-de-corte-de-arvores-em-areas-publicas-e-particulares\/\",\"url\":\"https:\/\/mcamb.eng.br\/blog\/prefeitura-de-caraguatatuba-orienta-sobre-servico-de-corte-de-arvores-em-areas-publicas-e-particulares\/\",\"name\":\"PREFEITURA DE CARAGUATATUBA ORIENTA SOBRE SERVI\u00c7O DE CORTE DE \u00c1RVORES EM \u00c1REAS P\u00daBLICAS E PARTICULARES - MC AMB\",\"isPartOf\":{\"@id\":\"https:\/\/mcamb.eng.br\/blog\/#website\"},\"datePublished\":\"2023-08-24T19:16:26+00:00\",\"dateModified\":\"2023-08-24T19:16:26+00:00\",\"breadcrumb\":{\"@id\":\"https:\/\/mcamb.eng.br\/blog\/prefeitura-de-caraguatatuba-orienta-sobre-servico-de-corte-de-arvores-em-areas-publicas-e-particulares\/#breadcrumb\"},\"inLanguage\":\"pt-BR\",\"potentialAction\":[{\"@type\":\"ReadAction\",\"target\":[\"https:\/\/mcamb.eng.br\/blog\/prefeitura-de-caraguatatuba-orienta-sobre-servico-de-corte-de-arvores-em-areas-publicas-e-particulares\/\"]}]},{\"@type\":\"BreadcrumbList\",\"@id\":\"https:\/\/mcamb.eng.br\/blog\/prefeitura-de-caraguatatuba-orienta-sobre-servico-de-corte-de-arvores-em-areas-publicas-e-particulares\/#breadcrumb\",\"itemListElement\":[{\"@type\":\"ListItem\",\"position\":1,\"name\":\"In\u00edcio\",\"item\":\"https:\/\/mcamb.eng.br\/blog\/\"},{\"@type\":\"ListItem\",\"position\":2,\"name\":\"PREFEITURA DE CARAGUATATUBA ORIENTA SOBRE SERVI\u00c7O DE CORTE DE \u00c1RVORES EM \u00c1REAS P\u00daBLICAS E PARTICULARES\"}]},{\"@type\":\"WebSite\",\"@id\":\"https:\/\/mcamb.eng.br\/blog\/#website\",\"url\":\"https:\/\/mcamb.eng.br\/blog\/\",\"name\":\"MC AMB\",\"description\":\"Regulariza\u00e7\u00e3o Ambiental, Topografia e Seguran\u00e7a do Trabalho\",\"publisher\":{\"@id\":\"https:\/\/mcamb.eng.br\/blog\/#organization\"},\"potentialAction\":[{\"@type\":\"SearchAction\",\"target\":{\"@type\":\"EntryPoint\",\"urlTemplate\":\"https:\/\/mcamb.eng.br\/blog\/?s={search_term_string}\"},\"query-input\":\"required name=search_term_string\"}],\"inLanguage\":\"pt-BR\"},{\"@type\":\"Organization\",\"@id\":\"https:\/\/mcamb.eng.br\/blog\/#organization\",\"name\":\"MC AMB\",\"url\":\"https:\/\/mcamb.eng.br\/blog\/\",\"logo\":{\"@type\":\"ImageObject\",\"inLanguage\":\"pt-BR\",\"@id\":\"https:\/\/mcamb.eng.br\/blog\/#\/schema\/logo\/image\/\",\"url\":\"https:\/\/mcamb.eng.br\/blog\/wp-content\/uploads\/2023\/03\/logo.webp\",\"contentUrl\":\"https:\/\/mcamb.eng.br\/blog\/wp-content\/uploads\/2023\/03\/logo.webp\",\"width\":220,\"height\":176,\"caption\":\"MC AMB\"},\"image\":{\"@id\":\"https:\/\/mcamb.eng.br\/blog\/#\/schema\/logo\/image\/\"},\"sameAs\":[\"https:\/\/www.facebook.com\/mcambengamb\",\"https:\/\/www.instagram.com\/mcambengenharia\/\"]},{\"@type\":\"Person\",\"@id\":\"https:\/\/mcamb.eng.br\/blog\/#\/schema\/person\/a442e8e8ffde488aa5d57fd80e93d314\",\"name\":\"Felipe Fiatikoski Angelo\",\"image\":{\"@type\":\"ImageObject\",\"inLanguage\":\"pt-BR\",\"@id\":\"https:\/\/mcamb.eng.br\/blog\/#\/schema\/person\/image\/\",\"url\":\"https:\/\/secure.gravatar.com\/avatar\/3ac7ccd215ee9c749dc685397b946f91?s=96&d=mm&r=g\",\"contentUrl\":\"https:\/\/secure.gravatar.com\/avatar\/3ac7ccd215ee9c749dc685397b946f91?s=96&d=mm&r=g\",\"caption\":\"Felipe Fiatikoski Angelo\"},\"url\":\"https:\/\/mcamb.eng.br\/blog\/author\/felipe\/\"}]}<\/script>\n<!-- \/ Yoast SEO plugin. -->","yoast_head_json":{"title":"PREFEITURA DE CARAGUATATUBA ORIENTA SOBRE SERVI\u00c7O DE CORTE DE \u00c1RVORES EM \u00c1REAS P\u00daBLICAS E PARTICULARES - MC AMB","robots":{"index":"index","follow":"follow","max-snippet":"max-snippet:-1","max-image-preview":"max-image-preview:large","max-video-preview":"max-video-preview:-1"},"canonical":"https:\/\/mcamb.eng.br\/blog\/prefeitura-de-caraguatatuba-orienta-sobre-servico-de-corte-de-arvores-em-areas-publicas-e-particulares\/","og_locale":"pt_BR","og_type":"article","og_title":"PREFEITURA DE CARAGUATATUBA ORIENTA SOBRE SERVI\u00c7O DE CORTE DE \u00c1RVORES EM \u00c1REAS P\u00daBLICAS E PARTICULARES - MC AMB","og_description":"A Prefeitura de Caraguatatuba tem se empenhado em fornecer orienta\u00e7\u00f5es e procedimentos adequados para o servi\u00e7o de corte de \u00e1rvores em \u00e1reas p\u00fablicas e particulares, visando a preserva\u00e7\u00e3o do meio ambiente e a promo\u00e7\u00e3o da sustentabilidade. A Secretaria de Meio Ambiente, Agricultura e Pesca (SMAAP) \u00e9 a respons\u00e1vel por disponibilizar o pedido para corte de [&hellip;]","og_url":"https:\/\/mcamb.eng.br\/blog\/prefeitura-de-caraguatatuba-orienta-sobre-servico-de-corte-de-arvores-em-areas-publicas-e-particulares\/","og_site_name":"MC AMB","article_publisher":"https:\/\/www.facebook.com\/mcambengamb","article_published_time":"2023-08-24T19:16:26+00:00","og_image":[{"url":"https:\/\/mcamb.eng.br\/blog\/wp-content\/uploads\/2023\/08\/DILVANA_MCAMB_POSTS_AGOSTO-3-1.png"}],"author":"Felipe Fiatikoski Angelo","twitter_card":"summary_large_image","twitter_misc":{"Escrito por":"Felipe Fiatikoski Angelo","Est. tempo de leitura":"3 minutos"},"schema":{"@context":"https:\/\/schema.org","@graph":[{"@type":"Article","@id":"https:\/\/mcamb.eng.br\/blog\/prefeitura-de-caraguatatuba-orienta-sobre-servico-de-corte-de-arvores-em-areas-publicas-e-particulares\/#article","isPartOf":{"@id":"https:\/\/mcamb.eng.br\/blog\/prefeitura-de-caraguatatuba-orienta-sobre-servico-de-corte-de-arvores-em-areas-publicas-e-particulares\/"},"author":{"name":"Felipe Fiatikoski Angelo","@id":"https:\/\/mcamb.eng.br\/blog\/#\/schema\/person\/a442e8e8ffde488aa5d57fd80e93d314"},"headline":"PREFEITURA DE CARAGUATATUBA ORIENTA SOBRE SERVI\u00c7O DE CORTE DE \u00c1RVORES EM \u00c1REAS P\u00daBLICAS E PARTICULARES","datePublished":"2023-08-24T19:16:26+00:00","dateModified":"2023-08-24T19:16:26+00:00","mainEntityOfPage":{"@id":"https:\/\/mcamb.eng.br\/blog\/prefeitura-de-caraguatatuba-orienta-sobre-servico-de-corte-de-arvores-em-areas-publicas-e-particulares\/"},"wordCount":596,"commentCount":0,"publisher":{"@id":"https:\/\/mcamb.eng.br\/blog\/#organization"},"inLanguage":"pt-BR","potentialAction":[{"@type":"CommentAction","name":"Comment","target":["https:\/\/mcamb.eng.br\/blog\/prefeitura-de-caraguatatuba-orienta-sobre-servico-de-corte-de-arvores-em-areas-publicas-e-particulares\/#respond"]}]},{"@type":"WebPage","@id":"https:\/\/mcamb.eng.br\/blog\/prefeitura-de-caraguatatuba-orienta-sobre-servico-de-corte-de-arvores-em-areas-publicas-e-particulares\/","url":"https:\/\/mcamb.eng.br\/blog\/prefeitura-de-caraguatatuba-orienta-sobre-servico-de-corte-de-arvores-em-areas-publicas-e-particulares\/","name":"PREFEITURA DE CARAGUATATUBA ORIENTA SOBRE SERVI\u00c7O DE CORTE DE \u00c1RVORES EM \u00c1REAS P\u00daBLICAS E PARTICULARES - MC AMB","isPartOf":{"@id":"https:\/\/mcamb.eng.br\/blog\/#website"},"datePublished":"2023-08-24T19:16:26+00:00","dateModified":"2023-08-24T19:16:26+00:00","breadcrumb":{"@id":"https:\/\/mcamb.eng.br\/blog\/prefeitura-de-caraguatatuba-orienta-sobre-servico-de-corte-de-arvores-em-areas-publicas-e-particulares\/#breadcrumb"},"inLanguage":"pt-BR","potentialAction":[{"@type":"ReadAction","target":["https:\/\/mcamb.eng.br\/blog\/prefeitura-de-caraguatatuba-orienta-sobre-servico-de-corte-de-arvores-em-areas-publicas-e-particulares\/"]}]},{"@type":"BreadcrumbList","@id":"https:\/\/mcamb.eng.br\/blog\/prefeitura-de-caraguatatuba-orienta-sobre-servico-de-corte-de-arvores-em-areas-publicas-e-particulares\/#breadcrumb","itemListElement":[{"@type":"ListItem","position":1,"name":"In\u00edcio","item":"https:\/\/mcamb.eng.br\/blog\/"},{"@type":"ListItem","position":2,"name":"PREFEITURA DE CARAGUATATUBA ORIENTA SOBRE SERVI\u00c7O DE CORTE DE \u00c1RVORES EM \u00c1REAS P\u00daBLICAS E PARTICULARES"}]},{"@type":"WebSite","@id":"https:\/\/mcamb.eng.br\/blog\/#website","url":"https:\/\/mcamb.eng.br\/blog\/","name":"MC AMB","description":"Regulariza\u00e7\u00e3o Ambiental, Topografia e Seguran\u00e7a do Trabalho","publisher":{"@id":"https:\/\/mcamb.eng.br\/blog\/#organization"},"potentialAction":[{"@type":"SearchAction","target":{"@type":"EntryPoint","urlTemplate":"https:\/\/mcamb.eng.br\/blog\/?s={search_term_string}"},"query-input":"required name=search_term_string"}],"inLanguage":"pt-BR"},{"@type":"Organization","@id":"https:\/\/mcamb.eng.br\/blog\/#organization","name":"MC AMB","url":"https:\/\/mcamb.eng.br\/blog\/","logo":{"@type":"ImageObject","inLanguage":"pt-BR","@id":"https:\/\/mcamb.eng.br\/blog\/#\/schema\/logo\/image\/","url":"https:\/\/mcamb.eng.br\/blog\/wp-content\/uploads\/2023\/03\/logo.webp","contentUrl":"https:\/\/mcamb.eng.br\/blog\/wp-content\/uploads\/2023\/03\/logo.webp","width":220,"height":176,"caption":"MC AMB"},"image":{"@id":"https:\/\/mcamb.eng.br\/blog\/#\/schema\/logo\/image\/"},"sameAs":["https:\/\/www.facebook.com\/mcambengamb","https:\/\/www.instagram.com\/mcambengenharia\/"]},{"@type":"Person","@id":"https:\/\/mcamb.eng.br\/blog\/#\/schema\/person\/a442e8e8ffde488aa5d57fd80e93d314","name":"Felipe Fiatikoski Angelo","image":{"@type":"ImageObject","inLanguage":"pt-BR","@id":"https:\/\/mcamb.eng.br\/blog\/#\/schema\/person\/image\/","url":"https:\/\/secure.gravatar.com\/avatar\/3ac7ccd215ee9c749dc685397b946f91?s=96&d=mm&r=g","contentUrl":"https:\/\/secure.gravatar.com\/avatar\/3ac7ccd215ee9c749dc685397b946f91?s=96&d=mm&r=g","caption":"Felipe Fiatikoski Angelo"},"url":"https:\/\/mcamb.eng.br\/blog\/author\/felipe\/"}]}},"_links":{"self":[{"href":"https:\/\/mcamb.eng.br\/blog\/wp-json\/wp\/v2\/posts\/267"}],"collection":[{"href":"https:\/\/mcamb.eng.br\/blog\/wp-json\/wp\/v2\/posts"}],"about":[{"href":"https:\/\/mcamb.eng.br\/blog\/wp-json\/wp\/v2\/types\/post"}],"author":[{"embeddable":true,"href":"https:\/\/mcamb.eng.br\/blog\/wp-json\/wp\/v2\/users\/3"}],"replies":[{"embeddable":true,"href":"https:\/\/mcamb.eng.br\/blog\/wp-json\/wp\/v2\/comments?post=267"}],"version-history":[{"count":1,"href":"https:\/\/mcamb.eng.br\/blog\/wp-json\/wp\/v2\/posts\/267\/revisions"}],"predecessor-version":[{"id":269,"href":"https:\/\/mcamb.eng.br\/blog\/wp-json\/wp\/v2\/posts\/267\/revisions\/269"}],"wp:attachment":[{"href":"https:\/\/mcamb.eng.br\/blog\/wp-json\/wp\/v2\/media?parent=267"}],"wp:term":[{"taxonomy":"category","embeddable":true,"href":"https:\/\/mcamb.eng.br\/blog\/wp-json\/wp\/v2\/categories?post=267"},{"taxonomy":"post_tag","embeddable":true,"href":"https:\/\/mcamb.eng.br\/blog\/wp-json\/wp\/v2\/tags?post=267"}],"curies":[{"name":"wp","href":"https:\/\/api.w.org\/{rel}","templated":true}]}}