{"id":298,"date":"2023-10-24T17:03:29","date_gmt":"2023-10-24T20:03:29","guid":{"rendered":"https:\/\/mcamb.eng.br\/blog\/?p=298"},"modified":"2023-10-24T17:03:29","modified_gmt":"2023-10-24T20:03:29","slug":"decisao-do-stf-garante-seguranca-juridica-aos-proprietarios-e-possuidores-de-imoveis-rurais-paulistas","status":"publish","type":"post","link":"https:\/\/mcamb.eng.br\/blog\/decisao-do-stf-garante-seguranca-juridica-aos-proprietarios-e-possuidores-de-imoveis-rurais-paulistas\/","title":{"rendered":"Decis\u00e3o do STF garante seguran\u00e7a jur\u00eddica aos propriet\u00e1rios e possuidores de im\u00f3veis rurais paulistas"},"content":{"rendered":"\n<p>Uma recente decis\u00e3o do Supremo Tribunal Federal (STF), proferida em 23 de mar\u00e7o de 2023, trouxe um importante rompimento para os propriet\u00e1rios e possuidores de im\u00f3veis rurais localizados no Estado de S\u00e3o Paulo. O ac\u00f3rd\u00e3o do STF confirmou a constitucionalidade do artigo 12 da Lei n\u00ba 15.684\/2015, proporcionando uma base s\u00f3lida de seguran\u00e7a jur\u00eddica para o texto da lei que distribui o Programa de Regulariza\u00e7\u00e3o Ambiental (PRA), especialmente no que diz respeito \u00e0 revis\u00e3o dos compromissos anteriores documento estabelecido antes da publica\u00e7\u00e3o do Novo C\u00f3digo Florestal.<\/p>\n\n\n\n<p>O STF tamb\u00e9m recomendou que tanto a Uni\u00e3o quanto os Estados e o Distrito Federal implementem programas de regulariza\u00e7\u00e3o ambiental, com o prop\u00f3sito de alinhar as terras rurais \u00e0s exig\u00eancias legais. No entanto, \u00e9 importante ressaltar que a ades\u00e3o ao PRA \u00e9 uma op\u00e7\u00e3o facultativa oferecida aos propriet\u00e1rios ou possuidores que desejam regularizar suas terras do ponto de vista ambiental. Em troca, eles criaram a suspens\u00e3o das autua\u00e7\u00f5es e avalia\u00e7\u00f5es relacionadas \u00e0 supress\u00e3o restrita de vegeta\u00e7\u00e3o em \u00e1reas de preserva\u00e7\u00e3o permanente, reserva legal e uso restrito.<\/p>\n\n\n\n<p>Marcos Renato B\u00f6ttcher, secret\u00e1rio executivo da Secretaria de Agricultura e Abastecimento de S\u00e3o Paulo, explicou que, em decorr\u00eancia dessa decis\u00e3o do STF, a Secretaria de Agricultura incorporou funcionalidades espec\u00edficas no M\u00f3dulo de Regulariza\u00e7\u00e3o Ambiental (MRA) do SICAR\/SP. Isso permitir\u00e1 que os propriet\u00e1rios solicitem a revis\u00e3o dos compromissos previamente estabelecidos antes da Lei 12.651\/12. Isso garantir\u00e1 um tratamento justo a todos os propriet\u00e1rios rurais, independentemente de j\u00e1 terem ou n\u00e3o celebrados acordos antes da entrada em vigor do Novo C\u00f3digo Florestal.<\/p>\n\n\n\n<p>Os produtores com d\u00favidas sobre como aderir ao PRA podem buscar orienta\u00e7\u00e3o nas Casas da Agricultura ou nas unidades da Coordenadoria de Assist\u00eancia T\u00e9cnica Integral (CATI). A decis\u00e3o do STF est\u00e1 alinhada com a posi\u00e7\u00e3o defendida pela Secretaria de Agricultura e Abastecimento do Estado de S\u00e3o Paulo ao longo do tempo, demonstrando seu compromisso com a regulariza\u00e7\u00e3o ambiental das propriedades rurais no estado.<\/p>\n\n\n\n<p><strong>Fonte:<\/strong> ttps:\/\/www.agricultura.sp.gov.br\/en\/b\/decisao-do-stf-garante-seguranca-juridica-aos-proprietarios-e-possuidores-de-imoveis-rurais-paulistas<\/p>\n","protected":false},"excerpt":{"rendered":"<p>Uma recente decis\u00e3o do Supremo Tribunal Federal (STF), proferida em 23 de mar\u00e7o de 2023, trouxe um importante rompimento para os propriet\u00e1rios e possuidores de im\u00f3veis rurais localizados no Estado de S\u00e3o Paulo. O ac\u00f3rd\u00e3o do STF confirmou a constitucionalidade do artigo 12 da Lei n\u00ba 15.684\/2015, proporcionando uma base s\u00f3lida de seguran\u00e7a jur\u00eddica para [&hellip;]<\/p>\n","protected":false},"author":3,"featured_media":0,"comment_status":"open","ping_status":"open","sticky":false,"template":"","format":"standard","meta":[],"categories":[1],"tags":[],"yoast_head":"<!-- This site is optimized with the Yoast SEO plugin v20.4 - https:\/\/yoast.com\/wordpress\/plugins\/seo\/ -->\n<title>Decis\u00e3o do STF garante seguran\u00e7a jur\u00eddica aos propriet\u00e1rios e possuidores de im\u00f3veis rurais paulistas - MC AMB<\/title>\n<meta name=\"robots\" content=\"index, follow, max-snippet:-1, max-image-preview:large, max-video-preview:-1\" \/>\n<link rel=\"canonical\" href=\"https:\/\/mcamb.eng.br\/blog\/decisao-do-stf-garante-seguranca-juridica-aos-proprietarios-e-possuidores-de-imoveis-rurais-paulistas\/\" \/>\n<meta property=\"og:locale\" content=\"pt_BR\" \/>\n<meta property=\"og:type\" content=\"article\" \/>\n<meta property=\"og:title\" content=\"Decis\u00e3o do STF garante seguran\u00e7a jur\u00eddica aos propriet\u00e1rios e possuidores de im\u00f3veis rurais paulistas - MC AMB\" \/>\n<meta property=\"og:description\" content=\"Uma recente decis\u00e3o do Supremo Tribunal Federal (STF), proferida em 23 de mar\u00e7o de 2023, trouxe um importante rompimento para os propriet\u00e1rios e possuidores de im\u00f3veis rurais localizados no Estado de S\u00e3o Paulo. O ac\u00f3rd\u00e3o do STF confirmou a constitucionalidade do artigo 12 da Lei n\u00ba 15.684\/2015, proporcionando uma base s\u00f3lida de seguran\u00e7a jur\u00eddica para [&hellip;]\" \/>\n<meta property=\"og:url\" content=\"https:\/\/mcamb.eng.br\/blog\/decisao-do-stf-garante-seguranca-juridica-aos-proprietarios-e-possuidores-de-imoveis-rurais-paulistas\/\" \/>\n<meta property=\"og:site_name\" content=\"MC AMB\" \/>\n<meta property=\"article:publisher\" content=\"https:\/\/www.facebook.com\/mcambengamb\" \/>\n<meta property=\"article:published_time\" content=\"2023-10-24T20:03:29+00:00\" \/>\n<meta property=\"og:image\" content=\"https:\/\/mcamb.eng.br\/blog\/wp-content\/uploads\/2023\/03\/logo.webp\" \/>\n\t<meta property=\"og:image:width\" content=\"220\" \/>\n\t<meta property=\"og:image:height\" content=\"176\" \/>\n\t<meta property=\"og:image:type\" content=\"image\/webp\" \/>\n<meta name=\"author\" content=\"Felipe Fiatikoski Angelo\" \/>\n<meta name=\"twitter:card\" content=\"summary_large_image\" \/>\n<meta name=\"twitter:label1\" content=\"Escrito por\" \/>\n\t<meta name=\"twitter:data1\" content=\"Felipe Fiatikoski Angelo\" \/>\n\t<meta name=\"twitter:label2\" content=\"Est. tempo de leitura\" \/>\n\t<meta name=\"twitter:data2\" content=\"2 minutos\" \/>\n<script type=\"application\/ld+json\" class=\"yoast-schema-graph\">{\"@context\":\"https:\/\/schema.org\",\"@graph\":[{\"@type\":\"Article\",\"@id\":\"https:\/\/mcamb.eng.br\/blog\/decisao-do-stf-garante-seguranca-juridica-aos-proprietarios-e-possuidores-de-imoveis-rurais-paulistas\/#article\",\"isPartOf\":{\"@id\":\"https:\/\/mcamb.eng.br\/blog\/decisao-do-stf-garante-seguranca-juridica-aos-proprietarios-e-possuidores-de-imoveis-rurais-paulistas\/\"},\"author\":{\"name\":\"Felipe Fiatikoski Angelo\",\"@id\":\"https:\/\/mcamb.eng.br\/blog\/#\/schema\/person\/a442e8e8ffde488aa5d57fd80e93d314\"},\"headline\":\"Decis\u00e3o do STF garante seguran\u00e7a jur\u00eddica aos propriet\u00e1rios e possuidores de im\u00f3veis rurais paulistas\",\"datePublished\":\"2023-10-24T20:03:29+00:00\",\"dateModified\":\"2023-10-24T20:03:29+00:00\",\"mainEntityOfPage\":{\"@id\":\"https:\/\/mcamb.eng.br\/blog\/decisao-do-stf-garante-seguranca-juridica-aos-proprietarios-e-possuidores-de-imoveis-rurais-paulistas\/\"},\"wordCount\":385,\"commentCount\":0,\"publisher\":{\"@id\":\"https:\/\/mcamb.eng.br\/blog\/#organization\"},\"inLanguage\":\"pt-BR\",\"potentialAction\":[{\"@type\":\"CommentAction\",\"name\":\"Comment\",\"target\":[\"https:\/\/mcamb.eng.br\/blog\/decisao-do-stf-garante-seguranca-juridica-aos-proprietarios-e-possuidores-de-imoveis-rurais-paulistas\/#respond\"]}]},{\"@type\":\"WebPage\",\"@id\":\"https:\/\/mcamb.eng.br\/blog\/decisao-do-stf-garante-seguranca-juridica-aos-proprietarios-e-possuidores-de-imoveis-rurais-paulistas\/\",\"url\":\"https:\/\/mcamb.eng.br\/blog\/decisao-do-stf-garante-seguranca-juridica-aos-proprietarios-e-possuidores-de-imoveis-rurais-paulistas\/\",\"name\":\"Decis\u00e3o do STF garante seguran\u00e7a jur\u00eddica aos propriet\u00e1rios e possuidores de im\u00f3veis rurais paulistas - MC AMB\",\"isPartOf\":{\"@id\":\"https:\/\/mcamb.eng.br\/blog\/#website\"},\"datePublished\":\"2023-10-24T20:03:29+00:00\",\"dateModified\":\"2023-10-24T20:03:29+00:00\",\"breadcrumb\":{\"@id\":\"https:\/\/mcamb.eng.br\/blog\/decisao-do-stf-garante-seguranca-juridica-aos-proprietarios-e-possuidores-de-imoveis-rurais-paulistas\/#breadcrumb\"},\"inLanguage\":\"pt-BR\",\"potentialAction\":[{\"@type\":\"ReadAction\",\"target\":[\"https:\/\/mcamb.eng.br\/blog\/decisao-do-stf-garante-seguranca-juridica-aos-proprietarios-e-possuidores-de-imoveis-rurais-paulistas\/\"]}]},{\"@type\":\"BreadcrumbList\",\"@id\":\"https:\/\/mcamb.eng.br\/blog\/decisao-do-stf-garante-seguranca-juridica-aos-proprietarios-e-possuidores-de-imoveis-rurais-paulistas\/#breadcrumb\",\"itemListElement\":[{\"@type\":\"ListItem\",\"position\":1,\"name\":\"In\u00edcio\",\"item\":\"https:\/\/mcamb.eng.br\/blog\/\"},{\"@type\":\"ListItem\",\"position\":2,\"name\":\"Decis\u00e3o do STF garante seguran\u00e7a jur\u00eddica aos propriet\u00e1rios e possuidores de im\u00f3veis rurais paulistas\"}]},{\"@type\":\"WebSite\",\"@id\":\"https:\/\/mcamb.eng.br\/blog\/#website\",\"url\":\"https:\/\/mcamb.eng.br\/blog\/\",\"name\":\"MC AMB\",\"description\":\"Regulariza\u00e7\u00e3o Ambiental, Topografia e Seguran\u00e7a do Trabalho\",\"publisher\":{\"@id\":\"https:\/\/mcamb.eng.br\/blog\/#organization\"},\"potentialAction\":[{\"@type\":\"SearchAction\",\"target\":{\"@type\":\"EntryPoint\",\"urlTemplate\":\"https:\/\/mcamb.eng.br\/blog\/?s={search_term_string}\"},\"query-input\":\"required name=search_term_string\"}],\"inLanguage\":\"pt-BR\"},{\"@type\":\"Organization\",\"@id\":\"https:\/\/mcamb.eng.br\/blog\/#organization\",\"name\":\"MC AMB\",\"url\":\"https:\/\/mcamb.eng.br\/blog\/\",\"logo\":{\"@type\":\"ImageObject\",\"inLanguage\":\"pt-BR\",\"@id\":\"https:\/\/mcamb.eng.br\/blog\/#\/schema\/logo\/image\/\",\"url\":\"https:\/\/mcamb.eng.br\/blog\/wp-content\/uploads\/2023\/03\/logo.webp\",\"contentUrl\":\"https:\/\/mcamb.eng.br\/blog\/wp-content\/uploads\/2023\/03\/logo.webp\",\"width\":220,\"height\":176,\"caption\":\"MC AMB\"},\"image\":{\"@id\":\"https:\/\/mcamb.eng.br\/blog\/#\/schema\/logo\/image\/\"},\"sameAs\":[\"https:\/\/www.facebook.com\/mcambengamb\",\"https:\/\/www.instagram.com\/mcambengenharia\/\"]},{\"@type\":\"Person\",\"@id\":\"https:\/\/mcamb.eng.br\/blog\/#\/schema\/person\/a442e8e8ffde488aa5d57fd80e93d314\",\"name\":\"Felipe Fiatikoski Angelo\",\"image\":{\"@type\":\"ImageObject\",\"inLanguage\":\"pt-BR\",\"@id\":\"https:\/\/mcamb.eng.br\/blog\/#\/schema\/person\/image\/\",\"url\":\"https:\/\/secure.gravatar.com\/avatar\/3ac7ccd215ee9c749dc685397b946f91?s=96&d=mm&r=g\",\"contentUrl\":\"https:\/\/secure.gravatar.com\/avatar\/3ac7ccd215ee9c749dc685397b946f91?s=96&d=mm&r=g\",\"caption\":\"Felipe Fiatikoski Angelo\"},\"url\":\"https:\/\/mcamb.eng.br\/blog\/author\/felipe\/\"}]}<\/script>\n<!-- \/ Yoast SEO plugin. -->","yoast_head_json":{"title":"Decis\u00e3o do STF garante seguran\u00e7a jur\u00eddica aos propriet\u00e1rios e possuidores de im\u00f3veis rurais paulistas - MC AMB","robots":{"index":"index","follow":"follow","max-snippet":"max-snippet:-1","max-image-preview":"max-image-preview:large","max-video-preview":"max-video-preview:-1"},"canonical":"https:\/\/mcamb.eng.br\/blog\/decisao-do-stf-garante-seguranca-juridica-aos-proprietarios-e-possuidores-de-imoveis-rurais-paulistas\/","og_locale":"pt_BR","og_type":"article","og_title":"Decis\u00e3o do STF garante seguran\u00e7a jur\u00eddica aos propriet\u00e1rios e possuidores de im\u00f3veis rurais paulistas - MC AMB","og_description":"Uma recente decis\u00e3o do Supremo Tribunal Federal (STF), proferida em 23 de mar\u00e7o de 2023, trouxe um importante rompimento para os propriet\u00e1rios e possuidores de im\u00f3veis rurais localizados no Estado de S\u00e3o Paulo. O ac\u00f3rd\u00e3o do STF confirmou a constitucionalidade do artigo 12 da Lei n\u00ba 15.684\/2015, proporcionando uma base s\u00f3lida de seguran\u00e7a jur\u00eddica para [&hellip;]","og_url":"https:\/\/mcamb.eng.br\/blog\/decisao-do-stf-garante-seguranca-juridica-aos-proprietarios-e-possuidores-de-imoveis-rurais-paulistas\/","og_site_name":"MC AMB","article_publisher":"https:\/\/www.facebook.com\/mcambengamb","article_published_time":"2023-10-24T20:03:29+00:00","og_image":[{"width":220,"height":176,"url":"https:\/\/mcamb.eng.br\/blog\/wp-content\/uploads\/2023\/03\/logo.webp","type":"image\/webp"}],"author":"Felipe Fiatikoski Angelo","twitter_card":"summary_large_image","twitter_misc":{"Escrito por":"Felipe Fiatikoski Angelo","Est. tempo de leitura":"2 minutos"},"schema":{"@context":"https:\/\/schema.org","@graph":[{"@type":"Article","@id":"https:\/\/mcamb.eng.br\/blog\/decisao-do-stf-garante-seguranca-juridica-aos-proprietarios-e-possuidores-de-imoveis-rurais-paulistas\/#article","isPartOf":{"@id":"https:\/\/mcamb.eng.br\/blog\/decisao-do-stf-garante-seguranca-juridica-aos-proprietarios-e-possuidores-de-imoveis-rurais-paulistas\/"},"author":{"name":"Felipe Fiatikoski Angelo","@id":"https:\/\/mcamb.eng.br\/blog\/#\/schema\/person\/a442e8e8ffde488aa5d57fd80e93d314"},"headline":"Decis\u00e3o do STF garante seguran\u00e7a jur\u00eddica aos propriet\u00e1rios e possuidores de im\u00f3veis rurais paulistas","datePublished":"2023-10-24T20:03:29+00:00","dateModified":"2023-10-24T20:03:29+00:00","mainEntityOfPage":{"@id":"https:\/\/mcamb.eng.br\/blog\/decisao-do-stf-garante-seguranca-juridica-aos-proprietarios-e-possuidores-de-imoveis-rurais-paulistas\/"},"wordCount":385,"commentCount":0,"publisher":{"@id":"https:\/\/mcamb.eng.br\/blog\/#organization"},"inLanguage":"pt-BR","potentialAction":[{"@type":"CommentAction","name":"Comment","target":["https:\/\/mcamb.eng.br\/blog\/decisao-do-stf-garante-seguranca-juridica-aos-proprietarios-e-possuidores-de-imoveis-rurais-paulistas\/#respond"]}]},{"@type":"WebPage","@id":"https:\/\/mcamb.eng.br\/blog\/decisao-do-stf-garante-seguranca-juridica-aos-proprietarios-e-possuidores-de-imoveis-rurais-paulistas\/","url":"https:\/\/mcamb.eng.br\/blog\/decisao-do-stf-garante-seguranca-juridica-aos-proprietarios-e-possuidores-de-imoveis-rurais-paulistas\/","name":"Decis\u00e3o do STF garante seguran\u00e7a jur\u00eddica aos propriet\u00e1rios e possuidores de im\u00f3veis rurais paulistas - MC AMB","isPartOf":{"@id":"https:\/\/mcamb.eng.br\/blog\/#website"},"datePublished":"2023-10-24T20:03:29+00:00","dateModified":"2023-10-24T20:03:29+00:00","breadcrumb":{"@id":"https:\/\/mcamb.eng.br\/blog\/decisao-do-stf-garante-seguranca-juridica-aos-proprietarios-e-possuidores-de-imoveis-rurais-paulistas\/#breadcrumb"},"inLanguage":"pt-BR","potentialAction":[{"@type":"ReadAction","target":["https:\/\/mcamb.eng.br\/blog\/decisao-do-stf-garante-seguranca-juridica-aos-proprietarios-e-possuidores-de-imoveis-rurais-paulistas\/"]}]},{"@type":"BreadcrumbList","@id":"https:\/\/mcamb.eng.br\/blog\/decisao-do-stf-garante-seguranca-juridica-aos-proprietarios-e-possuidores-de-imoveis-rurais-paulistas\/#breadcrumb","itemListElement":[{"@type":"ListItem","position":1,"name":"In\u00edcio","item":"https:\/\/mcamb.eng.br\/blog\/"},{"@type":"ListItem","position":2,"name":"Decis\u00e3o do STF garante seguran\u00e7a jur\u00eddica aos propriet\u00e1rios e possuidores de im\u00f3veis rurais paulistas"}]},{"@type":"WebSite","@id":"https:\/\/mcamb.eng.br\/blog\/#website","url":"https:\/\/mcamb.eng.br\/blog\/","name":"MC AMB","description":"Regulariza\u00e7\u00e3o Ambiental, Topografia e Seguran\u00e7a do Trabalho","publisher":{"@id":"https:\/\/mcamb.eng.br\/blog\/#organization"},"potentialAction":[{"@type":"SearchAction","target":{"@type":"EntryPoint","urlTemplate":"https:\/\/mcamb.eng.br\/blog\/?s={search_term_string}"},"query-input":"required name=search_term_string"}],"inLanguage":"pt-BR"},{"@type":"Organization","@id":"https:\/\/mcamb.eng.br\/blog\/#organization","name":"MC AMB","url":"https:\/\/mcamb.eng.br\/blog\/","logo":{"@type":"ImageObject","inLanguage":"pt-BR","@id":"https:\/\/mcamb.eng.br\/blog\/#\/schema\/logo\/image\/","url":"https:\/\/mcamb.eng.br\/blog\/wp-content\/uploads\/2023\/03\/logo.webp","contentUrl":"https:\/\/mcamb.eng.br\/blog\/wp-content\/uploads\/2023\/03\/logo.webp","width":220,"height":176,"caption":"MC AMB"},"image":{"@id":"https:\/\/mcamb.eng.br\/blog\/#\/schema\/logo\/image\/"},"sameAs":["https:\/\/www.facebook.com\/mcambengamb","https:\/\/www.instagram.com\/mcambengenharia\/"]},{"@type":"Person","@id":"https:\/\/mcamb.eng.br\/blog\/#\/schema\/person\/a442e8e8ffde488aa5d57fd80e93d314","name":"Felipe Fiatikoski Angelo","image":{"@type":"ImageObject","inLanguage":"pt-BR","@id":"https:\/\/mcamb.eng.br\/blog\/#\/schema\/person\/image\/","url":"https:\/\/secure.gravatar.com\/avatar\/3ac7ccd215ee9c749dc685397b946f91?s=96&d=mm&r=g","contentUrl":"https:\/\/secure.gravatar.com\/avatar\/3ac7ccd215ee9c749dc685397b946f91?s=96&d=mm&r=g","caption":"Felipe Fiatikoski Angelo"},"url":"https:\/\/mcamb.eng.br\/blog\/author\/felipe\/"}]}},"_links":{"self":[{"href":"https:\/\/mcamb.eng.br\/blog\/wp-json\/wp\/v2\/posts\/298"}],"collection":[{"href":"https:\/\/mcamb.eng.br\/blog\/wp-json\/wp\/v2\/posts"}],"about":[{"href":"https:\/\/mcamb.eng.br\/blog\/wp-json\/wp\/v2\/types\/post"}],"author":[{"embeddable":true,"href":"https:\/\/mcamb.eng.br\/blog\/wp-json\/wp\/v2\/users\/3"}],"replies":[{"embeddable":true,"href":"https:\/\/mcamb.eng.br\/blog\/wp-json\/wp\/v2\/comments?post=298"}],"version-history":[{"count":1,"href":"https:\/\/mcamb.eng.br\/blog\/wp-json\/wp\/v2\/posts\/298\/revisions"}],"predecessor-version":[{"id":299,"href":"https:\/\/mcamb.eng.br\/blog\/wp-json\/wp\/v2\/posts\/298\/revisions\/299"}],"wp:attachment":[{"href":"https:\/\/mcamb.eng.br\/blog\/wp-json\/wp\/v2\/media?parent=298"}],"wp:term":[{"taxonomy":"category","embeddable":true,"href":"https:\/\/mcamb.eng.br\/blog\/wp-json\/wp\/v2\/categories?post=298"},{"taxonomy":"post_tag","embeddable":true,"href":"https:\/\/mcamb.eng.br\/blog\/wp-json\/wp\/v2\/tags?post=298"}],"curies":[{"name":"wp","href":"https:\/\/api.w.org\/{rel}","templated":true}]}}