{"id":300,"date":"2023-10-24T17:04:07","date_gmt":"2023-10-24T20:04:07","guid":{"rendered":"https:\/\/mcamb.eng.br\/blog\/?p=300"},"modified":"2023-10-24T17:04:07","modified_gmt":"2023-10-24T20:04:07","slug":"lei-que-aumenta-prazo-para-regularizacao-ambiental-e-sancionada","status":"publish","type":"post","link":"https:\/\/mcamb.eng.br\/blog\/lei-que-aumenta-prazo-para-regularizacao-ambiental-e-sancionada\/","title":{"rendered":"Lei que aumenta prazo para regulariza\u00e7\u00e3o ambiental \u00e9 sancionada"},"content":{"rendered":"\n<p>Nesta segunda-feira (5), o presidente da Rep\u00fablica, Luiz In\u00e1cio Lula da Silva, sancionou a Lei 14.595 de 2023, que estende o prazo para os propriet\u00e1rios rurais aderirem ao Programa de Regulariza\u00e7\u00e3o Ambiental (PRA). A oficializa\u00e7\u00e3o ocorreu com a publica\u00e7\u00e3o no Di\u00e1rio Oficial da Uni\u00e3o (DOU) desta ter\u00e7a-feira (6). No Senado, o projeto foi analisado pelo senador Efraim Filho (Uni\u00e3o-PB), que apoiou sua aprova\u00e7\u00e3o.<\/p>\n\n\n\n<p>\u00c9 relevante notar que o presidente Lula vetou partes do Projeto de Lei de Convers\u00e3o (PLV) 6\/2023, especificamente aquelas que modificavam a Lei da Mata Atl\u00e2ntica (Lei 11.428 de 2006) para permitir certas situa\u00e7\u00f5es de desmatamento sem a necessidade de medidas compensat\u00f3rias.<\/p>\n","protected":false},"excerpt":{"rendered":"<p>Nesta segunda-feira (5), o presidente da Rep\u00fablica, Luiz In\u00e1cio Lula da Silva, sancionou a Lei 14.595 de 2023, que estende o prazo para os propriet\u00e1rios rurais aderirem ao Programa de Regulariza\u00e7\u00e3o Ambiental (PRA). A oficializa\u00e7\u00e3o ocorreu com a publica\u00e7\u00e3o no Di\u00e1rio Oficial da Uni\u00e3o (DOU) desta ter\u00e7a-feira (6). No Senado, o projeto foi analisado pelo [&hellip;]<\/p>\n","protected":false},"author":3,"featured_media":0,"comment_status":"open","ping_status":"open","sticky":false,"template":"","format":"standard","meta":[],"categories":[1],"tags":[],"yoast_head":"<!-- This site is optimized with the Yoast SEO plugin v20.4 - https:\/\/yoast.com\/wordpress\/plugins\/seo\/ -->\n<title>Lei que aumenta prazo para regulariza\u00e7\u00e3o ambiental \u00e9 sancionada - MC AMB<\/title>\n<meta name=\"robots\" content=\"index, follow, max-snippet:-1, max-image-preview:large, max-video-preview:-1\" \/>\n<link rel=\"canonical\" href=\"https:\/\/mcamb.eng.br\/blog\/lei-que-aumenta-prazo-para-regularizacao-ambiental-e-sancionada\/\" \/>\n<meta property=\"og:locale\" content=\"pt_BR\" \/>\n<meta property=\"og:type\" content=\"article\" \/>\n<meta property=\"og:title\" content=\"Lei que aumenta prazo para regulariza\u00e7\u00e3o ambiental \u00e9 sancionada - MC AMB\" \/>\n<meta property=\"og:description\" content=\"Nesta segunda-feira (5), o presidente da Rep\u00fablica, Luiz In\u00e1cio Lula da Silva, sancionou a Lei 14.595 de 2023, que estende o prazo para os propriet\u00e1rios rurais aderirem ao Programa de Regulariza\u00e7\u00e3o Ambiental (PRA). A oficializa\u00e7\u00e3o ocorreu com a publica\u00e7\u00e3o no Di\u00e1rio Oficial da Uni\u00e3o (DOU) desta ter\u00e7a-feira (6). No Senado, o projeto foi analisado pelo [&hellip;]\" \/>\n<meta property=\"og:url\" content=\"https:\/\/mcamb.eng.br\/blog\/lei-que-aumenta-prazo-para-regularizacao-ambiental-e-sancionada\/\" \/>\n<meta property=\"og:site_name\" content=\"MC AMB\" \/>\n<meta property=\"article:publisher\" content=\"https:\/\/www.facebook.com\/mcambengamb\" \/>\n<meta property=\"article:published_time\" content=\"2023-10-24T20:04:07+00:00\" \/>\n<meta property=\"og:image\" content=\"https:\/\/mcamb.eng.br\/blog\/wp-content\/uploads\/2023\/03\/logo.webp\" \/>\n\t<meta property=\"og:image:width\" content=\"220\" \/>\n\t<meta property=\"og:image:height\" content=\"176\" \/>\n\t<meta property=\"og:image:type\" content=\"image\/webp\" \/>\n<meta name=\"author\" content=\"Felipe Fiatikoski Angelo\" \/>\n<meta name=\"twitter:card\" content=\"summary_large_image\" \/>\n<meta name=\"twitter:label1\" content=\"Escrito por\" \/>\n\t<meta name=\"twitter:data1\" content=\"Felipe Fiatikoski Angelo\" \/>\n\t<meta name=\"twitter:label2\" content=\"Est. tempo de leitura\" \/>\n\t<meta name=\"twitter:data2\" content=\"1 minuto\" \/>\n<script type=\"application\/ld+json\" class=\"yoast-schema-graph\">{\"@context\":\"https:\/\/schema.org\",\"@graph\":[{\"@type\":\"Article\",\"@id\":\"https:\/\/mcamb.eng.br\/blog\/lei-que-aumenta-prazo-para-regularizacao-ambiental-e-sancionada\/#article\",\"isPartOf\":{\"@id\":\"https:\/\/mcamb.eng.br\/blog\/lei-que-aumenta-prazo-para-regularizacao-ambiental-e-sancionada\/\"},\"author\":{\"name\":\"Felipe Fiatikoski Angelo\",\"@id\":\"https:\/\/mcamb.eng.br\/blog\/#\/schema\/person\/a442e8e8ffde488aa5d57fd80e93d314\"},\"headline\":\"Lei que aumenta prazo para regulariza\u00e7\u00e3o ambiental \u00e9 sancionada\",\"datePublished\":\"2023-10-24T20:04:07+00:00\",\"dateModified\":\"2023-10-24T20:04:07+00:00\",\"mainEntityOfPage\":{\"@id\":\"https:\/\/mcamb.eng.br\/blog\/lei-que-aumenta-prazo-para-regularizacao-ambiental-e-sancionada\/\"},\"wordCount\":121,\"commentCount\":0,\"publisher\":{\"@id\":\"https:\/\/mcamb.eng.br\/blog\/#organization\"},\"inLanguage\":\"pt-BR\",\"potentialAction\":[{\"@type\":\"CommentAction\",\"name\":\"Comment\",\"target\":[\"https:\/\/mcamb.eng.br\/blog\/lei-que-aumenta-prazo-para-regularizacao-ambiental-e-sancionada\/#respond\"]}]},{\"@type\":\"WebPage\",\"@id\":\"https:\/\/mcamb.eng.br\/blog\/lei-que-aumenta-prazo-para-regularizacao-ambiental-e-sancionada\/\",\"url\":\"https:\/\/mcamb.eng.br\/blog\/lei-que-aumenta-prazo-para-regularizacao-ambiental-e-sancionada\/\",\"name\":\"Lei que aumenta prazo para regulariza\u00e7\u00e3o ambiental \u00e9 sancionada - MC AMB\",\"isPartOf\":{\"@id\":\"https:\/\/mcamb.eng.br\/blog\/#website\"},\"datePublished\":\"2023-10-24T20:04:07+00:00\",\"dateModified\":\"2023-10-24T20:04:07+00:00\",\"breadcrumb\":{\"@id\":\"https:\/\/mcamb.eng.br\/blog\/lei-que-aumenta-prazo-para-regularizacao-ambiental-e-sancionada\/#breadcrumb\"},\"inLanguage\":\"pt-BR\",\"potentialAction\":[{\"@type\":\"ReadAction\",\"target\":[\"https:\/\/mcamb.eng.br\/blog\/lei-que-aumenta-prazo-para-regularizacao-ambiental-e-sancionada\/\"]}]},{\"@type\":\"BreadcrumbList\",\"@id\":\"https:\/\/mcamb.eng.br\/blog\/lei-que-aumenta-prazo-para-regularizacao-ambiental-e-sancionada\/#breadcrumb\",\"itemListElement\":[{\"@type\":\"ListItem\",\"position\":1,\"name\":\"In\u00edcio\",\"item\":\"https:\/\/mcamb.eng.br\/blog\/\"},{\"@type\":\"ListItem\",\"position\":2,\"name\":\"Lei que aumenta prazo para regulariza\u00e7\u00e3o ambiental \u00e9 sancionada\"}]},{\"@type\":\"WebSite\",\"@id\":\"https:\/\/mcamb.eng.br\/blog\/#website\",\"url\":\"https:\/\/mcamb.eng.br\/blog\/\",\"name\":\"MC AMB\",\"description\":\"Regulariza\u00e7\u00e3o Ambiental, Topografia e Seguran\u00e7a do Trabalho\",\"publisher\":{\"@id\":\"https:\/\/mcamb.eng.br\/blog\/#organization\"},\"potentialAction\":[{\"@type\":\"SearchAction\",\"target\":{\"@type\":\"EntryPoint\",\"urlTemplate\":\"https:\/\/mcamb.eng.br\/blog\/?s={search_term_string}\"},\"query-input\":\"required name=search_term_string\"}],\"inLanguage\":\"pt-BR\"},{\"@type\":\"Organization\",\"@id\":\"https:\/\/mcamb.eng.br\/blog\/#organization\",\"name\":\"MC AMB\",\"url\":\"https:\/\/mcamb.eng.br\/blog\/\",\"logo\":{\"@type\":\"ImageObject\",\"inLanguage\":\"pt-BR\",\"@id\":\"https:\/\/mcamb.eng.br\/blog\/#\/schema\/logo\/image\/\",\"url\":\"https:\/\/mcamb.eng.br\/blog\/wp-content\/uploads\/2023\/03\/logo.webp\",\"contentUrl\":\"https:\/\/mcamb.eng.br\/blog\/wp-content\/uploads\/2023\/03\/logo.webp\",\"width\":220,\"height\":176,\"caption\":\"MC AMB\"},\"image\":{\"@id\":\"https:\/\/mcamb.eng.br\/blog\/#\/schema\/logo\/image\/\"},\"sameAs\":[\"https:\/\/www.facebook.com\/mcambengamb\",\"https:\/\/www.instagram.com\/mcambengenharia\/\"]},{\"@type\":\"Person\",\"@id\":\"https:\/\/mcamb.eng.br\/blog\/#\/schema\/person\/a442e8e8ffde488aa5d57fd80e93d314\",\"name\":\"Felipe Fiatikoski Angelo\",\"image\":{\"@type\":\"ImageObject\",\"inLanguage\":\"pt-BR\",\"@id\":\"https:\/\/mcamb.eng.br\/blog\/#\/schema\/person\/image\/\",\"url\":\"https:\/\/secure.gravatar.com\/avatar\/3ac7ccd215ee9c749dc685397b946f91?s=96&d=mm&r=g\",\"contentUrl\":\"https:\/\/secure.gravatar.com\/avatar\/3ac7ccd215ee9c749dc685397b946f91?s=96&d=mm&r=g\",\"caption\":\"Felipe Fiatikoski Angelo\"},\"url\":\"https:\/\/mcamb.eng.br\/blog\/author\/felipe\/\"}]}<\/script>\n<!-- \/ Yoast SEO plugin. -->","yoast_head_json":{"title":"Lei que aumenta prazo para regulariza\u00e7\u00e3o ambiental \u00e9 sancionada - MC AMB","robots":{"index":"index","follow":"follow","max-snippet":"max-snippet:-1","max-image-preview":"max-image-preview:large","max-video-preview":"max-video-preview:-1"},"canonical":"https:\/\/mcamb.eng.br\/blog\/lei-que-aumenta-prazo-para-regularizacao-ambiental-e-sancionada\/","og_locale":"pt_BR","og_type":"article","og_title":"Lei que aumenta prazo para regulariza\u00e7\u00e3o ambiental \u00e9 sancionada - MC AMB","og_description":"Nesta segunda-feira (5), o presidente da Rep\u00fablica, Luiz In\u00e1cio Lula da Silva, sancionou a Lei 14.595 de 2023, que estende o prazo para os propriet\u00e1rios rurais aderirem ao Programa de Regulariza\u00e7\u00e3o Ambiental (PRA). A oficializa\u00e7\u00e3o ocorreu com a publica\u00e7\u00e3o no Di\u00e1rio Oficial da Uni\u00e3o (DOU) desta ter\u00e7a-feira (6). No Senado, o projeto foi analisado pelo [&hellip;]","og_url":"https:\/\/mcamb.eng.br\/blog\/lei-que-aumenta-prazo-para-regularizacao-ambiental-e-sancionada\/","og_site_name":"MC AMB","article_publisher":"https:\/\/www.facebook.com\/mcambengamb","article_published_time":"2023-10-24T20:04:07+00:00","og_image":[{"width":220,"height":176,"url":"https:\/\/mcamb.eng.br\/blog\/wp-content\/uploads\/2023\/03\/logo.webp","type":"image\/webp"}],"author":"Felipe Fiatikoski Angelo","twitter_card":"summary_large_image","twitter_misc":{"Escrito por":"Felipe Fiatikoski Angelo","Est. tempo de leitura":"1 minuto"},"schema":{"@context":"https:\/\/schema.org","@graph":[{"@type":"Article","@id":"https:\/\/mcamb.eng.br\/blog\/lei-que-aumenta-prazo-para-regularizacao-ambiental-e-sancionada\/#article","isPartOf":{"@id":"https:\/\/mcamb.eng.br\/blog\/lei-que-aumenta-prazo-para-regularizacao-ambiental-e-sancionada\/"},"author":{"name":"Felipe Fiatikoski Angelo","@id":"https:\/\/mcamb.eng.br\/blog\/#\/schema\/person\/a442e8e8ffde488aa5d57fd80e93d314"},"headline":"Lei que aumenta prazo para regulariza\u00e7\u00e3o ambiental \u00e9 sancionada","datePublished":"2023-10-24T20:04:07+00:00","dateModified":"2023-10-24T20:04:07+00:00","mainEntityOfPage":{"@id":"https:\/\/mcamb.eng.br\/blog\/lei-que-aumenta-prazo-para-regularizacao-ambiental-e-sancionada\/"},"wordCount":121,"commentCount":0,"publisher":{"@id":"https:\/\/mcamb.eng.br\/blog\/#organization"},"inLanguage":"pt-BR","potentialAction":[{"@type":"CommentAction","name":"Comment","target":["https:\/\/mcamb.eng.br\/blog\/lei-que-aumenta-prazo-para-regularizacao-ambiental-e-sancionada\/#respond"]}]},{"@type":"WebPage","@id":"https:\/\/mcamb.eng.br\/blog\/lei-que-aumenta-prazo-para-regularizacao-ambiental-e-sancionada\/","url":"https:\/\/mcamb.eng.br\/blog\/lei-que-aumenta-prazo-para-regularizacao-ambiental-e-sancionada\/","name":"Lei que aumenta prazo para regulariza\u00e7\u00e3o ambiental \u00e9 sancionada - MC AMB","isPartOf":{"@id":"https:\/\/mcamb.eng.br\/blog\/#website"},"datePublished":"2023-10-24T20:04:07+00:00","dateModified":"2023-10-24T20:04:07+00:00","breadcrumb":{"@id":"https:\/\/mcamb.eng.br\/blog\/lei-que-aumenta-prazo-para-regularizacao-ambiental-e-sancionada\/#breadcrumb"},"inLanguage":"pt-BR","potentialAction":[{"@type":"ReadAction","target":["https:\/\/mcamb.eng.br\/blog\/lei-que-aumenta-prazo-para-regularizacao-ambiental-e-sancionada\/"]}]},{"@type":"BreadcrumbList","@id":"https:\/\/mcamb.eng.br\/blog\/lei-que-aumenta-prazo-para-regularizacao-ambiental-e-sancionada\/#breadcrumb","itemListElement":[{"@type":"ListItem","position":1,"name":"In\u00edcio","item":"https:\/\/mcamb.eng.br\/blog\/"},{"@type":"ListItem","position":2,"name":"Lei que aumenta prazo para regulariza\u00e7\u00e3o ambiental \u00e9 sancionada"}]},{"@type":"WebSite","@id":"https:\/\/mcamb.eng.br\/blog\/#website","url":"https:\/\/mcamb.eng.br\/blog\/","name":"MC AMB","description":"Regulariza\u00e7\u00e3o Ambiental, Topografia e Seguran\u00e7a do Trabalho","publisher":{"@id":"https:\/\/mcamb.eng.br\/blog\/#organization"},"potentialAction":[{"@type":"SearchAction","target":{"@type":"EntryPoint","urlTemplate":"https:\/\/mcamb.eng.br\/blog\/?s={search_term_string}"},"query-input":"required name=search_term_string"}],"inLanguage":"pt-BR"},{"@type":"Organization","@id":"https:\/\/mcamb.eng.br\/blog\/#organization","name":"MC AMB","url":"https:\/\/mcamb.eng.br\/blog\/","logo":{"@type":"ImageObject","inLanguage":"pt-BR","@id":"https:\/\/mcamb.eng.br\/blog\/#\/schema\/logo\/image\/","url":"https:\/\/mcamb.eng.br\/blog\/wp-content\/uploads\/2023\/03\/logo.webp","contentUrl":"https:\/\/mcamb.eng.br\/blog\/wp-content\/uploads\/2023\/03\/logo.webp","width":220,"height":176,"caption":"MC AMB"},"image":{"@id":"https:\/\/mcamb.eng.br\/blog\/#\/schema\/logo\/image\/"},"sameAs":["https:\/\/www.facebook.com\/mcambengamb","https:\/\/www.instagram.com\/mcambengenharia\/"]},{"@type":"Person","@id":"https:\/\/mcamb.eng.br\/blog\/#\/schema\/person\/a442e8e8ffde488aa5d57fd80e93d314","name":"Felipe Fiatikoski Angelo","image":{"@type":"ImageObject","inLanguage":"pt-BR","@id":"https:\/\/mcamb.eng.br\/blog\/#\/schema\/person\/image\/","url":"https:\/\/secure.gravatar.com\/avatar\/3ac7ccd215ee9c749dc685397b946f91?s=96&d=mm&r=g","contentUrl":"https:\/\/secure.gravatar.com\/avatar\/3ac7ccd215ee9c749dc685397b946f91?s=96&d=mm&r=g","caption":"Felipe Fiatikoski Angelo"},"url":"https:\/\/mcamb.eng.br\/blog\/author\/felipe\/"}]}},"_links":{"self":[{"href":"https:\/\/mcamb.eng.br\/blog\/wp-json\/wp\/v2\/posts\/300"}],"collection":[{"href":"https:\/\/mcamb.eng.br\/blog\/wp-json\/wp\/v2\/posts"}],"about":[{"href":"https:\/\/mcamb.eng.br\/blog\/wp-json\/wp\/v2\/types\/post"}],"author":[{"embeddable":true,"href":"https:\/\/mcamb.eng.br\/blog\/wp-json\/wp\/v2\/users\/3"}],"replies":[{"embeddable":true,"href":"https:\/\/mcamb.eng.br\/blog\/wp-json\/wp\/v2\/comments?post=300"}],"version-history":[{"count":1,"href":"https:\/\/mcamb.eng.br\/blog\/wp-json\/wp\/v2\/posts\/300\/revisions"}],"predecessor-version":[{"id":301,"href":"https:\/\/mcamb.eng.br\/blog\/wp-json\/wp\/v2\/posts\/300\/revisions\/301"}],"wp:attachment":[{"href":"https:\/\/mcamb.eng.br\/blog\/wp-json\/wp\/v2\/media?parent=300"}],"wp:term":[{"taxonomy":"category","embeddable":true,"href":"https:\/\/mcamb.eng.br\/blog\/wp-json\/wp\/v2\/categories?post=300"},{"taxonomy":"post_tag","embeddable":true,"href":"https:\/\/mcamb.eng.br\/blog\/wp-json\/wp\/v2\/tags?post=300"}],"curies":[{"name":"wp","href":"https:\/\/api.w.org\/{rel}","templated":true}]}}