{"id":302,"date":"2023-10-25T07:00:00","date_gmt":"2023-10-25T10:00:00","guid":{"rendered":"https:\/\/mcamb.eng.br\/blog\/?p=302"},"modified":"2023-10-24T17:04:32","modified_gmt":"2023-10-24T20:04:32","slug":"regularizacao-ambiental","status":"publish","type":"post","link":"https:\/\/mcamb.eng.br\/blog\/regularizacao-ambiental\/","title":{"rendered":"Regulariza\u00e7\u00e3o Ambiental"},"content":{"rendered":"\n<p>A lei rec\u00e9m-sancionada, j\u00e1 em vigor, estabelece um prazo de um ano para os propriet\u00e1rios regularizarem suas terras ap\u00f3s receberem notifica\u00e7\u00e3o do \u00f3rg\u00e3o competente. A inclus\u00e3o no Programa de Regulariza\u00e7\u00e3o Ambiental (PAR) ocorre mediante um requerimento de ades\u00e3o feito pelo propriet\u00e1rio, sendo obrigat\u00f3rio que esteja previamente inscrito no Cadastro Ambiental Rural (CAR). Antes de notificar o propriet\u00e1rio, o \u00f3rg\u00e3o respons\u00e1vel realizar\u00e1 a valida\u00e7\u00e3o do cadastro e identificar\u00e1 os passivos ambientais.<\/p>\n\n\n\n<p>Al\u00e9m disso, a lei prorrogou os prazos para o registro no CAR. No caso de \u00e1reas com mais de quatro m\u00f3dulos fiscais (uma medida em hectares definida pelo Instituto Nacional de Coloniza\u00e7\u00e3o e Reforma Agr\u00e1ria \u2014 Incra), a inscri\u00e7\u00e3o deve ser feita at\u00e9 o final deste ano. Para \u00e1reas menores ou para propriet\u00e1rios que se enquadram como agricultores ou empreendedores familiares rurais, o prazo foi estendido at\u00e9 o final de 2025.<\/p>\n\n\n\n<p>Essa legisla\u00e7\u00e3o teve origem na Medida Provis\u00f3ria (MP) 1.150\/2022, emitida pelo governo Bolsonaro. A inten\u00e7\u00e3o da medida era permitir que os propriet\u00e1rios de terras rurais continuassem a buscar sua regulariza\u00e7\u00e3o. Anteriormente, o C\u00f3digo Florestal (Lei 12.651 de 2012) estipulava que tais pedidos s\u00f3 seriam v\u00e1lidos para inscri\u00e7\u00f5es feitas no CAR at\u00e9 31 de dezembro de 2020. O governo anterior alegava que apenas 0,5% do total de cadastros haviam sido analisados at\u00e9 aquele momento.<\/p>\n\n\n\n<p>Ap\u00f3s a inscri\u00e7\u00e3o, o propriet\u00e1rio tem um prazo de dois anos para aderir ao programa de regulariza\u00e7\u00e3o. Com a medida do governo, os donos de terras t\u00eam 180 dias a partir da convoca\u00e7\u00e3o do \u00f3rg\u00e3o respons\u00e1vel pela an\u00e1lise das inscri\u00e7\u00f5es no CAR para solicitar sua ades\u00e3o ao PAR. Ou seja, o prazo n\u00e3o est\u00e1 mais vinculado a uma data espec\u00edfica, oferecendo uma maior flexibilidade aos propriet\u00e1rios rurais.<\/p>\n","protected":false},"excerpt":{"rendered":"<p>A lei rec\u00e9m-sancionada, j\u00e1 em vigor, estabelece um prazo de um ano para os propriet\u00e1rios regularizarem suas terras ap\u00f3s receberem notifica\u00e7\u00e3o do \u00f3rg\u00e3o competente. A inclus\u00e3o no Programa de Regulariza\u00e7\u00e3o Ambiental (PAR) ocorre mediante um requerimento de ades\u00e3o feito pelo propriet\u00e1rio, sendo obrigat\u00f3rio que esteja previamente inscrito no Cadastro Ambiental Rural (CAR). Antes de notificar [&hellip;]<\/p>\n","protected":false},"author":3,"featured_media":0,"comment_status":"open","ping_status":"open","sticky":false,"template":"","format":"standard","meta":[],"categories":[1],"tags":[],"yoast_head":"<!-- This site is optimized with the Yoast SEO plugin v20.4 - https:\/\/yoast.com\/wordpress\/plugins\/seo\/ -->\n<title>Regulariza\u00e7\u00e3o Ambiental - MC AMB<\/title>\n<meta name=\"robots\" content=\"index, follow, max-snippet:-1, max-image-preview:large, max-video-preview:-1\" \/>\n<link rel=\"canonical\" href=\"https:\/\/mcamb.eng.br\/blog\/regularizacao-ambiental\/\" \/>\n<meta property=\"og:locale\" content=\"pt_BR\" \/>\n<meta property=\"og:type\" content=\"article\" \/>\n<meta property=\"og:title\" content=\"Regulariza\u00e7\u00e3o Ambiental - MC AMB\" \/>\n<meta property=\"og:description\" content=\"A lei rec\u00e9m-sancionada, j\u00e1 em vigor, estabelece um prazo de um ano para os propriet\u00e1rios regularizarem suas terras ap\u00f3s receberem notifica\u00e7\u00e3o do \u00f3rg\u00e3o competente. A inclus\u00e3o no Programa de Regulariza\u00e7\u00e3o Ambiental (PAR) ocorre mediante um requerimento de ades\u00e3o feito pelo propriet\u00e1rio, sendo obrigat\u00f3rio que esteja previamente inscrito no Cadastro Ambiental Rural (CAR). Antes de notificar [&hellip;]\" \/>\n<meta property=\"og:url\" content=\"https:\/\/mcamb.eng.br\/blog\/regularizacao-ambiental\/\" \/>\n<meta property=\"og:site_name\" content=\"MC AMB\" \/>\n<meta property=\"article:publisher\" content=\"https:\/\/www.facebook.com\/mcambengamb\" \/>\n<meta property=\"article:published_time\" content=\"2023-10-25T10:00:00+00:00\" \/>\n<meta property=\"article:modified_time\" content=\"2023-10-24T20:04:32+00:00\" \/>\n<meta property=\"og:image\" content=\"https:\/\/mcamb.eng.br\/blog\/wp-content\/uploads\/2023\/03\/logo.webp\" \/>\n\t<meta property=\"og:image:width\" content=\"220\" \/>\n\t<meta property=\"og:image:height\" content=\"176\" \/>\n\t<meta property=\"og:image:type\" content=\"image\/webp\" \/>\n<meta name=\"author\" content=\"Felipe Fiatikoski Angelo\" \/>\n<meta name=\"twitter:card\" content=\"summary_large_image\" \/>\n<meta name=\"twitter:label1\" content=\"Escrito por\" \/>\n\t<meta name=\"twitter:data1\" content=\"Felipe Fiatikoski Angelo\" \/>\n\t<meta name=\"twitter:label2\" content=\"Est. tempo de leitura\" \/>\n\t<meta name=\"twitter:data2\" content=\"2 minutos\" \/>\n<script type=\"application\/ld+json\" class=\"yoast-schema-graph\">{\"@context\":\"https:\/\/schema.org\",\"@graph\":[{\"@type\":\"Article\",\"@id\":\"https:\/\/mcamb.eng.br\/blog\/regularizacao-ambiental\/#article\",\"isPartOf\":{\"@id\":\"https:\/\/mcamb.eng.br\/blog\/regularizacao-ambiental\/\"},\"author\":{\"name\":\"Felipe Fiatikoski Angelo\",\"@id\":\"https:\/\/mcamb.eng.br\/blog\/#\/schema\/person\/a442e8e8ffde488aa5d57fd80e93d314\"},\"headline\":\"Regulariza\u00e7\u00e3o Ambiental\",\"datePublished\":\"2023-10-25T10:00:00+00:00\",\"dateModified\":\"2023-10-24T20:04:32+00:00\",\"mainEntityOfPage\":{\"@id\":\"https:\/\/mcamb.eng.br\/blog\/regularizacao-ambiental\/\"},\"wordCount\":317,\"commentCount\":0,\"publisher\":{\"@id\":\"https:\/\/mcamb.eng.br\/blog\/#organization\"},\"inLanguage\":\"pt-BR\",\"potentialAction\":[{\"@type\":\"CommentAction\",\"name\":\"Comment\",\"target\":[\"https:\/\/mcamb.eng.br\/blog\/regularizacao-ambiental\/#respond\"]}]},{\"@type\":\"WebPage\",\"@id\":\"https:\/\/mcamb.eng.br\/blog\/regularizacao-ambiental\/\",\"url\":\"https:\/\/mcamb.eng.br\/blog\/regularizacao-ambiental\/\",\"name\":\"Regulariza\u00e7\u00e3o Ambiental - MC AMB\",\"isPartOf\":{\"@id\":\"https:\/\/mcamb.eng.br\/blog\/#website\"},\"datePublished\":\"2023-10-25T10:00:00+00:00\",\"dateModified\":\"2023-10-24T20:04:32+00:00\",\"breadcrumb\":{\"@id\":\"https:\/\/mcamb.eng.br\/blog\/regularizacao-ambiental\/#breadcrumb\"},\"inLanguage\":\"pt-BR\",\"potentialAction\":[{\"@type\":\"ReadAction\",\"target\":[\"https:\/\/mcamb.eng.br\/blog\/regularizacao-ambiental\/\"]}]},{\"@type\":\"BreadcrumbList\",\"@id\":\"https:\/\/mcamb.eng.br\/blog\/regularizacao-ambiental\/#breadcrumb\",\"itemListElement\":[{\"@type\":\"ListItem\",\"position\":1,\"name\":\"In\u00edcio\",\"item\":\"https:\/\/mcamb.eng.br\/blog\/\"},{\"@type\":\"ListItem\",\"position\":2,\"name\":\"Regulariza\u00e7\u00e3o Ambiental\"}]},{\"@type\":\"WebSite\",\"@id\":\"https:\/\/mcamb.eng.br\/blog\/#website\",\"url\":\"https:\/\/mcamb.eng.br\/blog\/\",\"name\":\"MC AMB\",\"description\":\"Regulariza\u00e7\u00e3o Ambiental, Topografia e Seguran\u00e7a do Trabalho\",\"publisher\":{\"@id\":\"https:\/\/mcamb.eng.br\/blog\/#organization\"},\"potentialAction\":[{\"@type\":\"SearchAction\",\"target\":{\"@type\":\"EntryPoint\",\"urlTemplate\":\"https:\/\/mcamb.eng.br\/blog\/?s={search_term_string}\"},\"query-input\":\"required name=search_term_string\"}],\"inLanguage\":\"pt-BR\"},{\"@type\":\"Organization\",\"@id\":\"https:\/\/mcamb.eng.br\/blog\/#organization\",\"name\":\"MC AMB\",\"url\":\"https:\/\/mcamb.eng.br\/blog\/\",\"logo\":{\"@type\":\"ImageObject\",\"inLanguage\":\"pt-BR\",\"@id\":\"https:\/\/mcamb.eng.br\/blog\/#\/schema\/logo\/image\/\",\"url\":\"https:\/\/mcamb.eng.br\/blog\/wp-content\/uploads\/2023\/03\/logo.webp\",\"contentUrl\":\"https:\/\/mcamb.eng.br\/blog\/wp-content\/uploads\/2023\/03\/logo.webp\",\"width\":220,\"height\":176,\"caption\":\"MC AMB\"},\"image\":{\"@id\":\"https:\/\/mcamb.eng.br\/blog\/#\/schema\/logo\/image\/\"},\"sameAs\":[\"https:\/\/www.facebook.com\/mcambengamb\",\"https:\/\/www.instagram.com\/mcambengenharia\/\"]},{\"@type\":\"Person\",\"@id\":\"https:\/\/mcamb.eng.br\/blog\/#\/schema\/person\/a442e8e8ffde488aa5d57fd80e93d314\",\"name\":\"Felipe Fiatikoski Angelo\",\"image\":{\"@type\":\"ImageObject\",\"inLanguage\":\"pt-BR\",\"@id\":\"https:\/\/mcamb.eng.br\/blog\/#\/schema\/person\/image\/\",\"url\":\"https:\/\/secure.gravatar.com\/avatar\/3ac7ccd215ee9c749dc685397b946f91?s=96&d=mm&r=g\",\"contentUrl\":\"https:\/\/secure.gravatar.com\/avatar\/3ac7ccd215ee9c749dc685397b946f91?s=96&d=mm&r=g\",\"caption\":\"Felipe Fiatikoski Angelo\"},\"url\":\"https:\/\/mcamb.eng.br\/blog\/author\/felipe\/\"}]}<\/script>\n<!-- \/ Yoast SEO plugin. -->","yoast_head_json":{"title":"Regulariza\u00e7\u00e3o Ambiental - MC AMB","robots":{"index":"index","follow":"follow","max-snippet":"max-snippet:-1","max-image-preview":"max-image-preview:large","max-video-preview":"max-video-preview:-1"},"canonical":"https:\/\/mcamb.eng.br\/blog\/regularizacao-ambiental\/","og_locale":"pt_BR","og_type":"article","og_title":"Regulariza\u00e7\u00e3o Ambiental - MC AMB","og_description":"A lei rec\u00e9m-sancionada, j\u00e1 em vigor, estabelece um prazo de um ano para os propriet\u00e1rios regularizarem suas terras ap\u00f3s receberem notifica\u00e7\u00e3o do \u00f3rg\u00e3o competente. A inclus\u00e3o no Programa de Regulariza\u00e7\u00e3o Ambiental (PAR) ocorre mediante um requerimento de ades\u00e3o feito pelo propriet\u00e1rio, sendo obrigat\u00f3rio que esteja previamente inscrito no Cadastro Ambiental Rural (CAR). Antes de notificar [&hellip;]","og_url":"https:\/\/mcamb.eng.br\/blog\/regularizacao-ambiental\/","og_site_name":"MC AMB","article_publisher":"https:\/\/www.facebook.com\/mcambengamb","article_published_time":"2023-10-25T10:00:00+00:00","article_modified_time":"2023-10-24T20:04:32+00:00","og_image":[{"width":220,"height":176,"url":"https:\/\/mcamb.eng.br\/blog\/wp-content\/uploads\/2023\/03\/logo.webp","type":"image\/webp"}],"author":"Felipe Fiatikoski Angelo","twitter_card":"summary_large_image","twitter_misc":{"Escrito por":"Felipe Fiatikoski Angelo","Est. tempo de leitura":"2 minutos"},"schema":{"@context":"https:\/\/schema.org","@graph":[{"@type":"Article","@id":"https:\/\/mcamb.eng.br\/blog\/regularizacao-ambiental\/#article","isPartOf":{"@id":"https:\/\/mcamb.eng.br\/blog\/regularizacao-ambiental\/"},"author":{"name":"Felipe Fiatikoski Angelo","@id":"https:\/\/mcamb.eng.br\/blog\/#\/schema\/person\/a442e8e8ffde488aa5d57fd80e93d314"},"headline":"Regulariza\u00e7\u00e3o Ambiental","datePublished":"2023-10-25T10:00:00+00:00","dateModified":"2023-10-24T20:04:32+00:00","mainEntityOfPage":{"@id":"https:\/\/mcamb.eng.br\/blog\/regularizacao-ambiental\/"},"wordCount":317,"commentCount":0,"publisher":{"@id":"https:\/\/mcamb.eng.br\/blog\/#organization"},"inLanguage":"pt-BR","potentialAction":[{"@type":"CommentAction","name":"Comment","target":["https:\/\/mcamb.eng.br\/blog\/regularizacao-ambiental\/#respond"]}]},{"@type":"WebPage","@id":"https:\/\/mcamb.eng.br\/blog\/regularizacao-ambiental\/","url":"https:\/\/mcamb.eng.br\/blog\/regularizacao-ambiental\/","name":"Regulariza\u00e7\u00e3o Ambiental - MC AMB","isPartOf":{"@id":"https:\/\/mcamb.eng.br\/blog\/#website"},"datePublished":"2023-10-25T10:00:00+00:00","dateModified":"2023-10-24T20:04:32+00:00","breadcrumb":{"@id":"https:\/\/mcamb.eng.br\/blog\/regularizacao-ambiental\/#breadcrumb"},"inLanguage":"pt-BR","potentialAction":[{"@type":"ReadAction","target":["https:\/\/mcamb.eng.br\/blog\/regularizacao-ambiental\/"]}]},{"@type":"BreadcrumbList","@id":"https:\/\/mcamb.eng.br\/blog\/regularizacao-ambiental\/#breadcrumb","itemListElement":[{"@type":"ListItem","position":1,"name":"In\u00edcio","item":"https:\/\/mcamb.eng.br\/blog\/"},{"@type":"ListItem","position":2,"name":"Regulariza\u00e7\u00e3o Ambiental"}]},{"@type":"WebSite","@id":"https:\/\/mcamb.eng.br\/blog\/#website","url":"https:\/\/mcamb.eng.br\/blog\/","name":"MC AMB","description":"Regulariza\u00e7\u00e3o Ambiental, Topografia e Seguran\u00e7a do Trabalho","publisher":{"@id":"https:\/\/mcamb.eng.br\/blog\/#organization"},"potentialAction":[{"@type":"SearchAction","target":{"@type":"EntryPoint","urlTemplate":"https:\/\/mcamb.eng.br\/blog\/?s={search_term_string}"},"query-input":"required name=search_term_string"}],"inLanguage":"pt-BR"},{"@type":"Organization","@id":"https:\/\/mcamb.eng.br\/blog\/#organization","name":"MC AMB","url":"https:\/\/mcamb.eng.br\/blog\/","logo":{"@type":"ImageObject","inLanguage":"pt-BR","@id":"https:\/\/mcamb.eng.br\/blog\/#\/schema\/logo\/image\/","url":"https:\/\/mcamb.eng.br\/blog\/wp-content\/uploads\/2023\/03\/logo.webp","contentUrl":"https:\/\/mcamb.eng.br\/blog\/wp-content\/uploads\/2023\/03\/logo.webp","width":220,"height":176,"caption":"MC AMB"},"image":{"@id":"https:\/\/mcamb.eng.br\/blog\/#\/schema\/logo\/image\/"},"sameAs":["https:\/\/www.facebook.com\/mcambengamb","https:\/\/www.instagram.com\/mcambengenharia\/"]},{"@type":"Person","@id":"https:\/\/mcamb.eng.br\/blog\/#\/schema\/person\/a442e8e8ffde488aa5d57fd80e93d314","name":"Felipe Fiatikoski Angelo","image":{"@type":"ImageObject","inLanguage":"pt-BR","@id":"https:\/\/mcamb.eng.br\/blog\/#\/schema\/person\/image\/","url":"https:\/\/secure.gravatar.com\/avatar\/3ac7ccd215ee9c749dc685397b946f91?s=96&d=mm&r=g","contentUrl":"https:\/\/secure.gravatar.com\/avatar\/3ac7ccd215ee9c749dc685397b946f91?s=96&d=mm&r=g","caption":"Felipe Fiatikoski Angelo"},"url":"https:\/\/mcamb.eng.br\/blog\/author\/felipe\/"}]}},"_links":{"self":[{"href":"https:\/\/mcamb.eng.br\/blog\/wp-json\/wp\/v2\/posts\/302"}],"collection":[{"href":"https:\/\/mcamb.eng.br\/blog\/wp-json\/wp\/v2\/posts"}],"about":[{"href":"https:\/\/mcamb.eng.br\/blog\/wp-json\/wp\/v2\/types\/post"}],"author":[{"embeddable":true,"href":"https:\/\/mcamb.eng.br\/blog\/wp-json\/wp\/v2\/users\/3"}],"replies":[{"embeddable":true,"href":"https:\/\/mcamb.eng.br\/blog\/wp-json\/wp\/v2\/comments?post=302"}],"version-history":[{"count":1,"href":"https:\/\/mcamb.eng.br\/blog\/wp-json\/wp\/v2\/posts\/302\/revisions"}],"predecessor-version":[{"id":303,"href":"https:\/\/mcamb.eng.br\/blog\/wp-json\/wp\/v2\/posts\/302\/revisions\/303"}],"wp:attachment":[{"href":"https:\/\/mcamb.eng.br\/blog\/wp-json\/wp\/v2\/media?parent=302"}],"wp:term":[{"taxonomy":"category","embeddable":true,"href":"https:\/\/mcamb.eng.br\/blog\/wp-json\/wp\/v2\/categories?post=302"},{"taxonomy":"post_tag","embeddable":true,"href":"https:\/\/mcamb.eng.br\/blog\/wp-json\/wp\/v2\/tags?post=302"}],"curies":[{"name":"wp","href":"https:\/\/api.w.org\/{rel}","templated":true}]}}