{"id":304,"date":"2023-10-30T07:04:00","date_gmt":"2023-10-30T10:04:00","guid":{"rendered":"https:\/\/mcamb.eng.br\/blog\/?p=304"},"modified":"2023-10-24T17:04:56","modified_gmt":"2023-10-24T20:04:56","slug":"mata-atlantica","status":"publish","type":"post","link":"https:\/\/mcamb.eng.br\/blog\/mata-atlantica\/","title":{"rendered":"Mata Atl\u00e2ntica"},"content":{"rendered":"\n<p>Na C\u00e2mara dos Deputados, a medida provis\u00f3ria recebeu diversas emendas que n\u00e3o s\u00f3 alteravam o C\u00f3digo Florestal, mas tamb\u00e9m a Lei da Mata Atl\u00e2ntica. As inclus\u00f5es permitiam o desmatamento em caso de implanta\u00e7\u00e3o de linhas de transmiss\u00e3o de energia el\u00e9trica ou gasoduto, por exemplo, sem necessidade de estudo pr\u00e9vio de impacto ambiental (EIA) ou compensa\u00e7\u00e3o de qualquer natureza.&nbsp;<\/p>\n\n\n\n<p>Outra emenda dispensava zona de amortecimento e corredores ecol\u00f3gicos em unidades de conserva\u00e7\u00e3o quando estas estivessem situadas em \u00e1reas urbanas definidas por lei municipal. Os deputados tamb\u00e9m haviam aprovado a dispensa de consulta a conselhos estaduais e municipais de meio ambiente para a defini\u00e7\u00e3o do uso do solo em faixas marginais ao longo de qualquer corpo h\u00eddrico.<\/p>\n\n\n\n<p>No Senado, as mudan\u00e7as na Lei da Mata Atl\u00e2ntica foram impugnadas, com base em entendimento do Supremo Tribunal Federal (STF), sob argumento de n\u00e3o tratarem do mesmo tema da medida provis\u00f3ria. Como os senadores tamb\u00e9m propuseram outras mudan\u00e7as, o texto voltou para an\u00e1lise na C\u00e2mara, que rejeitou as impugna\u00e7\u00f5es do Senado e enviou \u00e0 san\u00e7\u00e3o presidencial, mantendo as emendas dos deputados.&nbsp;<\/p>\n\n\n\n<p>Essas mudan\u00e7as na Lei da Mata Atl\u00e2ntica foram vetadas. Segundo o relator na C\u00e2mara, deputado S\u00e9rgio Souza (MDB-PR), o texto havia sido acordado entre diversos atores, inclusive o governo. O deputado afirmou que Lula teria seus vetos respeitados pelo parlamento.<\/p>\n","protected":false},"excerpt":{"rendered":"<p>Na C\u00e2mara dos Deputados, a medida provis\u00f3ria recebeu diversas emendas que n\u00e3o s\u00f3 alteravam o C\u00f3digo Florestal, mas tamb\u00e9m a Lei da Mata Atl\u00e2ntica. As inclus\u00f5es permitiam o desmatamento em caso de implanta\u00e7\u00e3o de linhas de transmiss\u00e3o de energia el\u00e9trica ou gasoduto, por exemplo, sem necessidade de estudo pr\u00e9vio de impacto ambiental (EIA) ou compensa\u00e7\u00e3o [&hellip;]<\/p>\n","protected":false},"author":3,"featured_media":0,"comment_status":"open","ping_status":"open","sticky":false,"template":"","format":"standard","meta":[],"categories":[1],"tags":[],"yoast_head":"<!-- This site is optimized with the Yoast SEO plugin v20.4 - https:\/\/yoast.com\/wordpress\/plugins\/seo\/ -->\n<title>Mata Atl\u00e2ntica - MC AMB<\/title>\n<meta name=\"robots\" content=\"index, follow, max-snippet:-1, max-image-preview:large, max-video-preview:-1\" \/>\n<link rel=\"canonical\" href=\"https:\/\/mcamb.eng.br\/blog\/mata-atlantica\/\" \/>\n<meta property=\"og:locale\" content=\"pt_BR\" \/>\n<meta property=\"og:type\" content=\"article\" \/>\n<meta property=\"og:title\" content=\"Mata Atl\u00e2ntica - MC AMB\" \/>\n<meta property=\"og:description\" content=\"Na C\u00e2mara dos Deputados, a medida provis\u00f3ria recebeu diversas emendas que n\u00e3o s\u00f3 alteravam o C\u00f3digo Florestal, mas tamb\u00e9m a Lei da Mata Atl\u00e2ntica. As inclus\u00f5es permitiam o desmatamento em caso de implanta\u00e7\u00e3o de linhas de transmiss\u00e3o de energia el\u00e9trica ou gasoduto, por exemplo, sem necessidade de estudo pr\u00e9vio de impacto ambiental (EIA) ou compensa\u00e7\u00e3o [&hellip;]\" \/>\n<meta property=\"og:url\" content=\"https:\/\/mcamb.eng.br\/blog\/mata-atlantica\/\" \/>\n<meta property=\"og:site_name\" content=\"MC AMB\" \/>\n<meta property=\"article:publisher\" content=\"https:\/\/www.facebook.com\/mcambengamb\" \/>\n<meta property=\"article:published_time\" content=\"2023-10-30T10:04:00+00:00\" \/>\n<meta property=\"article:modified_time\" content=\"2023-10-24T20:04:56+00:00\" \/>\n<meta property=\"og:image\" content=\"https:\/\/mcamb.eng.br\/blog\/wp-content\/uploads\/2023\/03\/logo.webp\" \/>\n\t<meta property=\"og:image:width\" content=\"220\" \/>\n\t<meta property=\"og:image:height\" content=\"176\" \/>\n\t<meta property=\"og:image:type\" content=\"image\/webp\" \/>\n<meta name=\"author\" content=\"Felipe Fiatikoski Angelo\" \/>\n<meta name=\"twitter:card\" content=\"summary_large_image\" \/>\n<meta name=\"twitter:label1\" content=\"Escrito por\" \/>\n\t<meta name=\"twitter:data1\" content=\"Felipe Fiatikoski Angelo\" \/>\n\t<meta name=\"twitter:label2\" content=\"Est. tempo de leitura\" \/>\n\t<meta name=\"twitter:data2\" content=\"1 minuto\" \/>\n<script type=\"application\/ld+json\" class=\"yoast-schema-graph\">{\"@context\":\"https:\/\/schema.org\",\"@graph\":[{\"@type\":\"Article\",\"@id\":\"https:\/\/mcamb.eng.br\/blog\/mata-atlantica\/#article\",\"isPartOf\":{\"@id\":\"https:\/\/mcamb.eng.br\/blog\/mata-atlantica\/\"},\"author\":{\"name\":\"Felipe Fiatikoski Angelo\",\"@id\":\"https:\/\/mcamb.eng.br\/blog\/#\/schema\/person\/a442e8e8ffde488aa5d57fd80e93d314\"},\"headline\":\"Mata Atl\u00e2ntica\",\"datePublished\":\"2023-10-30T10:04:00+00:00\",\"dateModified\":\"2023-10-24T20:04:56+00:00\",\"mainEntityOfPage\":{\"@id\":\"https:\/\/mcamb.eng.br\/blog\/mata-atlantica\/\"},\"wordCount\":251,\"commentCount\":0,\"publisher\":{\"@id\":\"https:\/\/mcamb.eng.br\/blog\/#organization\"},\"inLanguage\":\"pt-BR\",\"potentialAction\":[{\"@type\":\"CommentAction\",\"name\":\"Comment\",\"target\":[\"https:\/\/mcamb.eng.br\/blog\/mata-atlantica\/#respond\"]}]},{\"@type\":\"WebPage\",\"@id\":\"https:\/\/mcamb.eng.br\/blog\/mata-atlantica\/\",\"url\":\"https:\/\/mcamb.eng.br\/blog\/mata-atlantica\/\",\"name\":\"Mata Atl\u00e2ntica - MC AMB\",\"isPartOf\":{\"@id\":\"https:\/\/mcamb.eng.br\/blog\/#website\"},\"datePublished\":\"2023-10-30T10:04:00+00:00\",\"dateModified\":\"2023-10-24T20:04:56+00:00\",\"breadcrumb\":{\"@id\":\"https:\/\/mcamb.eng.br\/blog\/mata-atlantica\/#breadcrumb\"},\"inLanguage\":\"pt-BR\",\"potentialAction\":[{\"@type\":\"ReadAction\",\"target\":[\"https:\/\/mcamb.eng.br\/blog\/mata-atlantica\/\"]}]},{\"@type\":\"BreadcrumbList\",\"@id\":\"https:\/\/mcamb.eng.br\/blog\/mata-atlantica\/#breadcrumb\",\"itemListElement\":[{\"@type\":\"ListItem\",\"position\":1,\"name\":\"In\u00edcio\",\"item\":\"https:\/\/mcamb.eng.br\/blog\/\"},{\"@type\":\"ListItem\",\"position\":2,\"name\":\"Mata Atl\u00e2ntica\"}]},{\"@type\":\"WebSite\",\"@id\":\"https:\/\/mcamb.eng.br\/blog\/#website\",\"url\":\"https:\/\/mcamb.eng.br\/blog\/\",\"name\":\"MC AMB\",\"description\":\"Regulariza\u00e7\u00e3o Ambiental, Topografia e Seguran\u00e7a do Trabalho\",\"publisher\":{\"@id\":\"https:\/\/mcamb.eng.br\/blog\/#organization\"},\"potentialAction\":[{\"@type\":\"SearchAction\",\"target\":{\"@type\":\"EntryPoint\",\"urlTemplate\":\"https:\/\/mcamb.eng.br\/blog\/?s={search_term_string}\"},\"query-input\":\"required name=search_term_string\"}],\"inLanguage\":\"pt-BR\"},{\"@type\":\"Organization\",\"@id\":\"https:\/\/mcamb.eng.br\/blog\/#organization\",\"name\":\"MC AMB\",\"url\":\"https:\/\/mcamb.eng.br\/blog\/\",\"logo\":{\"@type\":\"ImageObject\",\"inLanguage\":\"pt-BR\",\"@id\":\"https:\/\/mcamb.eng.br\/blog\/#\/schema\/logo\/image\/\",\"url\":\"https:\/\/mcamb.eng.br\/blog\/wp-content\/uploads\/2023\/03\/logo.webp\",\"contentUrl\":\"https:\/\/mcamb.eng.br\/blog\/wp-content\/uploads\/2023\/03\/logo.webp\",\"width\":220,\"height\":176,\"caption\":\"MC AMB\"},\"image\":{\"@id\":\"https:\/\/mcamb.eng.br\/blog\/#\/schema\/logo\/image\/\"},\"sameAs\":[\"https:\/\/www.facebook.com\/mcambengamb\",\"https:\/\/www.instagram.com\/mcambengenharia\/\"]},{\"@type\":\"Person\",\"@id\":\"https:\/\/mcamb.eng.br\/blog\/#\/schema\/person\/a442e8e8ffde488aa5d57fd80e93d314\",\"name\":\"Felipe Fiatikoski Angelo\",\"image\":{\"@type\":\"ImageObject\",\"inLanguage\":\"pt-BR\",\"@id\":\"https:\/\/mcamb.eng.br\/blog\/#\/schema\/person\/image\/\",\"url\":\"https:\/\/secure.gravatar.com\/avatar\/3ac7ccd215ee9c749dc685397b946f91?s=96&d=mm&r=g\",\"contentUrl\":\"https:\/\/secure.gravatar.com\/avatar\/3ac7ccd215ee9c749dc685397b946f91?s=96&d=mm&r=g\",\"caption\":\"Felipe Fiatikoski Angelo\"},\"url\":\"https:\/\/mcamb.eng.br\/blog\/author\/felipe\/\"}]}<\/script>\n<!-- \/ Yoast SEO plugin. -->","yoast_head_json":{"title":"Mata Atl\u00e2ntica - MC AMB","robots":{"index":"index","follow":"follow","max-snippet":"max-snippet:-1","max-image-preview":"max-image-preview:large","max-video-preview":"max-video-preview:-1"},"canonical":"https:\/\/mcamb.eng.br\/blog\/mata-atlantica\/","og_locale":"pt_BR","og_type":"article","og_title":"Mata Atl\u00e2ntica - MC AMB","og_description":"Na C\u00e2mara dos Deputados, a medida provis\u00f3ria recebeu diversas emendas que n\u00e3o s\u00f3 alteravam o C\u00f3digo Florestal, mas tamb\u00e9m a Lei da Mata Atl\u00e2ntica. As inclus\u00f5es permitiam o desmatamento em caso de implanta\u00e7\u00e3o de linhas de transmiss\u00e3o de energia el\u00e9trica ou gasoduto, por exemplo, sem necessidade de estudo pr\u00e9vio de impacto ambiental (EIA) ou compensa\u00e7\u00e3o [&hellip;]","og_url":"https:\/\/mcamb.eng.br\/blog\/mata-atlantica\/","og_site_name":"MC AMB","article_publisher":"https:\/\/www.facebook.com\/mcambengamb","article_published_time":"2023-10-30T10:04:00+00:00","article_modified_time":"2023-10-24T20:04:56+00:00","og_image":[{"width":220,"height":176,"url":"https:\/\/mcamb.eng.br\/blog\/wp-content\/uploads\/2023\/03\/logo.webp","type":"image\/webp"}],"author":"Felipe Fiatikoski Angelo","twitter_card":"summary_large_image","twitter_misc":{"Escrito por":"Felipe Fiatikoski Angelo","Est. tempo de leitura":"1 minuto"},"schema":{"@context":"https:\/\/schema.org","@graph":[{"@type":"Article","@id":"https:\/\/mcamb.eng.br\/blog\/mata-atlantica\/#article","isPartOf":{"@id":"https:\/\/mcamb.eng.br\/blog\/mata-atlantica\/"},"author":{"name":"Felipe Fiatikoski Angelo","@id":"https:\/\/mcamb.eng.br\/blog\/#\/schema\/person\/a442e8e8ffde488aa5d57fd80e93d314"},"headline":"Mata Atl\u00e2ntica","datePublished":"2023-10-30T10:04:00+00:00","dateModified":"2023-10-24T20:04:56+00:00","mainEntityOfPage":{"@id":"https:\/\/mcamb.eng.br\/blog\/mata-atlantica\/"},"wordCount":251,"commentCount":0,"publisher":{"@id":"https:\/\/mcamb.eng.br\/blog\/#organization"},"inLanguage":"pt-BR","potentialAction":[{"@type":"CommentAction","name":"Comment","target":["https:\/\/mcamb.eng.br\/blog\/mata-atlantica\/#respond"]}]},{"@type":"WebPage","@id":"https:\/\/mcamb.eng.br\/blog\/mata-atlantica\/","url":"https:\/\/mcamb.eng.br\/blog\/mata-atlantica\/","name":"Mata Atl\u00e2ntica - MC AMB","isPartOf":{"@id":"https:\/\/mcamb.eng.br\/blog\/#website"},"datePublished":"2023-10-30T10:04:00+00:00","dateModified":"2023-10-24T20:04:56+00:00","breadcrumb":{"@id":"https:\/\/mcamb.eng.br\/blog\/mata-atlantica\/#breadcrumb"},"inLanguage":"pt-BR","potentialAction":[{"@type":"ReadAction","target":["https:\/\/mcamb.eng.br\/blog\/mata-atlantica\/"]}]},{"@type":"BreadcrumbList","@id":"https:\/\/mcamb.eng.br\/blog\/mata-atlantica\/#breadcrumb","itemListElement":[{"@type":"ListItem","position":1,"name":"In\u00edcio","item":"https:\/\/mcamb.eng.br\/blog\/"},{"@type":"ListItem","position":2,"name":"Mata Atl\u00e2ntica"}]},{"@type":"WebSite","@id":"https:\/\/mcamb.eng.br\/blog\/#website","url":"https:\/\/mcamb.eng.br\/blog\/","name":"MC AMB","description":"Regulariza\u00e7\u00e3o Ambiental, Topografia e Seguran\u00e7a do Trabalho","publisher":{"@id":"https:\/\/mcamb.eng.br\/blog\/#organization"},"potentialAction":[{"@type":"SearchAction","target":{"@type":"EntryPoint","urlTemplate":"https:\/\/mcamb.eng.br\/blog\/?s={search_term_string}"},"query-input":"required name=search_term_string"}],"inLanguage":"pt-BR"},{"@type":"Organization","@id":"https:\/\/mcamb.eng.br\/blog\/#organization","name":"MC AMB","url":"https:\/\/mcamb.eng.br\/blog\/","logo":{"@type":"ImageObject","inLanguage":"pt-BR","@id":"https:\/\/mcamb.eng.br\/blog\/#\/schema\/logo\/image\/","url":"https:\/\/mcamb.eng.br\/blog\/wp-content\/uploads\/2023\/03\/logo.webp","contentUrl":"https:\/\/mcamb.eng.br\/blog\/wp-content\/uploads\/2023\/03\/logo.webp","width":220,"height":176,"caption":"MC AMB"},"image":{"@id":"https:\/\/mcamb.eng.br\/blog\/#\/schema\/logo\/image\/"},"sameAs":["https:\/\/www.facebook.com\/mcambengamb","https:\/\/www.instagram.com\/mcambengenharia\/"]},{"@type":"Person","@id":"https:\/\/mcamb.eng.br\/blog\/#\/schema\/person\/a442e8e8ffde488aa5d57fd80e93d314","name":"Felipe Fiatikoski Angelo","image":{"@type":"ImageObject","inLanguage":"pt-BR","@id":"https:\/\/mcamb.eng.br\/blog\/#\/schema\/person\/image\/","url":"https:\/\/secure.gravatar.com\/avatar\/3ac7ccd215ee9c749dc685397b946f91?s=96&d=mm&r=g","contentUrl":"https:\/\/secure.gravatar.com\/avatar\/3ac7ccd215ee9c749dc685397b946f91?s=96&d=mm&r=g","caption":"Felipe Fiatikoski Angelo"},"url":"https:\/\/mcamb.eng.br\/blog\/author\/felipe\/"}]}},"_links":{"self":[{"href":"https:\/\/mcamb.eng.br\/blog\/wp-json\/wp\/v2\/posts\/304"}],"collection":[{"href":"https:\/\/mcamb.eng.br\/blog\/wp-json\/wp\/v2\/posts"}],"about":[{"href":"https:\/\/mcamb.eng.br\/blog\/wp-json\/wp\/v2\/types\/post"}],"author":[{"embeddable":true,"href":"https:\/\/mcamb.eng.br\/blog\/wp-json\/wp\/v2\/users\/3"}],"replies":[{"embeddable":true,"href":"https:\/\/mcamb.eng.br\/blog\/wp-json\/wp\/v2\/comments?post=304"}],"version-history":[{"count":1,"href":"https:\/\/mcamb.eng.br\/blog\/wp-json\/wp\/v2\/posts\/304\/revisions"}],"predecessor-version":[{"id":305,"href":"https:\/\/mcamb.eng.br\/blog\/wp-json\/wp\/v2\/posts\/304\/revisions\/305"}],"wp:attachment":[{"href":"https:\/\/mcamb.eng.br\/blog\/wp-json\/wp\/v2\/media?parent=304"}],"wp:term":[{"taxonomy":"category","embeddable":true,"href":"https:\/\/mcamb.eng.br\/blog\/wp-json\/wp\/v2\/categories?post=304"},{"taxonomy":"post_tag","embeddable":true,"href":"https:\/\/mcamb.eng.br\/blog\/wp-json\/wp\/v2\/tags?post=304"}],"curies":[{"name":"wp","href":"https:\/\/api.w.org\/{rel}","templated":true}]}}