{"id":310,"date":"2023-11-06T11:02:18","date_gmt":"2023-11-06T14:02:18","guid":{"rendered":"https:\/\/mcamb.eng.br\/blog\/?p=310"},"modified":"2023-11-01T11:02:34","modified_gmt":"2023-11-01T14:02:34","slug":"linha-de-transmissao-na-baixada-santista-recebe-licenca-ambiental","status":"publish","type":"post","link":"https:\/\/mcamb.eng.br\/blog\/linha-de-transmissao-na-baixada-santista-recebe-licenca-ambiental\/","title":{"rendered":"Linha de Transmiss\u00e3o na Baixada Santista recebe licen\u00e7a ambiental"},"content":{"rendered":"\n<p>A diretoria de Avalia\u00e7\u00e3o de Impacto Ambiental da CETESB emitiu, no final de setembro, a Licen\u00e7a de Instala\u00e7\u00e3o para a \u201cFase 2 \u2013 Trecho 1\u201d da LT \u2014 Linha de Transmiss\u00e3o de 138kV Manoel da N\u00f3brega \u2014 Mongagu\u00e1, da Elektro Redes S.A., no munic\u00edpio litor\u00e2neo de Praia Grande. A obra prev\u00ea investimentos de R$ 49 milh\u00f5es, 12 meses de gera\u00e7\u00e3o de empregos, com contrata\u00e7\u00e3o de at\u00e9 60 trabalhadores na \u00e9poca de pico.<\/p>\n\n\n\n<p>A LT ter\u00e1 uma faixa de servid\u00e3o com extens\u00e3o total de 3,3 quil\u00f4metros, sendo 1,8 quil\u00f4metro de trecho a\u00e9reo, com 30 metros de largura; conter\u00e1 09 estruturas met\u00e1licas autoportantes; e 1,5 quil\u00f4metro de extens\u00e3o e 3,2 metros de largura para o trecho subterr\u00e2neo. O empreendimento faz parte da LT 138 kV Manoel da N\u00f3brega \u2014 Mongagu\u00e1 \u2014 \u201cFases 1 e 2\u201d -, que possuir\u00e1 19 quil\u00f4metros de extens\u00e3o, 95 postes met\u00e1licos e 13 torres compostas por treli\u00e7as met\u00e1licas para suporte dos condutores el\u00e9tricos, a ser implantada nos munic\u00edpios de Mongagu\u00e1 e Praia Grande, localizados na Regi\u00e3o Metropolitana da Baixada Santista.<\/p>\n\n\n\n<p>Segundo o RAP \u2014 Relat\u00f3rio Ambiental Preliminar, o litoral paulista possui perspectiva de desenvolvimento econ\u00f4mico em decorr\u00eancia de investimentos nas atividades industriais, petrol\u00edferas e imobili\u00e1rias. Tal proje\u00e7\u00e3o, somada ao polo tur\u00edstico j\u00e1 instalado na Baixada Santista e \u00e0s atividades do complexo portu\u00e1rio, demandam investimentos em infraestrutura. Estudo realizado pela EPE \u2014 Empresa de Pesquisa Energ\u00e9tica revelou que, historicamente, no feriado da virada de ano, ocorre um pico de demanda, podendo ser potencializado em at\u00e9 60% no qual o feriado coincide com final de semana.<\/p>\n\n\n\n<p>O sistema de distribui\u00e7\u00e3o da Elektro nas regi\u00f5es do Litoral Sul e Baixada Santista encontra-se em satura\u00e7\u00e3o e n\u00e3o possui capacidade necess\u00e1ria para suprir as demandas de pico. Assim, concluiu-se, que a melhor alternativa t\u00e9cnica, econ\u00f4mica e socioambiental para refor\u00e7o do sistema el\u00e9trico da regi\u00e3o consiste na interliga\u00e7\u00e3o entre a Subesta\u00e7\u00e3o Manoel da N\u00f3brega, a ser implantada no munic\u00edpio de Praia Grande, e a Subesta\u00e7\u00e3o Mongagu\u00e1, implantada na cidade hom\u00f4nima. Foi emitida a Autoriza\u00e7\u00e3o para as interven\u00e7\u00f5es previstas e firmado o TCRA \u2013 Termo de Compromisso de Recupera\u00e7\u00e3o Ambiental, no qual o empreendedor assumiu o compromisso de restaura\u00e7\u00e3o florestal, por meio de projeto de compensa\u00e7\u00e3o florestal, realizado no Parque Estadual da Serra do Mar, N\u00facleo Itutinga-Pil\u00f5es, Unidade de Conserva\u00e7\u00e3o de Prote\u00e7\u00e3o Integral.<\/p>\n\n\n\n<p><strong>Fonte<\/strong>:<a href=\"https:\/\/cetesb.sp.gov.br\/blog\/2023\/10\/10\/linha-de-transmissao-na-baixada-santista-recebe-licenca-ambiental\/\">https:\/\/cetesb.sp.gov.br\/blog\/2023\/10\/10\/linha-de-transmissao-na-baixada-santista-recebe-licenca-ambiental\/<\/a><\/p>\n","protected":false},"excerpt":{"rendered":"<p>A diretoria de Avalia\u00e7\u00e3o de Impacto Ambiental da CETESB emitiu, no final de setembro, a Licen\u00e7a de Instala\u00e7\u00e3o para a \u201cFase 2 \u2013 Trecho 1\u201d da LT \u2014 Linha de Transmiss\u00e3o de 138kV Manoel da N\u00f3brega \u2014 Mongagu\u00e1, da Elektro Redes S.A., no munic\u00edpio litor\u00e2neo de Praia Grande. A obra prev\u00ea investimentos de R$ 49 [&hellip;]<\/p>\n","protected":false},"author":3,"featured_media":0,"comment_status":"open","ping_status":"open","sticky":false,"template":"","format":"standard","meta":[],"categories":[1],"tags":[],"yoast_head":"<!-- This site is optimized with the Yoast SEO plugin v20.4 - https:\/\/yoast.com\/wordpress\/plugins\/seo\/ -->\n<title>Linha de Transmiss\u00e3o na Baixada Santista recebe licen\u00e7a ambiental - MC AMB<\/title>\n<meta name=\"robots\" content=\"index, follow, max-snippet:-1, max-image-preview:large, max-video-preview:-1\" \/>\n<link rel=\"canonical\" href=\"https:\/\/mcamb.eng.br\/blog\/linha-de-transmissao-na-baixada-santista-recebe-licenca-ambiental\/\" \/>\n<meta property=\"og:locale\" content=\"pt_BR\" \/>\n<meta property=\"og:type\" content=\"article\" \/>\n<meta property=\"og:title\" content=\"Linha de Transmiss\u00e3o na Baixada Santista recebe licen\u00e7a ambiental - MC AMB\" \/>\n<meta property=\"og:description\" content=\"A diretoria de Avalia\u00e7\u00e3o de Impacto Ambiental da CETESB emitiu, no final de setembro, a Licen\u00e7a de Instala\u00e7\u00e3o para a \u201cFase 2 \u2013 Trecho 1\u201d da LT \u2014 Linha de Transmiss\u00e3o de 138kV Manoel da N\u00f3brega \u2014 Mongagu\u00e1, da Elektro Redes S.A., no munic\u00edpio litor\u00e2neo de Praia Grande. A obra prev\u00ea investimentos de R$ 49 [&hellip;]\" \/>\n<meta property=\"og:url\" content=\"https:\/\/mcamb.eng.br\/blog\/linha-de-transmissao-na-baixada-santista-recebe-licenca-ambiental\/\" \/>\n<meta property=\"og:site_name\" content=\"MC AMB\" \/>\n<meta property=\"article:publisher\" content=\"https:\/\/www.facebook.com\/mcambengamb\" \/>\n<meta property=\"article:published_time\" content=\"2023-11-06T14:02:18+00:00\" \/>\n<meta property=\"article:modified_time\" content=\"2023-11-01T14:02:34+00:00\" \/>\n<meta property=\"og:image\" content=\"https:\/\/mcamb.eng.br\/blog\/wp-content\/uploads\/2023\/03\/logo.webp\" \/>\n\t<meta property=\"og:image:width\" content=\"220\" \/>\n\t<meta property=\"og:image:height\" content=\"176\" \/>\n\t<meta property=\"og:image:type\" content=\"image\/webp\" \/>\n<meta name=\"author\" content=\"Felipe Fiatikoski Angelo\" \/>\n<meta name=\"twitter:card\" content=\"summary_large_image\" \/>\n<meta name=\"twitter:label1\" content=\"Escrito por\" \/>\n\t<meta name=\"twitter:data1\" content=\"Felipe Fiatikoski Angelo\" \/>\n\t<meta name=\"twitter:label2\" content=\"Est. tempo de leitura\" \/>\n\t<meta name=\"twitter:data2\" content=\"2 minutos\" \/>\n<script type=\"application\/ld+json\" class=\"yoast-schema-graph\">{\"@context\":\"https:\/\/schema.org\",\"@graph\":[{\"@type\":\"Article\",\"@id\":\"https:\/\/mcamb.eng.br\/blog\/linha-de-transmissao-na-baixada-santista-recebe-licenca-ambiental\/#article\",\"isPartOf\":{\"@id\":\"https:\/\/mcamb.eng.br\/blog\/linha-de-transmissao-na-baixada-santista-recebe-licenca-ambiental\/\"},\"author\":{\"name\":\"Felipe Fiatikoski Angelo\",\"@id\":\"https:\/\/mcamb.eng.br\/blog\/#\/schema\/person\/a442e8e8ffde488aa5d57fd80e93d314\"},\"headline\":\"Linha de Transmiss\u00e3o na Baixada Santista recebe licen\u00e7a ambiental\",\"datePublished\":\"2023-11-06T14:02:18+00:00\",\"dateModified\":\"2023-11-01T14:02:34+00:00\",\"mainEntityOfPage\":{\"@id\":\"https:\/\/mcamb.eng.br\/blog\/linha-de-transmissao-na-baixada-santista-recebe-licenca-ambiental\/\"},\"wordCount\":434,\"commentCount\":0,\"publisher\":{\"@id\":\"https:\/\/mcamb.eng.br\/blog\/#organization\"},\"inLanguage\":\"pt-BR\",\"potentialAction\":[{\"@type\":\"CommentAction\",\"name\":\"Comment\",\"target\":[\"https:\/\/mcamb.eng.br\/blog\/linha-de-transmissao-na-baixada-santista-recebe-licenca-ambiental\/#respond\"]}]},{\"@type\":\"WebPage\",\"@id\":\"https:\/\/mcamb.eng.br\/blog\/linha-de-transmissao-na-baixada-santista-recebe-licenca-ambiental\/\",\"url\":\"https:\/\/mcamb.eng.br\/blog\/linha-de-transmissao-na-baixada-santista-recebe-licenca-ambiental\/\",\"name\":\"Linha de Transmiss\u00e3o na Baixada Santista recebe licen\u00e7a ambiental - MC AMB\",\"isPartOf\":{\"@id\":\"https:\/\/mcamb.eng.br\/blog\/#website\"},\"datePublished\":\"2023-11-06T14:02:18+00:00\",\"dateModified\":\"2023-11-01T14:02:34+00:00\",\"breadcrumb\":{\"@id\":\"https:\/\/mcamb.eng.br\/blog\/linha-de-transmissao-na-baixada-santista-recebe-licenca-ambiental\/#breadcrumb\"},\"inLanguage\":\"pt-BR\",\"potentialAction\":[{\"@type\":\"ReadAction\",\"target\":[\"https:\/\/mcamb.eng.br\/blog\/linha-de-transmissao-na-baixada-santista-recebe-licenca-ambiental\/\"]}]},{\"@type\":\"BreadcrumbList\",\"@id\":\"https:\/\/mcamb.eng.br\/blog\/linha-de-transmissao-na-baixada-santista-recebe-licenca-ambiental\/#breadcrumb\",\"itemListElement\":[{\"@type\":\"ListItem\",\"position\":1,\"name\":\"In\u00edcio\",\"item\":\"https:\/\/mcamb.eng.br\/blog\/\"},{\"@type\":\"ListItem\",\"position\":2,\"name\":\"Linha de Transmiss\u00e3o na Baixada Santista recebe licen\u00e7a ambiental\"}]},{\"@type\":\"WebSite\",\"@id\":\"https:\/\/mcamb.eng.br\/blog\/#website\",\"url\":\"https:\/\/mcamb.eng.br\/blog\/\",\"name\":\"MC AMB\",\"description\":\"Regulariza\u00e7\u00e3o Ambiental, Topografia e Seguran\u00e7a do Trabalho\",\"publisher\":{\"@id\":\"https:\/\/mcamb.eng.br\/blog\/#organization\"},\"potentialAction\":[{\"@type\":\"SearchAction\",\"target\":{\"@type\":\"EntryPoint\",\"urlTemplate\":\"https:\/\/mcamb.eng.br\/blog\/?s={search_term_string}\"},\"query-input\":\"required name=search_term_string\"}],\"inLanguage\":\"pt-BR\"},{\"@type\":\"Organization\",\"@id\":\"https:\/\/mcamb.eng.br\/blog\/#organization\",\"name\":\"MC AMB\",\"url\":\"https:\/\/mcamb.eng.br\/blog\/\",\"logo\":{\"@type\":\"ImageObject\",\"inLanguage\":\"pt-BR\",\"@id\":\"https:\/\/mcamb.eng.br\/blog\/#\/schema\/logo\/image\/\",\"url\":\"https:\/\/mcamb.eng.br\/blog\/wp-content\/uploads\/2023\/03\/logo.webp\",\"contentUrl\":\"https:\/\/mcamb.eng.br\/blog\/wp-content\/uploads\/2023\/03\/logo.webp\",\"width\":220,\"height\":176,\"caption\":\"MC AMB\"},\"image\":{\"@id\":\"https:\/\/mcamb.eng.br\/blog\/#\/schema\/logo\/image\/\"},\"sameAs\":[\"https:\/\/www.facebook.com\/mcambengamb\",\"https:\/\/www.instagram.com\/mcambengenharia\/\"]},{\"@type\":\"Person\",\"@id\":\"https:\/\/mcamb.eng.br\/blog\/#\/schema\/person\/a442e8e8ffde488aa5d57fd80e93d314\",\"name\":\"Felipe Fiatikoski Angelo\",\"image\":{\"@type\":\"ImageObject\",\"inLanguage\":\"pt-BR\",\"@id\":\"https:\/\/mcamb.eng.br\/blog\/#\/schema\/person\/image\/\",\"url\":\"https:\/\/secure.gravatar.com\/avatar\/3ac7ccd215ee9c749dc685397b946f91?s=96&d=mm&r=g\",\"contentUrl\":\"https:\/\/secure.gravatar.com\/avatar\/3ac7ccd215ee9c749dc685397b946f91?s=96&d=mm&r=g\",\"caption\":\"Felipe Fiatikoski Angelo\"},\"url\":\"https:\/\/mcamb.eng.br\/blog\/author\/felipe\/\"}]}<\/script>\n<!-- \/ Yoast SEO plugin. -->","yoast_head_json":{"title":"Linha de Transmiss\u00e3o na Baixada Santista recebe licen\u00e7a ambiental - MC AMB","robots":{"index":"index","follow":"follow","max-snippet":"max-snippet:-1","max-image-preview":"max-image-preview:large","max-video-preview":"max-video-preview:-1"},"canonical":"https:\/\/mcamb.eng.br\/blog\/linha-de-transmissao-na-baixada-santista-recebe-licenca-ambiental\/","og_locale":"pt_BR","og_type":"article","og_title":"Linha de Transmiss\u00e3o na Baixada Santista recebe licen\u00e7a ambiental - MC AMB","og_description":"A diretoria de Avalia\u00e7\u00e3o de Impacto Ambiental da CETESB emitiu, no final de setembro, a Licen\u00e7a de Instala\u00e7\u00e3o para a \u201cFase 2 \u2013 Trecho 1\u201d da LT \u2014 Linha de Transmiss\u00e3o de 138kV Manoel da N\u00f3brega \u2014 Mongagu\u00e1, da Elektro Redes S.A., no munic\u00edpio litor\u00e2neo de Praia Grande. A obra prev\u00ea investimentos de R$ 49 [&hellip;]","og_url":"https:\/\/mcamb.eng.br\/blog\/linha-de-transmissao-na-baixada-santista-recebe-licenca-ambiental\/","og_site_name":"MC AMB","article_publisher":"https:\/\/www.facebook.com\/mcambengamb","article_published_time":"2023-11-06T14:02:18+00:00","article_modified_time":"2023-11-01T14:02:34+00:00","og_image":[{"width":220,"height":176,"url":"https:\/\/mcamb.eng.br\/blog\/wp-content\/uploads\/2023\/03\/logo.webp","type":"image\/webp"}],"author":"Felipe Fiatikoski Angelo","twitter_card":"summary_large_image","twitter_misc":{"Escrito por":"Felipe Fiatikoski Angelo","Est. tempo de leitura":"2 minutos"},"schema":{"@context":"https:\/\/schema.org","@graph":[{"@type":"Article","@id":"https:\/\/mcamb.eng.br\/blog\/linha-de-transmissao-na-baixada-santista-recebe-licenca-ambiental\/#article","isPartOf":{"@id":"https:\/\/mcamb.eng.br\/blog\/linha-de-transmissao-na-baixada-santista-recebe-licenca-ambiental\/"},"author":{"name":"Felipe Fiatikoski Angelo","@id":"https:\/\/mcamb.eng.br\/blog\/#\/schema\/person\/a442e8e8ffde488aa5d57fd80e93d314"},"headline":"Linha de Transmiss\u00e3o na Baixada Santista recebe licen\u00e7a ambiental","datePublished":"2023-11-06T14:02:18+00:00","dateModified":"2023-11-01T14:02:34+00:00","mainEntityOfPage":{"@id":"https:\/\/mcamb.eng.br\/blog\/linha-de-transmissao-na-baixada-santista-recebe-licenca-ambiental\/"},"wordCount":434,"commentCount":0,"publisher":{"@id":"https:\/\/mcamb.eng.br\/blog\/#organization"},"inLanguage":"pt-BR","potentialAction":[{"@type":"CommentAction","name":"Comment","target":["https:\/\/mcamb.eng.br\/blog\/linha-de-transmissao-na-baixada-santista-recebe-licenca-ambiental\/#respond"]}]},{"@type":"WebPage","@id":"https:\/\/mcamb.eng.br\/blog\/linha-de-transmissao-na-baixada-santista-recebe-licenca-ambiental\/","url":"https:\/\/mcamb.eng.br\/blog\/linha-de-transmissao-na-baixada-santista-recebe-licenca-ambiental\/","name":"Linha de Transmiss\u00e3o na Baixada Santista recebe licen\u00e7a ambiental - MC AMB","isPartOf":{"@id":"https:\/\/mcamb.eng.br\/blog\/#website"},"datePublished":"2023-11-06T14:02:18+00:00","dateModified":"2023-11-01T14:02:34+00:00","breadcrumb":{"@id":"https:\/\/mcamb.eng.br\/blog\/linha-de-transmissao-na-baixada-santista-recebe-licenca-ambiental\/#breadcrumb"},"inLanguage":"pt-BR","potentialAction":[{"@type":"ReadAction","target":["https:\/\/mcamb.eng.br\/blog\/linha-de-transmissao-na-baixada-santista-recebe-licenca-ambiental\/"]}]},{"@type":"BreadcrumbList","@id":"https:\/\/mcamb.eng.br\/blog\/linha-de-transmissao-na-baixada-santista-recebe-licenca-ambiental\/#breadcrumb","itemListElement":[{"@type":"ListItem","position":1,"name":"In\u00edcio","item":"https:\/\/mcamb.eng.br\/blog\/"},{"@type":"ListItem","position":2,"name":"Linha de Transmiss\u00e3o na Baixada Santista recebe licen\u00e7a ambiental"}]},{"@type":"WebSite","@id":"https:\/\/mcamb.eng.br\/blog\/#website","url":"https:\/\/mcamb.eng.br\/blog\/","name":"MC AMB","description":"Regulariza\u00e7\u00e3o Ambiental, Topografia e Seguran\u00e7a do Trabalho","publisher":{"@id":"https:\/\/mcamb.eng.br\/blog\/#organization"},"potentialAction":[{"@type":"SearchAction","target":{"@type":"EntryPoint","urlTemplate":"https:\/\/mcamb.eng.br\/blog\/?s={search_term_string}"},"query-input":"required name=search_term_string"}],"inLanguage":"pt-BR"},{"@type":"Organization","@id":"https:\/\/mcamb.eng.br\/blog\/#organization","name":"MC AMB","url":"https:\/\/mcamb.eng.br\/blog\/","logo":{"@type":"ImageObject","inLanguage":"pt-BR","@id":"https:\/\/mcamb.eng.br\/blog\/#\/schema\/logo\/image\/","url":"https:\/\/mcamb.eng.br\/blog\/wp-content\/uploads\/2023\/03\/logo.webp","contentUrl":"https:\/\/mcamb.eng.br\/blog\/wp-content\/uploads\/2023\/03\/logo.webp","width":220,"height":176,"caption":"MC AMB"},"image":{"@id":"https:\/\/mcamb.eng.br\/blog\/#\/schema\/logo\/image\/"},"sameAs":["https:\/\/www.facebook.com\/mcambengamb","https:\/\/www.instagram.com\/mcambengenharia\/"]},{"@type":"Person","@id":"https:\/\/mcamb.eng.br\/blog\/#\/schema\/person\/a442e8e8ffde488aa5d57fd80e93d314","name":"Felipe Fiatikoski Angelo","image":{"@type":"ImageObject","inLanguage":"pt-BR","@id":"https:\/\/mcamb.eng.br\/blog\/#\/schema\/person\/image\/","url":"https:\/\/secure.gravatar.com\/avatar\/3ac7ccd215ee9c749dc685397b946f91?s=96&d=mm&r=g","contentUrl":"https:\/\/secure.gravatar.com\/avatar\/3ac7ccd215ee9c749dc685397b946f91?s=96&d=mm&r=g","caption":"Felipe Fiatikoski Angelo"},"url":"https:\/\/mcamb.eng.br\/blog\/author\/felipe\/"}]}},"_links":{"self":[{"href":"https:\/\/mcamb.eng.br\/blog\/wp-json\/wp\/v2\/posts\/310"}],"collection":[{"href":"https:\/\/mcamb.eng.br\/blog\/wp-json\/wp\/v2\/posts"}],"about":[{"href":"https:\/\/mcamb.eng.br\/blog\/wp-json\/wp\/v2\/types\/post"}],"author":[{"embeddable":true,"href":"https:\/\/mcamb.eng.br\/blog\/wp-json\/wp\/v2\/users\/3"}],"replies":[{"embeddable":true,"href":"https:\/\/mcamb.eng.br\/blog\/wp-json\/wp\/v2\/comments?post=310"}],"version-history":[{"count":1,"href":"https:\/\/mcamb.eng.br\/blog\/wp-json\/wp\/v2\/posts\/310\/revisions"}],"predecessor-version":[{"id":311,"href":"https:\/\/mcamb.eng.br\/blog\/wp-json\/wp\/v2\/posts\/310\/revisions\/311"}],"wp:attachment":[{"href":"https:\/\/mcamb.eng.br\/blog\/wp-json\/wp\/v2\/media?parent=310"}],"wp:term":[{"taxonomy":"category","embeddable":true,"href":"https:\/\/mcamb.eng.br\/blog\/wp-json\/wp\/v2\/categories?post=310"},{"taxonomy":"post_tag","embeddable":true,"href":"https:\/\/mcamb.eng.br\/blog\/wp-json\/wp\/v2\/tags?post=310"}],"curies":[{"name":"wp","href":"https:\/\/api.w.org\/{rel}","templated":true}]}}