{"id":316,"date":"2023-11-27T11:13:46","date_gmt":"2023-11-27T14:13:46","guid":{"rendered":"https:\/\/mcamb.eng.br\/blog\/?p=316"},"modified":"2023-11-01T11:14:54","modified_gmt":"2023-11-01T14:14:54","slug":"reuniao-aborda-municipalizacao-do-licenciamento-ambiental","status":"publish","type":"post","link":"https:\/\/mcamb.eng.br\/blog\/reuniao-aborda-municipalizacao-do-licenciamento-ambiental\/","title":{"rendered":"Reuni\u00e3o aborda municipaliza\u00e7\u00e3o do licenciamento ambiental"},"content":{"rendered":"\n<p>O diretor-presidente da CETESB, Thomaz Toledo, participou, em 04\/10, na cidade de Barueri, na sede da secretaria municipal de Meio Ambiente, de reuni\u00e3o com representantes de dez munic\u00edpios da RMSP \u2013 Regi\u00e3o Metropolitana de S\u00e3o Paulo, para esclarecer d\u00favidas quanto \u00e0 municipaliza\u00e7\u00e3o do processo de licenciamento ambiental.<\/p>\n\n\n\n<p>As cidades representadas no encontro abrigam quase 10% da popula\u00e7\u00e3o da RMSP e s\u00e3o atendidas nas quest\u00f5es ambientais pela Ag\u00eancia Ambiental de Osasco, da CETESB. Parte dos munic\u00edpios presentes n\u00e3o liberam licen\u00e7as ambientais, j\u00e1 outros est\u00e3o se especializando para mudar o n\u00edvel de impacto analisado localmente.&nbsp;<\/p>\n\n\n\n<p><strong><em>\u201cPrecisamos estimular os munic\u00edpios a colaborar nos processos de licenciamento. Queremos replicar o que aconteceu aqui em outras regi\u00f5es do Estado.\u201d<\/em><\/strong> \u2014 Afirmou Paulo Rigonatti, assistente executivo da diretoria de Controle e Licenciamento Ambiental.<\/p>\n\n\n\n<p>Durante a reuni\u00e3o, os representantes apresentaram pleitos em comum, como as dificuldades na fiscaliza\u00e7\u00e3o ambiental de grandes territ\u00f3rios e os prazos estipulados em diversas fases do licenciamento.<\/p>\n\n\n\n<p><strong><em>\u201cNosso desafio \u00e9 operacional, ent\u00e3o continuamos na miss\u00e3o de fortalecer o Sistema Estadual de Meio Ambiente. Os t\u00e9cnicos municipais v\u00e3o auxiliar a CETESB para agilizar o processo de licenciamento local e n\u00f3s continuamos a prestar aux\u00edlio no quer for necess\u00e1rio, seja nas nossas ag\u00eancias ambientais ou at\u00e9 com capacita\u00e7\u00e3o.\u201d<\/em><\/strong>&nbsp;<\/p>\n\n\n\n<p>\u2014 Thomaz Toledo.<\/p>\n\n\n\n<p>O evento foi conduzido pelo secret\u00e1rio do Meio Ambiente de Barueri, Marco Ant\u00f4nio de Oliveira, e contou com a participa\u00e7\u00e3o de representantes das cidades de Santana do Parna\u00edba, Cotia, Pirapora do Bom Jesus, Jandira, Embu das Artes, Ara\u00e7ariguama, S\u00e3o Roque, Itapevi, Barueri, Carapicu\u00edba e Osasco.<\/p>\n\n\n\n<p><strong>Fonte: <\/strong>https:\/\/cetesb.sp.gov.br\/blog\/2023\/10\/04\/reuniao-aborda-municipalizacao-do-licenciamento-ambiental\/<\/p>\n","protected":false},"excerpt":{"rendered":"<p>O diretor-presidente da CETESB, Thomaz Toledo, participou, em 04\/10, na cidade de Barueri, na sede da secretaria municipal de Meio Ambiente, de reuni\u00e3o com representantes de dez munic\u00edpios da RMSP \u2013 Regi\u00e3o Metropolitana de S\u00e3o Paulo, para esclarecer d\u00favidas quanto \u00e0 municipaliza\u00e7\u00e3o do processo de licenciamento ambiental. As cidades representadas no encontro abrigam quase 10% [&hellip;]<\/p>\n","protected":false},"author":3,"featured_media":0,"comment_status":"open","ping_status":"open","sticky":false,"template":"","format":"standard","meta":[],"categories":[1],"tags":[],"yoast_head":"<!-- This site is optimized with the Yoast SEO plugin v20.4 - https:\/\/yoast.com\/wordpress\/plugins\/seo\/ -->\n<title>Reuni\u00e3o aborda municipaliza\u00e7\u00e3o do licenciamento ambiental - MC AMB<\/title>\n<meta name=\"robots\" content=\"index, follow, max-snippet:-1, max-image-preview:large, max-video-preview:-1\" \/>\n<link rel=\"canonical\" href=\"https:\/\/mcamb.eng.br\/blog\/reuniao-aborda-municipalizacao-do-licenciamento-ambiental\/\" \/>\n<meta property=\"og:locale\" content=\"pt_BR\" \/>\n<meta property=\"og:type\" content=\"article\" \/>\n<meta property=\"og:title\" content=\"Reuni\u00e3o aborda municipaliza\u00e7\u00e3o do licenciamento ambiental - MC AMB\" \/>\n<meta property=\"og:description\" content=\"O diretor-presidente da CETESB, Thomaz Toledo, participou, em 04\/10, na cidade de Barueri, na sede da secretaria municipal de Meio Ambiente, de reuni\u00e3o com representantes de dez munic\u00edpios da RMSP \u2013 Regi\u00e3o Metropolitana de S\u00e3o Paulo, para esclarecer d\u00favidas quanto \u00e0 municipaliza\u00e7\u00e3o do processo de licenciamento ambiental. As cidades representadas no encontro abrigam quase 10% [&hellip;]\" \/>\n<meta property=\"og:url\" content=\"https:\/\/mcamb.eng.br\/blog\/reuniao-aborda-municipalizacao-do-licenciamento-ambiental\/\" \/>\n<meta property=\"og:site_name\" content=\"MC AMB\" \/>\n<meta property=\"article:publisher\" content=\"https:\/\/www.facebook.com\/mcambengamb\" \/>\n<meta property=\"article:published_time\" content=\"2023-11-27T14:13:46+00:00\" \/>\n<meta property=\"article:modified_time\" content=\"2023-11-01T14:14:54+00:00\" \/>\n<meta property=\"og:image\" content=\"https:\/\/mcamb.eng.br\/blog\/wp-content\/uploads\/2023\/03\/logo.webp\" \/>\n\t<meta property=\"og:image:width\" content=\"220\" \/>\n\t<meta property=\"og:image:height\" content=\"176\" \/>\n\t<meta property=\"og:image:type\" content=\"image\/webp\" \/>\n<meta name=\"author\" content=\"Felipe Fiatikoski Angelo\" \/>\n<meta name=\"twitter:card\" content=\"summary_large_image\" \/>\n<meta name=\"twitter:label1\" content=\"Escrito por\" \/>\n\t<meta name=\"twitter:data1\" content=\"Felipe Fiatikoski Angelo\" \/>\n\t<meta name=\"twitter:label2\" content=\"Est. tempo de leitura\" \/>\n\t<meta name=\"twitter:data2\" content=\"1 minuto\" \/>\n<script type=\"application\/ld+json\" class=\"yoast-schema-graph\">{\"@context\":\"https:\/\/schema.org\",\"@graph\":[{\"@type\":\"Article\",\"@id\":\"https:\/\/mcamb.eng.br\/blog\/reuniao-aborda-municipalizacao-do-licenciamento-ambiental\/#article\",\"isPartOf\":{\"@id\":\"https:\/\/mcamb.eng.br\/blog\/reuniao-aborda-municipalizacao-do-licenciamento-ambiental\/\"},\"author\":{\"name\":\"Felipe Fiatikoski Angelo\",\"@id\":\"https:\/\/mcamb.eng.br\/blog\/#\/schema\/person\/a442e8e8ffde488aa5d57fd80e93d314\"},\"headline\":\"Reuni\u00e3o aborda municipaliza\u00e7\u00e3o do licenciamento ambiental\",\"datePublished\":\"2023-11-27T14:13:46+00:00\",\"dateModified\":\"2023-11-01T14:14:54+00:00\",\"mainEntityOfPage\":{\"@id\":\"https:\/\/mcamb.eng.br\/blog\/reuniao-aborda-municipalizacao-do-licenciamento-ambiental\/\"},\"wordCount\":298,\"commentCount\":0,\"publisher\":{\"@id\":\"https:\/\/mcamb.eng.br\/blog\/#organization\"},\"inLanguage\":\"pt-BR\",\"potentialAction\":[{\"@type\":\"CommentAction\",\"name\":\"Comment\",\"target\":[\"https:\/\/mcamb.eng.br\/blog\/reuniao-aborda-municipalizacao-do-licenciamento-ambiental\/#respond\"]}]},{\"@type\":\"WebPage\",\"@id\":\"https:\/\/mcamb.eng.br\/blog\/reuniao-aborda-municipalizacao-do-licenciamento-ambiental\/\",\"url\":\"https:\/\/mcamb.eng.br\/blog\/reuniao-aborda-municipalizacao-do-licenciamento-ambiental\/\",\"name\":\"Reuni\u00e3o aborda municipaliza\u00e7\u00e3o do licenciamento ambiental - MC AMB\",\"isPartOf\":{\"@id\":\"https:\/\/mcamb.eng.br\/blog\/#website\"},\"datePublished\":\"2023-11-27T14:13:46+00:00\",\"dateModified\":\"2023-11-01T14:14:54+00:00\",\"breadcrumb\":{\"@id\":\"https:\/\/mcamb.eng.br\/blog\/reuniao-aborda-municipalizacao-do-licenciamento-ambiental\/#breadcrumb\"},\"inLanguage\":\"pt-BR\",\"potentialAction\":[{\"@type\":\"ReadAction\",\"target\":[\"https:\/\/mcamb.eng.br\/blog\/reuniao-aborda-municipalizacao-do-licenciamento-ambiental\/\"]}]},{\"@type\":\"BreadcrumbList\",\"@id\":\"https:\/\/mcamb.eng.br\/blog\/reuniao-aborda-municipalizacao-do-licenciamento-ambiental\/#breadcrumb\",\"itemListElement\":[{\"@type\":\"ListItem\",\"position\":1,\"name\":\"In\u00edcio\",\"item\":\"https:\/\/mcamb.eng.br\/blog\/\"},{\"@type\":\"ListItem\",\"position\":2,\"name\":\"Reuni\u00e3o aborda municipaliza\u00e7\u00e3o do licenciamento ambiental\"}]},{\"@type\":\"WebSite\",\"@id\":\"https:\/\/mcamb.eng.br\/blog\/#website\",\"url\":\"https:\/\/mcamb.eng.br\/blog\/\",\"name\":\"MC AMB\",\"description\":\"Regulariza\u00e7\u00e3o Ambiental, Topografia e Seguran\u00e7a do Trabalho\",\"publisher\":{\"@id\":\"https:\/\/mcamb.eng.br\/blog\/#organization\"},\"potentialAction\":[{\"@type\":\"SearchAction\",\"target\":{\"@type\":\"EntryPoint\",\"urlTemplate\":\"https:\/\/mcamb.eng.br\/blog\/?s={search_term_string}\"},\"query-input\":\"required name=search_term_string\"}],\"inLanguage\":\"pt-BR\"},{\"@type\":\"Organization\",\"@id\":\"https:\/\/mcamb.eng.br\/blog\/#organization\",\"name\":\"MC AMB\",\"url\":\"https:\/\/mcamb.eng.br\/blog\/\",\"logo\":{\"@type\":\"ImageObject\",\"inLanguage\":\"pt-BR\",\"@id\":\"https:\/\/mcamb.eng.br\/blog\/#\/schema\/logo\/image\/\",\"url\":\"https:\/\/mcamb.eng.br\/blog\/wp-content\/uploads\/2023\/03\/logo.webp\",\"contentUrl\":\"https:\/\/mcamb.eng.br\/blog\/wp-content\/uploads\/2023\/03\/logo.webp\",\"width\":220,\"height\":176,\"caption\":\"MC AMB\"},\"image\":{\"@id\":\"https:\/\/mcamb.eng.br\/blog\/#\/schema\/logo\/image\/\"},\"sameAs\":[\"https:\/\/www.facebook.com\/mcambengamb\",\"https:\/\/www.instagram.com\/mcambengenharia\/\"]},{\"@type\":\"Person\",\"@id\":\"https:\/\/mcamb.eng.br\/blog\/#\/schema\/person\/a442e8e8ffde488aa5d57fd80e93d314\",\"name\":\"Felipe Fiatikoski Angelo\",\"image\":{\"@type\":\"ImageObject\",\"inLanguage\":\"pt-BR\",\"@id\":\"https:\/\/mcamb.eng.br\/blog\/#\/schema\/person\/image\/\",\"url\":\"https:\/\/secure.gravatar.com\/avatar\/3ac7ccd215ee9c749dc685397b946f91?s=96&d=mm&r=g\",\"contentUrl\":\"https:\/\/secure.gravatar.com\/avatar\/3ac7ccd215ee9c749dc685397b946f91?s=96&d=mm&r=g\",\"caption\":\"Felipe Fiatikoski Angelo\"},\"url\":\"https:\/\/mcamb.eng.br\/blog\/author\/felipe\/\"}]}<\/script>\n<!-- \/ Yoast SEO plugin. -->","yoast_head_json":{"title":"Reuni\u00e3o aborda municipaliza\u00e7\u00e3o do licenciamento ambiental - MC AMB","robots":{"index":"index","follow":"follow","max-snippet":"max-snippet:-1","max-image-preview":"max-image-preview:large","max-video-preview":"max-video-preview:-1"},"canonical":"https:\/\/mcamb.eng.br\/blog\/reuniao-aborda-municipalizacao-do-licenciamento-ambiental\/","og_locale":"pt_BR","og_type":"article","og_title":"Reuni\u00e3o aborda municipaliza\u00e7\u00e3o do licenciamento ambiental - MC AMB","og_description":"O diretor-presidente da CETESB, Thomaz Toledo, participou, em 04\/10, na cidade de Barueri, na sede da secretaria municipal de Meio Ambiente, de reuni\u00e3o com representantes de dez munic\u00edpios da RMSP \u2013 Regi\u00e3o Metropolitana de S\u00e3o Paulo, para esclarecer d\u00favidas quanto \u00e0 municipaliza\u00e7\u00e3o do processo de licenciamento ambiental. As cidades representadas no encontro abrigam quase 10% [&hellip;]","og_url":"https:\/\/mcamb.eng.br\/blog\/reuniao-aborda-municipalizacao-do-licenciamento-ambiental\/","og_site_name":"MC AMB","article_publisher":"https:\/\/www.facebook.com\/mcambengamb","article_published_time":"2023-11-27T14:13:46+00:00","article_modified_time":"2023-11-01T14:14:54+00:00","og_image":[{"width":220,"height":176,"url":"https:\/\/mcamb.eng.br\/blog\/wp-content\/uploads\/2023\/03\/logo.webp","type":"image\/webp"}],"author":"Felipe Fiatikoski Angelo","twitter_card":"summary_large_image","twitter_misc":{"Escrito por":"Felipe Fiatikoski Angelo","Est. tempo de leitura":"1 minuto"},"schema":{"@context":"https:\/\/schema.org","@graph":[{"@type":"Article","@id":"https:\/\/mcamb.eng.br\/blog\/reuniao-aborda-municipalizacao-do-licenciamento-ambiental\/#article","isPartOf":{"@id":"https:\/\/mcamb.eng.br\/blog\/reuniao-aborda-municipalizacao-do-licenciamento-ambiental\/"},"author":{"name":"Felipe Fiatikoski Angelo","@id":"https:\/\/mcamb.eng.br\/blog\/#\/schema\/person\/a442e8e8ffde488aa5d57fd80e93d314"},"headline":"Reuni\u00e3o aborda municipaliza\u00e7\u00e3o do licenciamento ambiental","datePublished":"2023-11-27T14:13:46+00:00","dateModified":"2023-11-01T14:14:54+00:00","mainEntityOfPage":{"@id":"https:\/\/mcamb.eng.br\/blog\/reuniao-aborda-municipalizacao-do-licenciamento-ambiental\/"},"wordCount":298,"commentCount":0,"publisher":{"@id":"https:\/\/mcamb.eng.br\/blog\/#organization"},"inLanguage":"pt-BR","potentialAction":[{"@type":"CommentAction","name":"Comment","target":["https:\/\/mcamb.eng.br\/blog\/reuniao-aborda-municipalizacao-do-licenciamento-ambiental\/#respond"]}]},{"@type":"WebPage","@id":"https:\/\/mcamb.eng.br\/blog\/reuniao-aborda-municipalizacao-do-licenciamento-ambiental\/","url":"https:\/\/mcamb.eng.br\/blog\/reuniao-aborda-municipalizacao-do-licenciamento-ambiental\/","name":"Reuni\u00e3o aborda municipaliza\u00e7\u00e3o do licenciamento ambiental - MC AMB","isPartOf":{"@id":"https:\/\/mcamb.eng.br\/blog\/#website"},"datePublished":"2023-11-27T14:13:46+00:00","dateModified":"2023-11-01T14:14:54+00:00","breadcrumb":{"@id":"https:\/\/mcamb.eng.br\/blog\/reuniao-aborda-municipalizacao-do-licenciamento-ambiental\/#breadcrumb"},"inLanguage":"pt-BR","potentialAction":[{"@type":"ReadAction","target":["https:\/\/mcamb.eng.br\/blog\/reuniao-aborda-municipalizacao-do-licenciamento-ambiental\/"]}]},{"@type":"BreadcrumbList","@id":"https:\/\/mcamb.eng.br\/blog\/reuniao-aborda-municipalizacao-do-licenciamento-ambiental\/#breadcrumb","itemListElement":[{"@type":"ListItem","position":1,"name":"In\u00edcio","item":"https:\/\/mcamb.eng.br\/blog\/"},{"@type":"ListItem","position":2,"name":"Reuni\u00e3o aborda municipaliza\u00e7\u00e3o do licenciamento ambiental"}]},{"@type":"WebSite","@id":"https:\/\/mcamb.eng.br\/blog\/#website","url":"https:\/\/mcamb.eng.br\/blog\/","name":"MC AMB","description":"Regulariza\u00e7\u00e3o Ambiental, Topografia e Seguran\u00e7a do Trabalho","publisher":{"@id":"https:\/\/mcamb.eng.br\/blog\/#organization"},"potentialAction":[{"@type":"SearchAction","target":{"@type":"EntryPoint","urlTemplate":"https:\/\/mcamb.eng.br\/blog\/?s={search_term_string}"},"query-input":"required name=search_term_string"}],"inLanguage":"pt-BR"},{"@type":"Organization","@id":"https:\/\/mcamb.eng.br\/blog\/#organization","name":"MC AMB","url":"https:\/\/mcamb.eng.br\/blog\/","logo":{"@type":"ImageObject","inLanguage":"pt-BR","@id":"https:\/\/mcamb.eng.br\/blog\/#\/schema\/logo\/image\/","url":"https:\/\/mcamb.eng.br\/blog\/wp-content\/uploads\/2023\/03\/logo.webp","contentUrl":"https:\/\/mcamb.eng.br\/blog\/wp-content\/uploads\/2023\/03\/logo.webp","width":220,"height":176,"caption":"MC AMB"},"image":{"@id":"https:\/\/mcamb.eng.br\/blog\/#\/schema\/logo\/image\/"},"sameAs":["https:\/\/www.facebook.com\/mcambengamb","https:\/\/www.instagram.com\/mcambengenharia\/"]},{"@type":"Person","@id":"https:\/\/mcamb.eng.br\/blog\/#\/schema\/person\/a442e8e8ffde488aa5d57fd80e93d314","name":"Felipe Fiatikoski Angelo","image":{"@type":"ImageObject","inLanguage":"pt-BR","@id":"https:\/\/mcamb.eng.br\/blog\/#\/schema\/person\/image\/","url":"https:\/\/secure.gravatar.com\/avatar\/3ac7ccd215ee9c749dc685397b946f91?s=96&d=mm&r=g","contentUrl":"https:\/\/secure.gravatar.com\/avatar\/3ac7ccd215ee9c749dc685397b946f91?s=96&d=mm&r=g","caption":"Felipe Fiatikoski Angelo"},"url":"https:\/\/mcamb.eng.br\/blog\/author\/felipe\/"}]}},"_links":{"self":[{"href":"https:\/\/mcamb.eng.br\/blog\/wp-json\/wp\/v2\/posts\/316"}],"collection":[{"href":"https:\/\/mcamb.eng.br\/blog\/wp-json\/wp\/v2\/posts"}],"about":[{"href":"https:\/\/mcamb.eng.br\/blog\/wp-json\/wp\/v2\/types\/post"}],"author":[{"embeddable":true,"href":"https:\/\/mcamb.eng.br\/blog\/wp-json\/wp\/v2\/users\/3"}],"replies":[{"embeddable":true,"href":"https:\/\/mcamb.eng.br\/blog\/wp-json\/wp\/v2\/comments?post=316"}],"version-history":[{"count":1,"href":"https:\/\/mcamb.eng.br\/blog\/wp-json\/wp\/v2\/posts\/316\/revisions"}],"predecessor-version":[{"id":317,"href":"https:\/\/mcamb.eng.br\/blog\/wp-json\/wp\/v2\/posts\/316\/revisions\/317"}],"wp:attachment":[{"href":"https:\/\/mcamb.eng.br\/blog\/wp-json\/wp\/v2\/media?parent=316"}],"wp:term":[{"taxonomy":"category","embeddable":true,"href":"https:\/\/mcamb.eng.br\/blog\/wp-json\/wp\/v2\/categories?post=316"},{"taxonomy":"post_tag","embeddable":true,"href":"https:\/\/mcamb.eng.br\/blog\/wp-json\/wp\/v2\/tags?post=316"}],"curies":[{"name":"wp","href":"https:\/\/api.w.org\/{rel}","templated":true}]}}