{"id":590,"date":"2024-11-07T22:01:07","date_gmt":"2024-11-08T01:01:07","guid":{"rendered":"https:\/\/mcamb.eng.br\/blog\/?p=590"},"modified":"2025-10-27T06:29:23","modified_gmt":"2025-10-27T09:29:23","slug":"les-masques-de-theatre-symboles-de-mystere-et-d-identite-dans-la-culture-francaise","status":"publish","type":"post","link":"https:\/\/mcamb.eng.br\/blog\/les-masques-de-theatre-symboles-de-mystere-et-d-identite-dans-la-culture-francaise\/","title":{"rendered":"Les masques de th\u00e9\u00e2tre : symboles de myst\u00e8re et d&#8217;identit\u00e9 dans la culture fran\u00e7aise"},"content":{"rendered":"<div style=\"margin: 20px;line-height: 1.6;font-family: Arial, sans-serif;font-size: 16px;color: #34495e\">\n<p style=\"margin-bottom: 20px\">Depuis l&#8217;Antiquit\u00e9, le masque a toujours occup\u00e9 une place essentielle dans l&#8217;imaginaire collectif, notamment dans la tradition th\u00e9\u00e2trale fran\u00e7aise. Il incarne \u00e0 la fois le myst\u00e8re, l&#8217;identit\u00e9 et la dualit\u00e9 entre l&#8217;apparence et la r\u00e9alit\u00e9. \u00c0 travers cet article, nous explorerons comment ces symboles ont \u00e9volu\u00e9, leur r\u00f4le dans la soci\u00e9t\u00e9 fran\u00e7aise moderne, et leur pr\u00e9sence dans l&#8217;art, la culture populaire, ainsi que dans les innovations contemporaines.<\/p>\n<h2 style=\"color: #2980b9;border-bottom: 2px solid #2980b9;padding-bottom: 8px\">Table des mati\u00e8res<\/h2>\n<ul style=\"list-style-type: none;padding: 0;margin-bottom: 30px\">\n<li style=\"margin-bottom: 8px\"><a href=\"#introduction\" style=\"color: #2980b9;text-decoration: none\">Introduction : Les masques de th\u00e9\u00e2tre comme symboles universels de myst\u00e8re et d\u2019identit\u00e9 en France<\/a><\/li>\n<li style=\"margin-bottom: 8px\"><a href=\"#origines-evolution\" style=\"color: #2980b9;text-decoration: none\">Origines et \u00e9volution des masques dans la tradition th\u00e9\u00e2trale fran\u00e7aise<\/a><\/li>\n<li style=\"margin-bottom: 8px\"><a href=\"#mystere\" style=\"color: #2980b9;text-decoration: none\">Les masques comme symboles de myst\u00e8re : une analyse approfondie<\/a><\/li>\n<li style=\"margin-bottom: 8px\"><a href=\"#identite\" style=\"color: #2980b9;text-decoration: none\">Les masques comme expressions d\u2019identit\u00e9 : enjeux et r\u00e9flexions<\/a><\/li>\n<li style=\"margin-bottom: 8px\"><a href=\"#zeus\" style=\"color: #2980b9;text-decoration: none\">Le r\u00f4le symbolique de \u00ab Le Zeus \u00bb dans la culture fran\u00e7aise moderne<\/a><\/li>\n<li style=\"margin-bottom: 8px\"><a href=\"#art-populaire\" style=\"color: #2980b9;text-decoration: none\">Les masques dans l\u2019art et la culture populaire fran\u00e7aises<\/a><\/li>\n<li style=\"margin-bottom: 8px\"><a href=\"#nouvelles-formes\" style=\"color: #2980b9;text-decoration: none\">Perspectives contemporaines : nouvelles formes et enjeux des masques en France<\/a><\/li>\n<li style=\"margin-bottom: 8px\"><a href=\"#conclusion\" style=\"color: #2980b9;text-decoration: none\">Conclusion : La permanence et l\u2019\u00e9volution du symbolisme des masques dans la culture fran\u00e7aise<\/a><\/li>\n<\/ul>\n<h2 id=\"introduction\" style=\"color: #27ae60;border-bottom: 2px solid #27ae60;padding-bottom: 8px\">Introduction : Les masques de th\u00e9\u00e2tre comme symboles universels de myst\u00e8re et d\u2019identit\u00e9 en France<\/h2>\n<p style=\"margin-bottom: 20px\">Les masques, qu&#8217;ils soient issus de rituels antiques ou de spectacles modernes, incarnent un double h\u00e9ritage : celui du myst\u00e8re et de l&#8217;identit\u00e9. En France, cette symbolique s&#8217;est profond\u00e9ment inscrite dans la culture th\u00e9\u00e2trale, o\u00f9 le masque devient un outil pour explorer les multiples facettes de la condition humaine. Historiquement, il a permis de transcender les limites de l&#8217;individualit\u00e9 pour donner vie \u00e0 des personnages arch\u00e9typiques ou complexes, tout en exprimant des \u00e9motions universelles.<\/p>\n<p style=\"margin-bottom: 20px\">Aujourd&#8217;hui, dans la soci\u00e9t\u00e9 fran\u00e7aise contemporaine, le masque conserve cette port\u00e9e symbolique, que ce soit dans le domaine artistique, social ou politique. Il questionne l&#8217;apparence, l&#8217;authenticit\u00e9, et invite \u00e0 une r\u00e9flexion sur la dualit\u00e9 entre ce que nous montrons au monde et ce que nous sommes r\u00e9ellement.<\/p>\n<div style=\"margin-bottom: 30px;padding: 10px;background-color: #f0f8ff;border-radius: 8px\">\n<h3 style=\"margin-top: 0\">Sommaire<\/h3>\n<p>Pour mieux comprendre cette richesse symbolique, nous allons parcourir :<\/p>\n<ol style=\"margin-left: 20px\">\n<li><a href=\"#origines-evolution\" style=\"color: #2980b9;text-decoration: none\">Les racines historiques et leur \u00e9volution<\/a><\/li>\n<li><a href=\"#mystere\" style=\"color: #2980b9;text-decoration: none\">Le myst\u00e8re et la symbolique dans la culture fran\u00e7aise<\/a><\/li>\n<li><a href=\"#identite\" style=\"color: #2980b9;text-decoration: none\">Les enjeux identitaires et sociaux<\/a><\/li>\n<li><a href=\"#zeus\" style=\"color: #2980b9;text-decoration: none\">Une illustration contemporaine : \u00ab Le Zeus \u00bb<\/a><\/li>\n<li><a href=\"#art-populaire\" style=\"color: #2980b9;text-decoration: none\">L\u2019art, le carnaval et la mode<\/a><\/li>\n<li><a href=\"#nouvelles-formes\" style=\"color: #2980b9;text-decoration: none\">Les \u00e9volutions actuelles et futurs possibles<\/a><\/li>\n<\/ol>\n<\/div>\n<h2 id=\"origines-evolution\" style=\"color: #27ae60;border-bottom: 2px solid #27ae60;padding-bottom: 8px\">Origines et \u00e9volution des masques dans la tradition th\u00e9\u00e2trale fran\u00e7aise<\/h2>\n<h3 style=\"color: #16a085\">Les racines antiques et leur influence sur le th\u00e9\u00e2tre classique fran\u00e7ais<\/h3>\n<p style=\"margin-bottom: 20px\">Les origines du masque dans le th\u00e9\u00e2tre fran\u00e7ais remontent \u00e0 l\u2019Antiquit\u00e9 grecque et romaine, o\u00f9 il servait \u00e0 amplifier la voix et \u00e0 distinguer rapidement les personnages lors des repr\u00e9sentations. La tradition antique a laiss\u00e9 un h\u00e9ritage durable, notamment dans le th\u00e9\u00e2tre m\u00e9di\u00e9val et la commedia dell\u2019arte, qui ont profond\u00e9ment influenc\u00e9 la sc\u00e8ne fran\u00e7aise. La pratique du masque permettait alors de cr\u00e9er des arch\u00e9types facilement reconnaissables, tels que le valet rus\u00e9 ou le vieil homme sage.<\/p>\n<h3 style=\"color: #16a085\">La transformation \u00e0 travers le th\u00e9\u00e2tre de la Commedia dell\u2019arte et le th\u00e9\u00e2tre baroque<\/h3>\n<p style=\"margin-bottom: 20px\">Au XVIIe si\u00e8cle, la com\u00e9die italienne, ou <em>Commedia dell\u2019arte<\/em>, introduisit un style de th\u00e9\u00e2tre o\u00f9 les masques devinrent des \u00e9l\u00e9ments cl\u00e9s de la performance. Ces personnages st\u00e9r\u00e9otyp\u00e9s, comme Arlequin ou Scaramouche, sont devenus embl\u00e9matiques en France, notamment dans le th\u00e9\u00e2tre baroque, o\u00f9 l\u2019exag\u00e9ration et le spectacle visuel renfor\u00e7aient le pouvoir symbolique du masque. Ces repr\u00e9sentations, m\u00ealant humour et critique sociale, ont permis d\u2019affirmer une identit\u00e9 culturelle propre \u00e0 la France, tout en conservant l\u2019esprit de la tradition antique.<\/p>\n<h3 style=\"color: #16a085\">La place des masques dans le th\u00e9\u00e2tre contemporain et exp\u00e9rimental<\/h3>\n<p style=\"margin-bottom: 20px\">Aujourd\u2019hui, le th\u00e9\u00e2tre contemporain en France voit une diversification des usages du masque, allant de la restitution fid\u00e8le des traditions \u00e0 des exp\u00e9rimentations artistiques radicales. Des compagnies comme celles qui explorent le th\u00e9\u00e2tre immersif ou le th\u00e9\u00e2tre num\u00e9rique r\u00e9inventent le r\u00f4le du masque, en int\u00e9grant des technologies comme la r\u00e9alit\u00e9 virtuelle ou la projection vid\u00e9o, illustrant une \u00e9volution constante tout en conservant le lien avec ses racines historiques.<\/p>\n<h2 id=\"mystere\" style=\"color: #27ae60;border-bottom: 2px solid #27ae60;padding-bottom: 8px\">Les masques comme symboles de myst\u00e8re : une analyse approfondie<\/h2>\n<h3 style=\"color: #8e44ad\">La dimension myst\u00e9rieuse et myst\u00e9rieuse des masques dans la culture fran\u00e7aise<\/h3>\n<p style=\"margin-bottom: 20px\">Dans la culture fran\u00e7aise, le masque \u00e9voque souvent le secret, l\u2019inconnu et l\u2019ambigu\u00eft\u00e9. Il sert \u00e0 dissimuler l\u2019identit\u00e9, cr\u00e9ant une barri\u00e8re entre le personnage et le spectateur, tout en suscitant la curiosit\u00e9. La tradition du carnaval, notamment \u00e0 Nice ou \u00e0 Binche, illustre cette volont\u00e9 de masquer l\u2019individualit\u00e9 pour r\u00e9v\u00e9ler une facette collective ou myst\u00e9rieuse, o\u00f9 l\u2019anonymat devient une force.<\/p>\n<h3 style=\"color: #8e44ad\">Exemples c\u00e9l\u00e8bres : le masque de Scaramouche, le masque de Pierrot<\/h3>\n<p style=\"margin-bottom: 20px\">Le masque de Scaramouche, personnage de la commedia dell\u2019arte, symbolise la ruse et la duplicit\u00e9, avec ses traits noirs et son sourire \u00e9nigmatique. \u00c0 l\u2019oppos\u00e9, le personnage de Pierrot, souvent repr\u00e9sent\u00e9 avec un visage blanc et un regard m\u00e9lancolique, incarne la vuln\u00e9rabilit\u00e9 et la solitude. Ces exemples illustrent comment le masque peut devenir un vecteur puissant d\u2019\u00e9motions et de symboles, fa\u00e7onnant l\u2019imaginaire collectif fran\u00e7ais.<\/p>\n<h3 style=\"color: #8e44ad\">La signification du masque dans la litt\u00e9rature et le cin\u00e9ma fran\u00e7ais<\/h3>\n<p style=\"margin-bottom: 20px\">De Victor Hugo \u00e0 Claude Chabrol, la litt\u00e9rature et le cin\u00e9ma fran\u00e7ais exploitent souvent la symbolique du masque pour approfondir la psychologie des personnages ou d\u00e9noncer les hypocrisies sociales. Le masque devient alors un outil d\u2019analyse critique, r\u00e9v\u00e9lant les v\u00e9rit\u00e9s cach\u00e9es derri\u00e8re les fa\u00e7ades sociales ou personnelles. Par exemple, dans le film <em>Les Diaboliques<\/em>, le d\u00e9guisement et la dissimulation jouent un r\u00f4le central dans la narration, renfor\u00e7ant le myst\u00e8re et la tension dramatique.<\/p>\n<h2 id=\"identite\" style=\"color: #27ae60;border-bottom: 2px solid #27ae60;padding-bottom: 8px\">Les masques comme expressions d\u2019identit\u00e9 : enjeux et r\u00e9flexions<\/h2>\n<h3 style=\"color: #d35400\">La repr\u00e9sentation de l\u2019individualit\u00e9 et de la soci\u00e9t\u00e9 \u00e0 travers les masques<\/h3>\n<p style=\"margin-bottom: 20px\">Les masques permettent d\u2019explorer la tension entre l\u2019individu et la collectivit\u00e9. Dans le th\u00e9\u00e2tre fran\u00e7ais, ils sont souvent utilis\u00e9s pour repr\u00e9senter des arch\u00e9types ou des figures sociales, illustrant ainsi la dualit\u00e9 entre la v\u00e9ritable identit\u00e9 et celle que l\u2019on souhaite projeter. La mode, notamment lors des \u00e9v\u00e9nements comme le Carnaval de Venise ou les bal masqu\u00e9s \u00e0 Paris, perp\u00e9tue cette id\u00e9e en cr\u00e9ant des identit\u00e9s \u00e9ph\u00e9m\u00e8res mais puissantes.<\/p>\n<h3 style=\"color: #d35400\">La dualit\u00e9 entre l\u2019apparence et la r\u00e9alit\u00e9 dans le contexte fran\u00e7ais<\/h3>\n<p style=\"margin-bottom: 20px\">Ce th\u00e8me est au c\u0153ur de la r\u00e9flexion sur le masque : en France, il questionne la superficialit\u00e9 des apparences face \u00e0 la complexit\u00e9 int\u00e9rieure. La litt\u00e9rature classique, comme celle de Balzac ou Maupassant, a souvent mis en sc\u00e8ne des personnages qui portent un masque social pour dissimuler leurs v\u00e9ritables sentiments ou intentions, illustrant une soci\u00e9t\u00e9 o\u00f9 l\u2019image pr\u00e9vaut parfois sur la r\u00e9alit\u00e9.<\/p>\n<h3 style=\"color: #d35400\">La symbolique des masques dans le th\u00e9\u00e2tre et la mode fran\u00e7aise<\/h3>\n<p style=\"margin-bottom: 20px\">Le masque se retrouve \u00e9galement dans la mode, o\u00f9 il devient un accessoire de style, symbolisant la cr\u00e9ativit\u00e9 et la libert\u00e9 d\u2019expression. Les cr\u00e9ations de couturiers comme Jean-Paul Gaultier ou Christian Lacroix int\u00e8grent souvent des \u00e9l\u00e9ments de masque pour questionner l\u2019identit\u00e9 et la perception de soi, faisant du v\u00eatement un espace de jeu et de transformation.<\/p>\n<h2 id=\"zeus\" style=\"color: #27ae60;border-bottom: 2px solid #27ae60;padding-bottom: 8px\">Le r\u00f4le symbolique de \u00ab Le Zeus \u00bb dans la culture fran\u00e7aise moderne<\/h2>\n<h3 style=\"color: #16a085\">Pr\u00e9sentation de \u00ab Le Zeus \u00bb comme exemple contemporain illustrant les th\u00e8mes du myst\u00e8re et de l\u2019identit\u00e9<\/h3>\n<p style=\"margin-bottom: 20px\">Dans le paysage culturel actuel, \u00ab <a href=\"https:\/\/lezeus.fr\/\" style=\"color: #2980b9;text-decoration: underline\">Le Zeus machine<\/a> \u00bb appara\u00eet comme une \u0153uvre innovante m\u00ealant technologie, spectacle et symbolisme. En s&#8217;inspirant du mythe grec de Zeus, cette cr\u00e9ation incarne la puissance, le myst\u00e8re et la dualit\u00e9, tout en utilisant des \u00e9l\u00e9ments de masquage interactifs. Elle illustre que, m\u00eame dans un contexte moderne, le masque reste un vecteur fort pour questionner l\u2019identit\u00e9 et le r\u00f4le du spectateur dans la soci\u00e9t\u00e9.<\/p>\n<h3 style=\"color: #16a085\">La connexion entre le mythe grec de Zeus et la symbolique des masques dans la culture fran\u00e7aise<\/h3>\n<p style=\"margin-bottom: 20px\">Le mythe de Zeus, p\u00e8re des dieux, symbolise la puissance, la domination et la transformation. Dans la culture fran\u00e7aise, cette figure mythologique se traduit par une symbolique du masque comme outil de pouvoir et de myst\u00e8re. La r\u00e9f\u00e9rence \u00e0 Zeus rappelle que derri\u00e8re chaque fa\u00e7ade se cache une force, une identit\u00e9 profonde \u00e0 d\u00e9couvrir. Des artistes et cr\u00e9ateurs comme ceux derri\u00e8re \u00ab Le Zeus \u00bb exploitent cette symbolique pour renouveler l\u2019expression de ces th\u00e8mes dans un monde num\u00e9rique et immersif.<\/p>\n<h3 style=\"margin-bottom: 20px\">La dimension ludique et myst\u00e9rieuse de \u00ab Le Zeus \u00bb dans la soci\u00e9t\u00e9 fran\u00e7aise actuelle<\/h3>\n<p style=\"margin-bottom: 20px\">En int\u00e9grant des \u00e9l\u00e9ments interactifs et immersifs, \u00ab Le Zeus machine \u00bb offre une exp\u00e9rience ludique tout en suscitant une r\u00e9flexion profonde sur l\u2019identit\u00e9. Elle t\u00e9moigne de la capacit\u00e9 de la culture fran\u00e7aise \u00e0 faire \u00e9voluer le symbole du masque, en le m\u00ealant \u00e0 la technologie pour engager un public moderne dans des enjeux universels.<\/p>\n<h2 id=\"art-populaire\" style=\"color: #27ae60;border-bottom: 2px solid #27ae60;padding-bottom: 8px\">Les masques dans l\u2019art et la culture populaire fran\u00e7aises<\/h2>\n<h3 style=\"color: #8e44ad\">Leur pr\u00e9sence dans la peinture, la sculpture et le cin\u00e9ma fran\u00e7ais<\/h3>\n<p style=\"margin-bottom: 20px\">Les artistes fran\u00e7ais ont toujours \u00e9t\u00e9 fascin\u00e9s par le pouvoir \u00e9vocateur du masque. De G\u00e9ricault \u00e0 Picasso, en passant par le cin\u00e9ma de Jean-Luc Godard ou Jean Renoir, le masque appara\u00eet comme un motif r\u00e9current symbolisant la transformation, la dissimulation ou la critique sociale. Dans le cin\u00e9ma, des \u0153uvres comme <em>Le Samoura\u00ef<\/em> ou <em>La Grande Illusion<\/em> utilisent le masque pour renforcer la tension dramatique ou souligner la dualit\u00e9 des personnages.<\/p>\n<h3 style=\"color: #8e44ad\">Les carnavals et festivals : une c\u00e9l\u00e9bration collective du myst\u00e8re et de l\u2019identit\u00e9<\/h3>\n<p style=\"margin-bottom: 20px\">Les carnavals, notamment celui de Nice ou de Binche, incarnent la f\u00eate populaire o\u00f9 le masque devient un outil d\u2019expression collective. Ces \u00e9v\u00e9nements, souvent ancr\u00e9s dans la tradition, permettent aux individus d\u2019endosser une identit\u00e9 diff\u00e9rente, voire de transgresser les normes sociales, tout en renfor\u00e7ant le sentiment d\u2019appartenance \u00e0 une communaut\u00e9. Le masque devient ainsi un vecteur de libert\u00e9 et de myst\u00e8re partag\u00e9.<\/p>\n<h3 style=\"color: #8e44ad\">La place des masques dans la mode et le spectacle vivant en France<\/h3>\n<p style=\"margin-bottom: 20px\">Dans la mode, les cr\u00e9ateurs fran\u00e7ais ont int\u00e9gr\u00e9 des \u00e9l\u00e9ments de masque pour explorer l\u2019identit\u00e9, la transformation et la provocation. Par exemple, les d\u00e9fil\u00e9s de haute couture ou les performances artistiques utilisent le masque comme un symbole de libert\u00e9 cr\u00e9ative. Le spectacle vivant, notamment le cirque ou la danse contemporaine, exploite \u00e9galement cette dimension pour immerger le public dans des univers myst\u00e9rieux et \u00e9vocateurs.<\/p>\n<h2 id=\"nouvelles-formes\" style=\"color: #27ae60;border-bottom: 2px solid #27ae60;padding-bottom: 8px\">Perspectives contemporaines : nouvelles formes et enjeux des masques en France<\/h2>\n<h3 style=\"color: #16a085\">La digitalisation et la r\u00e9alit\u00e9 virtuelle : nouvelles expressions de l\u2019identit\u00e9 masqu\u00e9e<\/h3>\n<p style=\"margin-bottom: 20px\">Les avanc\u00e9es technologiques offrent de nouvelles possibilit\u00e9s pour concevoir des masques interactifs ou virtuels. La r\u00e9alit\u00e9 virtuelle, par exemple, permet de porter un masque num\u00e9rique qui modifie la perception de soi et celle des autres. Ces innovations questionnent la fronti\u00e8re entre l\u2019identit\u00e9 r\u00e9elle et virtuelle, ouvrant de nouveaux d\u00e9bats sur l\u2019authenticit\u00e9 et la repr\u00e9sentation.<\/p>\n<h3 style=\"color: #16a085\">Le r\u00f4le des masques dans la lutte contre la stigmatisation et pour la diversit\u00e9<\/h3>\n<p style=\"margin-bottom: 20px\">Dans un contexte social marqu\u00e9 par la qu\u00eate d\u2019inclusion, le masque devient un outil contre la stigmatisation. En permettant \u00e0 chacun d\u2019endosser une identit\u00e9 diff\u00e9rente, il favorise la tol\u00e9rance et la reconnaissance de la diversit\u00e9. Par exemple, certains artistes ou associations utilisent des masques pour sensibiliser aux questions d\u2019identit\u00e9, de genre ou de handicap, illustrant ainsi leur potentiel social et \u00e9thique.<\/p>\n<h3 style=\"color: #16a085\">La responsabilit\u00e9 sociale et \u00e9thique dans l\u2019utilisation des masques<\/h3>\n<p style=\"margin-bottom: 20px\">L\u2019usage des masques doit s\u2019accompagner d\u2019une<\/p>\n<\/div>\n","protected":false},"excerpt":{"rendered":"<p>Depuis l&#8217;Antiquit\u00e9, le masque a toujours occup\u00e9 une place essentielle dans l&#8217;imaginaire collectif, notamment dans la tradition th\u00e9\u00e2trale fran\u00e7aise. Il incarne \u00e0 la fois le myst\u00e8re, l&#8217;identit\u00e9 et la dualit\u00e9 entre l&#8217;apparence et la r\u00e9alit\u00e9. \u00c0 travers cet article, nous explorerons comment ces symboles ont \u00e9volu\u00e9, leur r\u00f4le dans la soci\u00e9t\u00e9 fran\u00e7aise moderne, et leur [&hellip;]<\/p>\n","protected":false},"author":3,"featured_media":0,"comment_status":"open","ping_status":"open","sticky":false,"template":"","format":"standard","meta":[],"categories":[1],"tags":[],"yoast_head":"<!-- This site is optimized with the Yoast SEO plugin v20.4 - https:\/\/yoast.com\/wordpress\/plugins\/seo\/ -->\n<title>Les masques de th\u00e9\u00e2tre : symboles de myst\u00e8re et d&#039;identit\u00e9 dans la culture fran\u00e7aise - MC AMB<\/title>\n<meta name=\"robots\" content=\"index, follow, max-snippet:-1, max-image-preview:large, max-video-preview:-1\" \/>\n<link rel=\"canonical\" href=\"https:\/\/mcamb.eng.br\/blog\/les-masques-de-theatre-symboles-de-mystere-et-d-identite-dans-la-culture-francaise\/\" \/>\n<meta property=\"og:locale\" content=\"pt_BR\" \/>\n<meta property=\"og:type\" content=\"article\" \/>\n<meta property=\"og:title\" content=\"Les masques de th\u00e9\u00e2tre : symboles de myst\u00e8re et d&#039;identit\u00e9 dans la culture fran\u00e7aise - MC AMB\" \/>\n<meta property=\"og:description\" content=\"Depuis l&#8217;Antiquit\u00e9, le masque a toujours occup\u00e9 une place essentielle dans l&#8217;imaginaire collectif, notamment dans la tradition th\u00e9\u00e2trale fran\u00e7aise. Il incarne \u00e0 la fois le myst\u00e8re, l&#8217;identit\u00e9 et la dualit\u00e9 entre l&#8217;apparence et la r\u00e9alit\u00e9. \u00c0 travers cet article, nous explorerons comment ces symboles ont \u00e9volu\u00e9, leur r\u00f4le dans la soci\u00e9t\u00e9 fran\u00e7aise moderne, et leur [&hellip;]\" \/>\n<meta property=\"og:url\" content=\"https:\/\/mcamb.eng.br\/blog\/les-masques-de-theatre-symboles-de-mystere-et-d-identite-dans-la-culture-francaise\/\" \/>\n<meta property=\"og:site_name\" content=\"MC AMB\" \/>\n<meta property=\"article:publisher\" content=\"https:\/\/www.facebook.com\/mcambengamb\" \/>\n<meta property=\"article:published_time\" content=\"2024-11-08T01:01:07+00:00\" \/>\n<meta property=\"article:modified_time\" content=\"2025-10-27T09:29:23+00:00\" \/>\n<meta property=\"og:image\" content=\"https:\/\/mcamb.eng.br\/blog\/wp-content\/uploads\/2023\/03\/logo.webp\" \/>\n\t<meta property=\"og:image:width\" content=\"220\" \/>\n\t<meta property=\"og:image:height\" content=\"176\" \/>\n\t<meta property=\"og:image:type\" content=\"image\/webp\" \/>\n<meta name=\"author\" content=\"Felipe Fiatikoski Angelo\" \/>\n<meta name=\"twitter:card\" content=\"summary_large_image\" \/>\n<meta name=\"twitter:label1\" content=\"Escrito por\" \/>\n\t<meta name=\"twitter:data1\" content=\"Felipe Fiatikoski Angelo\" \/>\n\t<meta name=\"twitter:label2\" content=\"Est. tempo de leitura\" \/>\n\t<meta name=\"twitter:data2\" content=\"10 minutos\" \/>\n<script type=\"application\/ld+json\" class=\"yoast-schema-graph\">{\"@context\":\"https:\/\/schema.org\",\"@graph\":[{\"@type\":\"Article\",\"@id\":\"https:\/\/mcamb.eng.br\/blog\/les-masques-de-theatre-symboles-de-mystere-et-d-identite-dans-la-culture-francaise\/#article\",\"isPartOf\":{\"@id\":\"https:\/\/mcamb.eng.br\/blog\/les-masques-de-theatre-symboles-de-mystere-et-d-identite-dans-la-culture-francaise\/\"},\"author\":{\"name\":\"Felipe Fiatikoski Angelo\",\"@id\":\"https:\/\/mcamb.eng.br\/blog\/#\/schema\/person\/a442e8e8ffde488aa5d57fd80e93d314\"},\"headline\":\"Les masques de th\u00e9\u00e2tre : symboles de myst\u00e8re et d&#8217;identit\u00e9 dans la culture fran\u00e7aise\",\"datePublished\":\"2024-11-08T01:01:07+00:00\",\"dateModified\":\"2025-10-27T09:29:23+00:00\",\"mainEntityOfPage\":{\"@id\":\"https:\/\/mcamb.eng.br\/blog\/les-masques-de-theatre-symboles-de-mystere-et-d-identite-dans-la-culture-francaise\/\"},\"wordCount\":2015,\"commentCount\":0,\"publisher\":{\"@id\":\"https:\/\/mcamb.eng.br\/blog\/#organization\"},\"inLanguage\":\"pt-BR\",\"potentialAction\":[{\"@type\":\"CommentAction\",\"name\":\"Comment\",\"target\":[\"https:\/\/mcamb.eng.br\/blog\/les-masques-de-theatre-symboles-de-mystere-et-d-identite-dans-la-culture-francaise\/#respond\"]}]},{\"@type\":\"WebPage\",\"@id\":\"https:\/\/mcamb.eng.br\/blog\/les-masques-de-theatre-symboles-de-mystere-et-d-identite-dans-la-culture-francaise\/\",\"url\":\"https:\/\/mcamb.eng.br\/blog\/les-masques-de-theatre-symboles-de-mystere-et-d-identite-dans-la-culture-francaise\/\",\"name\":\"Les masques de th\u00e9\u00e2tre : symboles de myst\u00e8re et d'identit\u00e9 dans la culture fran\u00e7aise - MC AMB\",\"isPartOf\":{\"@id\":\"https:\/\/mcamb.eng.br\/blog\/#website\"},\"datePublished\":\"2024-11-08T01:01:07+00:00\",\"dateModified\":\"2025-10-27T09:29:23+00:00\",\"breadcrumb\":{\"@id\":\"https:\/\/mcamb.eng.br\/blog\/les-masques-de-theatre-symboles-de-mystere-et-d-identite-dans-la-culture-francaise\/#breadcrumb\"},\"inLanguage\":\"pt-BR\",\"potentialAction\":[{\"@type\":\"ReadAction\",\"target\":[\"https:\/\/mcamb.eng.br\/blog\/les-masques-de-theatre-symboles-de-mystere-et-d-identite-dans-la-culture-francaise\/\"]}]},{\"@type\":\"BreadcrumbList\",\"@id\":\"https:\/\/mcamb.eng.br\/blog\/les-masques-de-theatre-symboles-de-mystere-et-d-identite-dans-la-culture-francaise\/#breadcrumb\",\"itemListElement\":[{\"@type\":\"ListItem\",\"position\":1,\"name\":\"In\u00edcio\",\"item\":\"https:\/\/mcamb.eng.br\/blog\/\"},{\"@type\":\"ListItem\",\"position\":2,\"name\":\"Les masques de th\u00e9\u00e2tre : symboles de myst\u00e8re et d&#8217;identit\u00e9 dans la culture fran\u00e7aise\"}]},{\"@type\":\"WebSite\",\"@id\":\"https:\/\/mcamb.eng.br\/blog\/#website\",\"url\":\"https:\/\/mcamb.eng.br\/blog\/\",\"name\":\"MC AMB\",\"description\":\"Regulariza\u00e7\u00e3o Ambiental, Topografia e Seguran\u00e7a do Trabalho\",\"publisher\":{\"@id\":\"https:\/\/mcamb.eng.br\/blog\/#organization\"},\"potentialAction\":[{\"@type\":\"SearchAction\",\"target\":{\"@type\":\"EntryPoint\",\"urlTemplate\":\"https:\/\/mcamb.eng.br\/blog\/?s={search_term_string}\"},\"query-input\":\"required name=search_term_string\"}],\"inLanguage\":\"pt-BR\"},{\"@type\":\"Organization\",\"@id\":\"https:\/\/mcamb.eng.br\/blog\/#organization\",\"name\":\"MC AMB\",\"url\":\"https:\/\/mcamb.eng.br\/blog\/\",\"logo\":{\"@type\":\"ImageObject\",\"inLanguage\":\"pt-BR\",\"@id\":\"https:\/\/mcamb.eng.br\/blog\/#\/schema\/logo\/image\/\",\"url\":\"https:\/\/mcamb.eng.br\/blog\/wp-content\/uploads\/2023\/03\/logo.webp\",\"contentUrl\":\"https:\/\/mcamb.eng.br\/blog\/wp-content\/uploads\/2023\/03\/logo.webp\",\"width\":220,\"height\":176,\"caption\":\"MC AMB\"},\"image\":{\"@id\":\"https:\/\/mcamb.eng.br\/blog\/#\/schema\/logo\/image\/\"},\"sameAs\":[\"https:\/\/www.facebook.com\/mcambengamb\",\"https:\/\/www.instagram.com\/mcambengenharia\/\"]},{\"@type\":\"Person\",\"@id\":\"https:\/\/mcamb.eng.br\/blog\/#\/schema\/person\/a442e8e8ffde488aa5d57fd80e93d314\",\"name\":\"Felipe Fiatikoski Angelo\",\"image\":{\"@type\":\"ImageObject\",\"inLanguage\":\"pt-BR\",\"@id\":\"https:\/\/mcamb.eng.br\/blog\/#\/schema\/person\/image\/\",\"url\":\"https:\/\/secure.gravatar.com\/avatar\/3ac7ccd215ee9c749dc685397b946f91?s=96&d=mm&r=g\",\"contentUrl\":\"https:\/\/secure.gravatar.com\/avatar\/3ac7ccd215ee9c749dc685397b946f91?s=96&d=mm&r=g\",\"caption\":\"Felipe Fiatikoski Angelo\"},\"url\":\"https:\/\/mcamb.eng.br\/blog\/author\/felipe\/\"}]}<\/script>\n<!-- \/ Yoast SEO plugin. -->","yoast_head_json":{"title":"Les masques de th\u00e9\u00e2tre : symboles de myst\u00e8re et d'identit\u00e9 dans la culture fran\u00e7aise - MC AMB","robots":{"index":"index","follow":"follow","max-snippet":"max-snippet:-1","max-image-preview":"max-image-preview:large","max-video-preview":"max-video-preview:-1"},"canonical":"https:\/\/mcamb.eng.br\/blog\/les-masques-de-theatre-symboles-de-mystere-et-d-identite-dans-la-culture-francaise\/","og_locale":"pt_BR","og_type":"article","og_title":"Les masques de th\u00e9\u00e2tre : symboles de myst\u00e8re et d'identit\u00e9 dans la culture fran\u00e7aise - MC AMB","og_description":"Depuis l&#8217;Antiquit\u00e9, le masque a toujours occup\u00e9 une place essentielle dans l&#8217;imaginaire collectif, notamment dans la tradition th\u00e9\u00e2trale fran\u00e7aise. Il incarne \u00e0 la fois le myst\u00e8re, l&#8217;identit\u00e9 et la dualit\u00e9 entre l&#8217;apparence et la r\u00e9alit\u00e9. \u00c0 travers cet article, nous explorerons comment ces symboles ont \u00e9volu\u00e9, leur r\u00f4le dans la soci\u00e9t\u00e9 fran\u00e7aise moderne, et leur [&hellip;]","og_url":"https:\/\/mcamb.eng.br\/blog\/les-masques-de-theatre-symboles-de-mystere-et-d-identite-dans-la-culture-francaise\/","og_site_name":"MC AMB","article_publisher":"https:\/\/www.facebook.com\/mcambengamb","article_published_time":"2024-11-08T01:01:07+00:00","article_modified_time":"2025-10-27T09:29:23+00:00","og_image":[{"width":220,"height":176,"url":"https:\/\/mcamb.eng.br\/blog\/wp-content\/uploads\/2023\/03\/logo.webp","type":"image\/webp"}],"author":"Felipe Fiatikoski Angelo","twitter_card":"summary_large_image","twitter_misc":{"Escrito por":"Felipe Fiatikoski Angelo","Est. tempo de leitura":"10 minutos"},"schema":{"@context":"https:\/\/schema.org","@graph":[{"@type":"Article","@id":"https:\/\/mcamb.eng.br\/blog\/les-masques-de-theatre-symboles-de-mystere-et-d-identite-dans-la-culture-francaise\/#article","isPartOf":{"@id":"https:\/\/mcamb.eng.br\/blog\/les-masques-de-theatre-symboles-de-mystere-et-d-identite-dans-la-culture-francaise\/"},"author":{"name":"Felipe Fiatikoski Angelo","@id":"https:\/\/mcamb.eng.br\/blog\/#\/schema\/person\/a442e8e8ffde488aa5d57fd80e93d314"},"headline":"Les masques de th\u00e9\u00e2tre : symboles de myst\u00e8re et d&#8217;identit\u00e9 dans la culture fran\u00e7aise","datePublished":"2024-11-08T01:01:07+00:00","dateModified":"2025-10-27T09:29:23+00:00","mainEntityOfPage":{"@id":"https:\/\/mcamb.eng.br\/blog\/les-masques-de-theatre-symboles-de-mystere-et-d-identite-dans-la-culture-francaise\/"},"wordCount":2015,"commentCount":0,"publisher":{"@id":"https:\/\/mcamb.eng.br\/blog\/#organization"},"inLanguage":"pt-BR","potentialAction":[{"@type":"CommentAction","name":"Comment","target":["https:\/\/mcamb.eng.br\/blog\/les-masques-de-theatre-symboles-de-mystere-et-d-identite-dans-la-culture-francaise\/#respond"]}]},{"@type":"WebPage","@id":"https:\/\/mcamb.eng.br\/blog\/les-masques-de-theatre-symboles-de-mystere-et-d-identite-dans-la-culture-francaise\/","url":"https:\/\/mcamb.eng.br\/blog\/les-masques-de-theatre-symboles-de-mystere-et-d-identite-dans-la-culture-francaise\/","name":"Les masques de th\u00e9\u00e2tre : symboles de myst\u00e8re et d'identit\u00e9 dans la culture fran\u00e7aise - MC AMB","isPartOf":{"@id":"https:\/\/mcamb.eng.br\/blog\/#website"},"datePublished":"2024-11-08T01:01:07+00:00","dateModified":"2025-10-27T09:29:23+00:00","breadcrumb":{"@id":"https:\/\/mcamb.eng.br\/blog\/les-masques-de-theatre-symboles-de-mystere-et-d-identite-dans-la-culture-francaise\/#breadcrumb"},"inLanguage":"pt-BR","potentialAction":[{"@type":"ReadAction","target":["https:\/\/mcamb.eng.br\/blog\/les-masques-de-theatre-symboles-de-mystere-et-d-identite-dans-la-culture-francaise\/"]}]},{"@type":"BreadcrumbList","@id":"https:\/\/mcamb.eng.br\/blog\/les-masques-de-theatre-symboles-de-mystere-et-d-identite-dans-la-culture-francaise\/#breadcrumb","itemListElement":[{"@type":"ListItem","position":1,"name":"In\u00edcio","item":"https:\/\/mcamb.eng.br\/blog\/"},{"@type":"ListItem","position":2,"name":"Les masques de th\u00e9\u00e2tre : symboles de myst\u00e8re et d&#8217;identit\u00e9 dans la culture fran\u00e7aise"}]},{"@type":"WebSite","@id":"https:\/\/mcamb.eng.br\/blog\/#website","url":"https:\/\/mcamb.eng.br\/blog\/","name":"MC AMB","description":"Regulariza\u00e7\u00e3o Ambiental, Topografia e Seguran\u00e7a do Trabalho","publisher":{"@id":"https:\/\/mcamb.eng.br\/blog\/#organization"},"potentialAction":[{"@type":"SearchAction","target":{"@type":"EntryPoint","urlTemplate":"https:\/\/mcamb.eng.br\/blog\/?s={search_term_string}"},"query-input":"required name=search_term_string"}],"inLanguage":"pt-BR"},{"@type":"Organization","@id":"https:\/\/mcamb.eng.br\/blog\/#organization","name":"MC AMB","url":"https:\/\/mcamb.eng.br\/blog\/","logo":{"@type":"ImageObject","inLanguage":"pt-BR","@id":"https:\/\/mcamb.eng.br\/blog\/#\/schema\/logo\/image\/","url":"https:\/\/mcamb.eng.br\/blog\/wp-content\/uploads\/2023\/03\/logo.webp","contentUrl":"https:\/\/mcamb.eng.br\/blog\/wp-content\/uploads\/2023\/03\/logo.webp","width":220,"height":176,"caption":"MC AMB"},"image":{"@id":"https:\/\/mcamb.eng.br\/blog\/#\/schema\/logo\/image\/"},"sameAs":["https:\/\/www.facebook.com\/mcambengamb","https:\/\/www.instagram.com\/mcambengenharia\/"]},{"@type":"Person","@id":"https:\/\/mcamb.eng.br\/blog\/#\/schema\/person\/a442e8e8ffde488aa5d57fd80e93d314","name":"Felipe Fiatikoski Angelo","image":{"@type":"ImageObject","inLanguage":"pt-BR","@id":"https:\/\/mcamb.eng.br\/blog\/#\/schema\/person\/image\/","url":"https:\/\/secure.gravatar.com\/avatar\/3ac7ccd215ee9c749dc685397b946f91?s=96&d=mm&r=g","contentUrl":"https:\/\/secure.gravatar.com\/avatar\/3ac7ccd215ee9c749dc685397b946f91?s=96&d=mm&r=g","caption":"Felipe Fiatikoski Angelo"},"url":"https:\/\/mcamb.eng.br\/blog\/author\/felipe\/"}]}},"_links":{"self":[{"href":"https:\/\/mcamb.eng.br\/blog\/wp-json\/wp\/v2\/posts\/590"}],"collection":[{"href":"https:\/\/mcamb.eng.br\/blog\/wp-json\/wp\/v2\/posts"}],"about":[{"href":"https:\/\/mcamb.eng.br\/blog\/wp-json\/wp\/v2\/types\/post"}],"author":[{"embeddable":true,"href":"https:\/\/mcamb.eng.br\/blog\/wp-json\/wp\/v2\/users\/3"}],"replies":[{"embeddable":true,"href":"https:\/\/mcamb.eng.br\/blog\/wp-json\/wp\/v2\/comments?post=590"}],"version-history":[{"count":1,"href":"https:\/\/mcamb.eng.br\/blog\/wp-json\/wp\/v2\/posts\/590\/revisions"}],"predecessor-version":[{"id":591,"href":"https:\/\/mcamb.eng.br\/blog\/wp-json\/wp\/v2\/posts\/590\/revisions\/591"}],"wp:attachment":[{"href":"https:\/\/mcamb.eng.br\/blog\/wp-json\/wp\/v2\/media?parent=590"}],"wp:term":[{"taxonomy":"category","embeddable":true,"href":"https:\/\/mcamb.eng.br\/blog\/wp-json\/wp\/v2\/categories?post=590"},{"taxonomy":"post_tag","embeddable":true,"href":"https:\/\/mcamb.eng.br\/blog\/wp-json\/wp\/v2\/tags?post=590"}],"curies":[{"name":"wp","href":"https:\/\/api.w.org\/{rel}","templated":true}]}}