{"id":833,"date":"2025-06-11T22:49:23","date_gmt":"2025-06-12T01:49:23","guid":{"rendered":"https:\/\/mcamb.eng.br\/blog\/?p=833"},"modified":"2025-11-24T09:52:55","modified_gmt":"2025-11-24T12:52:55","slug":"l-autorite-incarnee-du-sherif-a-l-icone-du-cowboy","status":"publish","type":"post","link":"https:\/\/mcamb.eng.br\/blog\/l-autorite-incarnee-du-sherif-a-l-icone-du-cowboy\/","title":{"rendered":"L\u2019autorit\u00e9 incarn\u00e9e : du sh\u00e9rif \u00e0 l\u2019ic\u00f4ne du cowboy"},"content":{"rendered":"<h2>L\u2019autorit\u00e9 symbolique des sh\u00e9rifs : plus qu\u2019un simple pouvoir<\/h2>\n<p>a. Le r\u00f4le historique des sh\u00e9rifs aux \u00c9tats-Unis, gardiens d\u2019un ordre public fragile<br \/>\nDepuis le XIXe si\u00e8cle, les sh\u00e9rifs am\u00e9ricains ont \u00e9t\u00e9 les garants d\u2019un ordre public instable, en particulier dans les territoires frontaliers o\u00f9 l\u2019\u00c9tat central \u00e9tait peu pr\u00e9sent. Dot\u00e9s d\u2019un pouvoir local unique, ils incarnaient la justice dans un espace o\u00f9 la loi \u00e9crivait souvent ses propres r\u00e8gles. Le sh\u00e9rif n\u2019\u00e9tait pas seulement un agent de l\u2019\u00c9tat, mais un pilier de la confiance communautaire, agissant comme interm\u00e9diaire entre la loi \u00e9crite et la r\u00e9alit\u00e9 du terrain. Leur pr\u00e9sence physique, souvent marqu\u00e9e par la potence, symbolisait l\u2019engagement \u00e0 faire respecter l\u2019ordre l\u00e0 o\u00f9 les institutions officielles peinaient \u00e0 s\u2019implanter.  <\/p>\n<p>b. Le symbolisme de la potence : lieu de justice visible, o\u00f9 l\u2019autorit\u00e9 s\u2019incarne dans l\u2019espace public<br \/>\nLa potence, structure de 3 \u00e0 4 m\u00e8tres de hauteur, n\u2019est pas un simple outil, mais un lieu de justice spectaculaire : visible, incontournable, elle mat\u00e9rialise la d\u00e9cision juridique. Sa visibilit\u00e9 dans les places centrales transforme chaque ex\u00e9cution en un acte public, renfor\u00e7ant la perception que la loi s\u2019applique publiquement. Ce choix architectural n\u2019est pas anodin : il traduit une volont\u00e9 de rendre le pouvoir judiciaire tangible, une d\u00e9monstration sans \u00e9quivoque que la justice ne se cache pas. Comme un miroir du pouvoir, la potence incarne \u00e0 la fois la sanction et l\u2019autorit\u00e9, un symbole qui r\u00e9sonne encore aujourd\u2019hui.  <\/p>\n<p>c. En France, une analogie avec les figures de l\u2019autorit\u00e9 locale<br \/>\nSi la potence n\u2019a jamais fait partie du paysage juridique fran\u00e7ais, certaines figures locales portent un poids symbolique proche. Les repr\u00e9sentants des justices de paix, pr\u00e9sents dans les places publiques depuis le XIXe si\u00e8cle, assurent une justice proche des citoyens, mais sans l\u2019exhibition brutale du jugement. Leurs statues, souvent discr\u00e8tes, rappellent que l\u2019autorit\u00e9 locale s\u2019exerce aussi dans la subtilit\u00e9 et la proximit\u00e9. Cette analogie souligne comment, dans de nombreuses soci\u00e9t\u00e9s, l\u2019autorit\u00e9 se manifeste autant par la pr\u00e9sence visible que par l\u2019action discr\u00e8te.  <\/p>\n<h2>La potence : entre fonction pratique et charge symbolique<\/h2>\n<p>a. Hauteur et visibilit\u00e9 : structures de 3 \u00e0 4 m\u00e8tres con\u00e7ues pour \u00eatre vues<br \/>\nLa potence, bien que modeste en taille, est pens\u00e9e pour \u00eatre remarqu\u00e9e. Sa hauteur assure qu\u2019elle domine l\u2019espace public, imposant son regard collectif. Ce choix est celui d\u2019un symbole architectural : utile pour marquer l\u2019espace, mais surtout charg\u00e9 de sens. La visibilit\u00e9 constante en fait un rappel in\u00e9luctable du pouvoir et de ses limites.  <\/p>\n<p>b. Le tr\u00e8fle \u00e0 quatre feuilles : raret\u00e9 naturelle (1 sur 10 000 plantes)<br \/>\nLa raret\u00e9 du tr\u00e8fle \u00e0 quatre feuilles, \u00e9quivalent naturel de la chance, trouve un \u00e9cho puissant dans la symbolique de la potence : une sanction rare, exceptionnelle, inscrite dans l\u2019ordre \u00e9tabli. Comme une telle raret\u00e9, la potence n\u2019appara\u00eet que dans des circonstances graves, renfor\u00e7ant son poids moral et juridique.  <\/p>\n<p>c. Au Colorado, diamants de 16,5 carats trouv\u00e9s comme preuve d\u2019abondance cach\u00e9e<br \/>\nL\u2019abondance symbolique de la potence s\u2019illustre aussi dans des lieux comme le Colorado, o\u00f9 des diamants exceptionnels ont \u00e9t\u00e9 d\u00e9couverts sur des sites o\u00f9 la justice s\u2019exer\u00e7ait autrefois. Ces d\u00e9couvertes, m\u00e9taphores d\u2019une richesse inattendue, refl\u00e8tent la dualit\u00e9 : le pouvoir judiciaire, parfois per\u00e7u comme rigide, rec\u00e8le aussi des moments d\u2019\u00e9quit\u00e9 et de r\u00e9v\u00e9lation surprenante.  <\/p>\n<h2>Le cowboy : ic\u00f4ne du symbole ou\u00efghour du Far West ?<\/h2>\n<p>a. Pourquoi le cowboy incarne-t-il l\u2019autorit\u00e9 du sh\u00e9rif dans l\u2019imaginaire collectif am\u00e9ricain<br \/>\nLe cowboy, bien que plus chasseur ou fermier que juriste, incarne une autorit\u00e9 charismatique et incarn\u00e9e. Sa silhouette, chapeau, chevauchant le cheval, \u00e9voque un pouvoir personnel, ignorant les fronti\u00e8res institutionnelles. Ce mythe na\u00eet du XIXe si\u00e8cle, \u00e9poque o\u00f9 les fronti\u00e8res am\u00e9ricaines \u00e9taient encore franches, et o\u00f9 la loi se faisait par la force du geste plut\u00f4t que par la distance administrative. Le cowboy, solitaire face aux \u00e9l\u00e9ments, devient le symbole d\u2019une justice sans bureaucratie, d\u2019un ordre impos\u00e9 par l\u2019homme sur la nature et les hommes.  <\/p>\n<p>b. Symbolique du cheval, du chapeau et de la revendication du territoire<br \/>\nLe cheval est bien plus qu\u2019un moyen de transport : c\u2019est un symbole de mobilit\u00e9, de libert\u00e9 et de ma\u00eetrise sur un espace sauvage. Le chapeau, \u00e9l\u00e9ment embl\u00e9matique, prot\u00e8ge mais aussi signale l\u2019appartenance \u00e0 une culture juridique informelle, o\u00f9 le respect s\u2019acquiert par l\u2019action. La revendication du territoire, incarn\u00e9e par le cowboy, refl\u00e8te la fonction du sh\u00e9rif : garantir l\u2019ordre dans un espace o\u00f9 la loi n\u2019est pas toujours \u00e9crite, mais v\u00e9cue au quotidien.  <\/p>\n<p>c. En France, fascination pour l\u2019Ouest am\u00e9ricain<br \/>\nLa figure du cowboy, export\u00e9e dans les romans, films et s\u00e9ries, fascine les fran\u00e7ais comme un arch\u00e9type du loi sans fronti\u00e8res, libre et solitaire. Ce mythe transcende la r\u00e9alit\u00e9 historique pour toucher une aspiration universelle : celle d\u2019un justicier incarn\u00e9, capable de maintenir l\u2019ordre l\u00e0 o\u00f9 les institutions peinent \u00e0 s\u2019imposer. Cette fascination nourrit une imaginaire culturel riche, o\u00f9 le cowboy incarne une justice intime, parfois ambigu\u00eb, mais toujours visible.  <\/p>\n<h2>Le pouvoir du symbole en France : entre histoire et imaginaire<\/h2>\n<p>a. La justice publique en France : places centrales, statues, mais absence de potence visible<br \/>\nEn France, le symbole de l\u2019autorit\u00e9 judiciaire se manifeste surtout par des statues de justice, des places publiques et des tribunaux, mais jamais par la potence. Contrairement aux \u00c9tats-Unis, la France a privil\u00e9gi\u00e9 une justice plus discr\u00e8te, ancr\u00e9e dans des institutions visibles mais souvent retir\u00e9es du regard quotidien. Cette discr\u00e9tion soul\u00e8ve une interrogation : la justice discr\u00e8te est-elle aussi l\u00e9gitime qu\u2019une justice spectaculaire ?  <\/p>\n<p>b. Les monuments comm\u00e9moratifs comme lieux de m\u00e9moire<br \/>\nLes monuments aux morts, aux justices de paix ou aux figures historiques incarnent la m\u00e9moire juridique. Ils transmettent le poids symbolique des autorit\u00e9s locales, rappelant que l\u2019autorit\u00e9 s\u2019exerce aussi dans la parole, la m\u00e9moire et la transmission. Ces lieux, comme la potence en Am\u00e9rique, sont des points d\u2019ancrage culturel o\u00f9 le pass\u00e9 judiciaire prend forme.  <\/p>\n<p>c. Le cowboy comme pont culturel<br \/>\nM\u00eame en France, le cowboy traverse les imaginaires comme un pont entre libert\u00e9 et autorit\u00e9. Figure populaire, il incarne \u00e0 la fois la loi et ses limites, la vigilance et l\u2019ambigu\u00eft\u00e9. Cette dualit\u00e9 r\u00e9sonne avec les figures historiques fran\u00e7aises telles que les gardes-c\u00f4tes ou les l\u00e9gionnaires, qui ont parfois incarn\u00e9 un pouvoir local et parfois lointain. Le cowboy, moderne mais ancr\u00e9 dans des arch\u00e9types universels, montre comment les symboles juridiques \u00e9voluent mais restent puissants dans leur charge symbolique.  <\/p>\n<h3>Tableau comparatif : autorit\u00e9 visible vs autorit\u00e9 incarn\u00e9e<\/h3>\n<p>| Crit\u00e8re               | La potence (\u00c9tats-Unis)           | Le cowboy (arch\u00e9type symbolique) |<br \/>\n|&#8212;&#8212;&#8212;&#8212;&#8212;&#8212;&#8212;&#8211;|&#8212;&#8212;&#8212;&#8212;&#8212;&#8212;&#8212;&#8212;&#8212;&#8212;&#8212;-|&#8212;&#8212;&#8212;&#8212;&#8212;&#8212;&#8212;&#8212;&#8212;&#8212;&#8212;-|<br \/>\n| Visibilit\u00e9            | Haute, incontournable en place publique | Discr\u00e8te, int\u00e9gr\u00e9e \u00e0 la culture locale |<br \/>\n| Symbolisme            | Justice publique, sanction publique | Libert\u00e9, loi personnelle, ambigu\u00eft\u00e9 |<br \/>\n| Fonction              | Marquer l\u2019ordre par le visible   | Incarner une autorit\u00e9 charismatique, hors fronti\u00e8res |<br \/>\n| Transmission          | Par l\u2019institution judiciaire     | Par le mythe, la culture et les r\u00e9cits |<br \/>\n| \u00c9volution culturelle  | Ancr\u00e9e dans l\u2019histoire du Far West | Adapt\u00e9e et r\u00e9invent\u00e9e dans la culture populaire |  <\/p>\n<h2>Le pouvoir du symbolisme : une le\u00e7on pour la France<\/h2>\n<p>a. De la potence au cowboy, l\u2019autorit\u00e9 s\u2019exprime par pr\u00e9sence, visibilit\u00e9 et charge symbolique<br \/>\nQue ce soit la potence dans les places am\u00e9ricaines ou le cowboy dans les mythes occidentaux, l\u2019autorit\u00e9 puise sa force dans la pr\u00e9sence. Le symbole, quand il est ancr\u00e9 dans l\u2019espace public, devient un outil de l\u00e9gitimation. En France, o\u00f9 la justice se veut souvent accessible, cette tension entre visibilit\u00e9 et discr\u00e9tion m\u00e9rite r\u00e9flexion : peut-on renforcer la confiance en la justice en rendant son autorit\u00e9 plus incarn\u00e9e, plus humaine ?  <\/p>\n<p>b. Pour le public fran\u00e7ais, cette exposition du pouvoir soul\u00e8ve questions sur la justice visible versus justice discr\u00e8te<br \/>\nDans un pays o\u00f9 la justice est souvent per\u00e7ue comme impersonnelle, le symbole de l\u2019autorit\u00e9 incarn\u00e9e \u2013 comme un sh\u00e9rif visible ou un cow-boy solitaire \u2013 peut redonner forme et sens \u00e0 la loi. Le public se demande : la justice doit-elle toujours rester cach\u00e9e, ou peut-elle aussi se montrer, rus\u00e9e et forte ?  <\/p>\n<p>c. Le symbole perdure dans les imaginaires, m\u00eame quand ses formes \u00e9voluent<br \/>\nLa potence et le cowboy, figures d\u2019\u00e9poques diff\u00e9rentes, sont deux visages d\u2019un m\u00eame principe : l\u2019autorit\u00e9 incarn\u00e9e. En France, ce principe se retrouve dans les statues de justice, les comm\u00e9morations locales, voire dans la culture populaire. Le cowboy, bien que lointain, rappelle que l\u2019ordre ne s\u2019impose pas seulement par les lois, mais aussi par les r\u00e9cits, les images, les symboles qui fa\u00e7onnent notre compr\u00e9hension collective.  <\/p>\n<p>Le symbole juridique, qu\u2019il soit grav\u00e9 dans le bois d\u2019une potence ou peint dans l\u2019\u00e2me d\u2019un cowboy, demeure un pont entre le pass\u00e9 et le pr\u00e9sent, entre la loi et le peuple. Comprendre ces figures, c\u2019est mieux saisir comment l\u2019autorit\u00e9 se construit, non seulement par le pouvoir, mais par la m\u00e9moire, l\u2019image et l\u2019\u00e9motion partag\u00e9e.<\/p>\n<p><a href=\"https:\/\/le-cowboy-slotmachine.fr\" style=\"color:#005580;text-decoration:none\">Cascades remove all winning symbol type<\/a><\/p>\n","protected":false},"excerpt":{"rendered":"<p>L\u2019autorit\u00e9 symbolique des sh\u00e9rifs : plus qu\u2019un simple pouvoir a. Le r\u00f4le historique des sh\u00e9rifs aux \u00c9tats-Unis, gardiens d\u2019un ordre public fragile Depuis le XIXe si\u00e8cle, les sh\u00e9rifs am\u00e9ricains ont \u00e9t\u00e9 les garants d\u2019un ordre public instable, en particulier dans les territoires frontaliers o\u00f9 l\u2019\u00c9tat central \u00e9tait peu pr\u00e9sent. Dot\u00e9s d\u2019un pouvoir local unique, ils [&hellip;]<\/p>\n","protected":false},"author":3,"featured_media":0,"comment_status":"open","ping_status":"open","sticky":false,"template":"","format":"standard","meta":[],"categories":[1],"tags":[],"yoast_head":"<!-- This site is optimized with the Yoast SEO plugin v20.4 - https:\/\/yoast.com\/wordpress\/plugins\/seo\/ -->\n<title>L\u2019autorit\u00e9 incarn\u00e9e : du sh\u00e9rif \u00e0 l\u2019ic\u00f4ne du cowboy - MC AMB<\/title>\n<meta name=\"robots\" content=\"index, follow, max-snippet:-1, max-image-preview:large, max-video-preview:-1\" \/>\n<link rel=\"canonical\" href=\"https:\/\/mcamb.eng.br\/blog\/l-autorite-incarnee-du-sherif-a-l-icone-du-cowboy\/\" \/>\n<meta property=\"og:locale\" content=\"pt_BR\" \/>\n<meta property=\"og:type\" content=\"article\" \/>\n<meta property=\"og:title\" content=\"L\u2019autorit\u00e9 incarn\u00e9e : du sh\u00e9rif \u00e0 l\u2019ic\u00f4ne du cowboy - MC AMB\" \/>\n<meta property=\"og:description\" content=\"L\u2019autorit\u00e9 symbolique des sh\u00e9rifs : plus qu\u2019un simple pouvoir a. Le r\u00f4le historique des sh\u00e9rifs aux \u00c9tats-Unis, gardiens d\u2019un ordre public fragile Depuis le XIXe si\u00e8cle, les sh\u00e9rifs am\u00e9ricains ont \u00e9t\u00e9 les garants d\u2019un ordre public instable, en particulier dans les territoires frontaliers o\u00f9 l\u2019\u00c9tat central \u00e9tait peu pr\u00e9sent. Dot\u00e9s d\u2019un pouvoir local unique, ils [&hellip;]\" \/>\n<meta property=\"og:url\" content=\"https:\/\/mcamb.eng.br\/blog\/l-autorite-incarnee-du-sherif-a-l-icone-du-cowboy\/\" \/>\n<meta property=\"og:site_name\" content=\"MC AMB\" \/>\n<meta property=\"article:publisher\" content=\"https:\/\/www.facebook.com\/mcambengamb\" \/>\n<meta property=\"article:published_time\" content=\"2025-06-12T01:49:23+00:00\" \/>\n<meta property=\"article:modified_time\" content=\"2025-11-24T12:52:55+00:00\" \/>\n<meta property=\"og:image\" content=\"https:\/\/mcamb.eng.br\/blog\/wp-content\/uploads\/2023\/03\/logo.webp\" \/>\n\t<meta property=\"og:image:width\" content=\"220\" \/>\n\t<meta property=\"og:image:height\" content=\"176\" \/>\n\t<meta property=\"og:image:type\" content=\"image\/webp\" \/>\n<meta name=\"author\" content=\"Felipe Fiatikoski Angelo\" \/>\n<meta name=\"twitter:card\" content=\"summary_large_image\" \/>\n<meta name=\"twitter:label1\" content=\"Escrito por\" \/>\n\t<meta name=\"twitter:data1\" content=\"Felipe Fiatikoski Angelo\" \/>\n\t<meta name=\"twitter:label2\" content=\"Est. tempo de leitura\" \/>\n\t<meta name=\"twitter:data2\" content=\"8 minutos\" \/>\n<script type=\"application\/ld+json\" class=\"yoast-schema-graph\">{\"@context\":\"https:\/\/schema.org\",\"@graph\":[{\"@type\":\"Article\",\"@id\":\"https:\/\/mcamb.eng.br\/blog\/l-autorite-incarnee-du-sherif-a-l-icone-du-cowboy\/#article\",\"isPartOf\":{\"@id\":\"https:\/\/mcamb.eng.br\/blog\/l-autorite-incarnee-du-sherif-a-l-icone-du-cowboy\/\"},\"author\":{\"name\":\"Felipe Fiatikoski Angelo\",\"@id\":\"https:\/\/mcamb.eng.br\/blog\/#\/schema\/person\/a442e8e8ffde488aa5d57fd80e93d314\"},\"headline\":\"L\u2019autorit\u00e9 incarn\u00e9e : du sh\u00e9rif \u00e0 l\u2019ic\u00f4ne du cowboy\",\"datePublished\":\"2025-06-12T01:49:23+00:00\",\"dateModified\":\"2025-11-24T12:52:55+00:00\",\"mainEntityOfPage\":{\"@id\":\"https:\/\/mcamb.eng.br\/blog\/l-autorite-incarnee-du-sherif-a-l-icone-du-cowboy\/\"},\"wordCount\":1611,\"commentCount\":0,\"publisher\":{\"@id\":\"https:\/\/mcamb.eng.br\/blog\/#organization\"},\"inLanguage\":\"pt-BR\",\"potentialAction\":[{\"@type\":\"CommentAction\",\"name\":\"Comment\",\"target\":[\"https:\/\/mcamb.eng.br\/blog\/l-autorite-incarnee-du-sherif-a-l-icone-du-cowboy\/#respond\"]}]},{\"@type\":\"WebPage\",\"@id\":\"https:\/\/mcamb.eng.br\/blog\/l-autorite-incarnee-du-sherif-a-l-icone-du-cowboy\/\",\"url\":\"https:\/\/mcamb.eng.br\/blog\/l-autorite-incarnee-du-sherif-a-l-icone-du-cowboy\/\",\"name\":\"L\u2019autorit\u00e9 incarn\u00e9e : du sh\u00e9rif \u00e0 l\u2019ic\u00f4ne du cowboy - MC AMB\",\"isPartOf\":{\"@id\":\"https:\/\/mcamb.eng.br\/blog\/#website\"},\"datePublished\":\"2025-06-12T01:49:23+00:00\",\"dateModified\":\"2025-11-24T12:52:55+00:00\",\"breadcrumb\":{\"@id\":\"https:\/\/mcamb.eng.br\/blog\/l-autorite-incarnee-du-sherif-a-l-icone-du-cowboy\/#breadcrumb\"},\"inLanguage\":\"pt-BR\",\"potentialAction\":[{\"@type\":\"ReadAction\",\"target\":[\"https:\/\/mcamb.eng.br\/blog\/l-autorite-incarnee-du-sherif-a-l-icone-du-cowboy\/\"]}]},{\"@type\":\"BreadcrumbList\",\"@id\":\"https:\/\/mcamb.eng.br\/blog\/l-autorite-incarnee-du-sherif-a-l-icone-du-cowboy\/#breadcrumb\",\"itemListElement\":[{\"@type\":\"ListItem\",\"position\":1,\"name\":\"In\u00edcio\",\"item\":\"https:\/\/mcamb.eng.br\/blog\/\"},{\"@type\":\"ListItem\",\"position\":2,\"name\":\"L\u2019autorit\u00e9 incarn\u00e9e : du sh\u00e9rif \u00e0 l\u2019ic\u00f4ne du cowboy\"}]},{\"@type\":\"WebSite\",\"@id\":\"https:\/\/mcamb.eng.br\/blog\/#website\",\"url\":\"https:\/\/mcamb.eng.br\/blog\/\",\"name\":\"MC AMB\",\"description\":\"Regulariza\u00e7\u00e3o Ambiental, Topografia e Seguran\u00e7a do Trabalho\",\"publisher\":{\"@id\":\"https:\/\/mcamb.eng.br\/blog\/#organization\"},\"potentialAction\":[{\"@type\":\"SearchAction\",\"target\":{\"@type\":\"EntryPoint\",\"urlTemplate\":\"https:\/\/mcamb.eng.br\/blog\/?s={search_term_string}\"},\"query-input\":\"required name=search_term_string\"}],\"inLanguage\":\"pt-BR\"},{\"@type\":\"Organization\",\"@id\":\"https:\/\/mcamb.eng.br\/blog\/#organization\",\"name\":\"MC AMB\",\"url\":\"https:\/\/mcamb.eng.br\/blog\/\",\"logo\":{\"@type\":\"ImageObject\",\"inLanguage\":\"pt-BR\",\"@id\":\"https:\/\/mcamb.eng.br\/blog\/#\/schema\/logo\/image\/\",\"url\":\"https:\/\/mcamb.eng.br\/blog\/wp-content\/uploads\/2023\/03\/logo.webp\",\"contentUrl\":\"https:\/\/mcamb.eng.br\/blog\/wp-content\/uploads\/2023\/03\/logo.webp\",\"width\":220,\"height\":176,\"caption\":\"MC AMB\"},\"image\":{\"@id\":\"https:\/\/mcamb.eng.br\/blog\/#\/schema\/logo\/image\/\"},\"sameAs\":[\"https:\/\/www.facebook.com\/mcambengamb\",\"https:\/\/www.instagram.com\/mcambengenharia\/\"]},{\"@type\":\"Person\",\"@id\":\"https:\/\/mcamb.eng.br\/blog\/#\/schema\/person\/a442e8e8ffde488aa5d57fd80e93d314\",\"name\":\"Felipe Fiatikoski Angelo\",\"image\":{\"@type\":\"ImageObject\",\"inLanguage\":\"pt-BR\",\"@id\":\"https:\/\/mcamb.eng.br\/blog\/#\/schema\/person\/image\/\",\"url\":\"https:\/\/secure.gravatar.com\/avatar\/3ac7ccd215ee9c749dc685397b946f91?s=96&d=mm&r=g\",\"contentUrl\":\"https:\/\/secure.gravatar.com\/avatar\/3ac7ccd215ee9c749dc685397b946f91?s=96&d=mm&r=g\",\"caption\":\"Felipe Fiatikoski Angelo\"},\"url\":\"https:\/\/mcamb.eng.br\/blog\/author\/felipe\/\"}]}<\/script>\n<!-- \/ Yoast SEO plugin. -->","yoast_head_json":{"title":"L\u2019autorit\u00e9 incarn\u00e9e : du sh\u00e9rif \u00e0 l\u2019ic\u00f4ne du cowboy - MC AMB","robots":{"index":"index","follow":"follow","max-snippet":"max-snippet:-1","max-image-preview":"max-image-preview:large","max-video-preview":"max-video-preview:-1"},"canonical":"https:\/\/mcamb.eng.br\/blog\/l-autorite-incarnee-du-sherif-a-l-icone-du-cowboy\/","og_locale":"pt_BR","og_type":"article","og_title":"L\u2019autorit\u00e9 incarn\u00e9e : du sh\u00e9rif \u00e0 l\u2019ic\u00f4ne du cowboy - MC AMB","og_description":"L\u2019autorit\u00e9 symbolique des sh\u00e9rifs : plus qu\u2019un simple pouvoir a. Le r\u00f4le historique des sh\u00e9rifs aux \u00c9tats-Unis, gardiens d\u2019un ordre public fragile Depuis le XIXe si\u00e8cle, les sh\u00e9rifs am\u00e9ricains ont \u00e9t\u00e9 les garants d\u2019un ordre public instable, en particulier dans les territoires frontaliers o\u00f9 l\u2019\u00c9tat central \u00e9tait peu pr\u00e9sent. Dot\u00e9s d\u2019un pouvoir local unique, ils [&hellip;]","og_url":"https:\/\/mcamb.eng.br\/blog\/l-autorite-incarnee-du-sherif-a-l-icone-du-cowboy\/","og_site_name":"MC AMB","article_publisher":"https:\/\/www.facebook.com\/mcambengamb","article_published_time":"2025-06-12T01:49:23+00:00","article_modified_time":"2025-11-24T12:52:55+00:00","og_image":[{"width":220,"height":176,"url":"https:\/\/mcamb.eng.br\/blog\/wp-content\/uploads\/2023\/03\/logo.webp","type":"image\/webp"}],"author":"Felipe Fiatikoski Angelo","twitter_card":"summary_large_image","twitter_misc":{"Escrito por":"Felipe Fiatikoski Angelo","Est. tempo de leitura":"8 minutos"},"schema":{"@context":"https:\/\/schema.org","@graph":[{"@type":"Article","@id":"https:\/\/mcamb.eng.br\/blog\/l-autorite-incarnee-du-sherif-a-l-icone-du-cowboy\/#article","isPartOf":{"@id":"https:\/\/mcamb.eng.br\/blog\/l-autorite-incarnee-du-sherif-a-l-icone-du-cowboy\/"},"author":{"name":"Felipe Fiatikoski Angelo","@id":"https:\/\/mcamb.eng.br\/blog\/#\/schema\/person\/a442e8e8ffde488aa5d57fd80e93d314"},"headline":"L\u2019autorit\u00e9 incarn\u00e9e : du sh\u00e9rif \u00e0 l\u2019ic\u00f4ne du cowboy","datePublished":"2025-06-12T01:49:23+00:00","dateModified":"2025-11-24T12:52:55+00:00","mainEntityOfPage":{"@id":"https:\/\/mcamb.eng.br\/blog\/l-autorite-incarnee-du-sherif-a-l-icone-du-cowboy\/"},"wordCount":1611,"commentCount":0,"publisher":{"@id":"https:\/\/mcamb.eng.br\/blog\/#organization"},"inLanguage":"pt-BR","potentialAction":[{"@type":"CommentAction","name":"Comment","target":["https:\/\/mcamb.eng.br\/blog\/l-autorite-incarnee-du-sherif-a-l-icone-du-cowboy\/#respond"]}]},{"@type":"WebPage","@id":"https:\/\/mcamb.eng.br\/blog\/l-autorite-incarnee-du-sherif-a-l-icone-du-cowboy\/","url":"https:\/\/mcamb.eng.br\/blog\/l-autorite-incarnee-du-sherif-a-l-icone-du-cowboy\/","name":"L\u2019autorit\u00e9 incarn\u00e9e : du sh\u00e9rif \u00e0 l\u2019ic\u00f4ne du cowboy - MC AMB","isPartOf":{"@id":"https:\/\/mcamb.eng.br\/blog\/#website"},"datePublished":"2025-06-12T01:49:23+00:00","dateModified":"2025-11-24T12:52:55+00:00","breadcrumb":{"@id":"https:\/\/mcamb.eng.br\/blog\/l-autorite-incarnee-du-sherif-a-l-icone-du-cowboy\/#breadcrumb"},"inLanguage":"pt-BR","potentialAction":[{"@type":"ReadAction","target":["https:\/\/mcamb.eng.br\/blog\/l-autorite-incarnee-du-sherif-a-l-icone-du-cowboy\/"]}]},{"@type":"BreadcrumbList","@id":"https:\/\/mcamb.eng.br\/blog\/l-autorite-incarnee-du-sherif-a-l-icone-du-cowboy\/#breadcrumb","itemListElement":[{"@type":"ListItem","position":1,"name":"In\u00edcio","item":"https:\/\/mcamb.eng.br\/blog\/"},{"@type":"ListItem","position":2,"name":"L\u2019autorit\u00e9 incarn\u00e9e : du sh\u00e9rif \u00e0 l\u2019ic\u00f4ne du cowboy"}]},{"@type":"WebSite","@id":"https:\/\/mcamb.eng.br\/blog\/#website","url":"https:\/\/mcamb.eng.br\/blog\/","name":"MC AMB","description":"Regulariza\u00e7\u00e3o Ambiental, Topografia e Seguran\u00e7a do Trabalho","publisher":{"@id":"https:\/\/mcamb.eng.br\/blog\/#organization"},"potentialAction":[{"@type":"SearchAction","target":{"@type":"EntryPoint","urlTemplate":"https:\/\/mcamb.eng.br\/blog\/?s={search_term_string}"},"query-input":"required name=search_term_string"}],"inLanguage":"pt-BR"},{"@type":"Organization","@id":"https:\/\/mcamb.eng.br\/blog\/#organization","name":"MC AMB","url":"https:\/\/mcamb.eng.br\/blog\/","logo":{"@type":"ImageObject","inLanguage":"pt-BR","@id":"https:\/\/mcamb.eng.br\/blog\/#\/schema\/logo\/image\/","url":"https:\/\/mcamb.eng.br\/blog\/wp-content\/uploads\/2023\/03\/logo.webp","contentUrl":"https:\/\/mcamb.eng.br\/blog\/wp-content\/uploads\/2023\/03\/logo.webp","width":220,"height":176,"caption":"MC AMB"},"image":{"@id":"https:\/\/mcamb.eng.br\/blog\/#\/schema\/logo\/image\/"},"sameAs":["https:\/\/www.facebook.com\/mcambengamb","https:\/\/www.instagram.com\/mcambengenharia\/"]},{"@type":"Person","@id":"https:\/\/mcamb.eng.br\/blog\/#\/schema\/person\/a442e8e8ffde488aa5d57fd80e93d314","name":"Felipe Fiatikoski Angelo","image":{"@type":"ImageObject","inLanguage":"pt-BR","@id":"https:\/\/mcamb.eng.br\/blog\/#\/schema\/person\/image\/","url":"https:\/\/secure.gravatar.com\/avatar\/3ac7ccd215ee9c749dc685397b946f91?s=96&d=mm&r=g","contentUrl":"https:\/\/secure.gravatar.com\/avatar\/3ac7ccd215ee9c749dc685397b946f91?s=96&d=mm&r=g","caption":"Felipe Fiatikoski Angelo"},"url":"https:\/\/mcamb.eng.br\/blog\/author\/felipe\/"}]}},"_links":{"self":[{"href":"https:\/\/mcamb.eng.br\/blog\/wp-json\/wp\/v2\/posts\/833"}],"collection":[{"href":"https:\/\/mcamb.eng.br\/blog\/wp-json\/wp\/v2\/posts"}],"about":[{"href":"https:\/\/mcamb.eng.br\/blog\/wp-json\/wp\/v2\/types\/post"}],"author":[{"embeddable":true,"href":"https:\/\/mcamb.eng.br\/blog\/wp-json\/wp\/v2\/users\/3"}],"replies":[{"embeddable":true,"href":"https:\/\/mcamb.eng.br\/blog\/wp-json\/wp\/v2\/comments?post=833"}],"version-history":[{"count":1,"href":"https:\/\/mcamb.eng.br\/blog\/wp-json\/wp\/v2\/posts\/833\/revisions"}],"predecessor-version":[{"id":834,"href":"https:\/\/mcamb.eng.br\/blog\/wp-json\/wp\/v2\/posts\/833\/revisions\/834"}],"wp:attachment":[{"href":"https:\/\/mcamb.eng.br\/blog\/wp-json\/wp\/v2\/media?parent=833"}],"wp:term":[{"taxonomy":"category","embeddable":true,"href":"https:\/\/mcamb.eng.br\/blog\/wp-json\/wp\/v2\/categories?post=833"},{"taxonomy":"post_tag","embeddable":true,"href":"https:\/\/mcamb.eng.br\/blog\/wp-json\/wp\/v2\/tags?post=833"}],"curies":[{"name":"wp","href":"https:\/\/api.w.org\/{rel}","templated":true}]}}